{"id":287529,"date":"2025-07-31T20:54:12","date_gmt":"2025-07-31T20:54:12","guid":{"rendered":"https:\/\/www.europesays.com\/fr\/287529\/"},"modified":"2025-07-31T20:54:12","modified_gmt":"2025-07-31T20:54:12","slug":"apres-une-annee-en-dents-de-scie-leon-marchand-en-forme-olympique-aux-mondiaux-de-singapour-liberation","status":"publish","type":"post","link":"https:\/\/www.europesays.com\/fr\/287529\/","title":{"rendered":"apr\u00e8s une ann\u00e9e en dents de scie, L\u00e9on Marchand en forme olympique aux Mondiaux de Singapour \u2013 Lib\u00e9ration"},"content":{"rendered":"<p class=\"sc-ksZaOG ehjQrN text-element\">En regardant L\u00e9on Marchand entrer t\u00eate la premi\u00e8re avec ses lunettes dor\u00e9es, jeudi 31 juillet, dans les eaux du Sports Hub de Singapour, la question n\u2019\u00e9tait pas tant de savoir si le Toulousain allait toucher le mur en premier \u00e0 l\u2019arriv\u00e9e. Mais plut\u00f4t de voir si son chrono <a href=\"https:\/\/www.liberation.fr\/sports\/mondiaux-de-natation-leon-marchand-domine-les-series-du-200-m-4-nages-pour-son-entree-en-lice-20250730_3TW6VPJQRNGX5DJ237RLXKRUZM\/\" target=\"_blank\" rel=\"noreferrer noopener\" title=\"https:\/\/www.liberation.fr\/sports\/mondiaux-de-natation-leon-marchand-domine-les-series-du-200-m-4-nages-pour-son-entree-en-lice-20250730_3TW6VPJQRNGX5DJ237RLXKRUZM\/\">serait encore inf\u00e9rieur \u00e0 celui r\u00e9alis\u00e9 la veille<\/a>, lorsque le Fran\u00e7ais avait sid\u00e9r\u00e9 ses voisins de ligne d\u2019eau en demi-finale, en rabotant d\u2019une seconde et 31 centi\u00e8mes (1\u203252\u2019&rsquo;69) le record du monde de l\u2019Am\u00e9ricain Ryan Lochte, qui datait de 2014.<\/p>\n<p class=\"sc-ksZaOG ehjQrN text-element\">Le \u00abroi L\u00e9on\u00bb aura certes \u00e9t\u00e9 moins supersonique en finale du 200 m quatre nages. Reste qu\u2019en avalant ses quatre longueurs en 1\u203253\u2032&rsquo;68, il a sign\u00e9 la deuxi\u00e8me meilleure performance de l\u2019histoire, et s\u2019est surtout offert une troisi\u00e8me couronne mondiale cons\u00e9cutive sur la distance, devant ses deux copains, ses partenaires d\u2019entra\u00eenement aux Etats-Unis, l\u2019Am\u00e9ricain Shaine Casas (1\u203254\u2032&rsquo;30) et le Hongrois Hubert Kos (1\u203255\u2032&rsquo;34).<\/p>\n<p class=\"sc-ksZaOG ehjQrN text-element\">Casas est m\u00eame rest\u00e9 \u00e9tonnement longtemps dans ses radars, finissant avec un chrono meilleur que le record personnel de Michael Phelps. Pour une fois, le Fran\u00e7ais a paru moins facile. \u00abJe savais que \u00e7a allait \u00eatre dur, parce que j\u2019ai tr\u00e8s mal dormi la nuit derni\u00e8re. J\u2019\u00e9tais tout excit\u00e9, j\u2019avais beaucoup d\u2019adr\u00e9naline, a admis le hors-bord toulousain. J\u2019ai essay\u00e9 de lire, de me calmer, mais ce n\u2019\u00e9tait pas facile. J\u2019avais un flot de pens\u00e9es constant. [\u2026] J\u2019ai pris de la m\u00e9latonine pour m\u2019endormir rapidement\u2026 Impossible. J\u2019ai rat\u00e9 le train.\u00bb<\/p>\n<p class=\"sc-ksZaOG ehjQrN text-element\">Le Texan est malgr\u00e9 tout arriv\u00e9 \u00e0 l\u2019heure sur le sautoir, offrant au public une valse \u00e0 quatre temps ma\u00eetris\u00e9e, sans fausse note. Le voil\u00e0 d\u00e9sormais d\u00e9tenteur de six couronnes mondiales, dont trois cons\u00e9cutives sur cette distance.<\/p>\n<p class=\"sc-ksZaOG ehjQrN text-element\">Premi\u00e8re partie de mission accomplie <a href=\"https:\/\/www.liberation.fr\/sports\/paris-2024-ce-nest-pas-son-apogee-leon-marchand-vise-toujours-plus-haut-aux-mondiaux-de-natation-20250729_QZ4YPEGQRNHCRGNMGZ5472FMT4\/\" target=\"_blank\" rel=\"noreferrer noopener\" title=\"https:\/\/www.liberation.fr\/sports\/paris-2024-ce-nest-pas-son-apogee-leon-marchand-vise-toujours-plus-haut-aux-mondiaux-de-natation-20250729_QZ4YPEGQRNHCRGNMGZ5472FMT4\/\">pour le h\u00e9ros des JO<\/a>, qui d\u00e9barquait en Asie avec peu de rep\u00e8res, mais assur\u00e9 et confiant. Le cerveau remis \u00e0 l\u2019endroit, apr\u00e8s une ann\u00e9e post-Jeux en dents de scie.<\/p>\n<p class=\"sc-ksZaOG ehjQrN text-element\">Il a d\u2019abord d\u00fb se confronter \u00e0 l\u2019inconnu, \u00e0 ce nouveau statut de superstar du sport tricolore, ph\u00e9nom\u00e8ne plan\u00e9taire des bassins aux quatre titres olympiques, alimentant la transe collective dans tout le pays l\u2019\u00e9t\u00e9 dernier. Dans ces conditions, comment reprend-on le cours de son existence, tout en pr\u00e9parant la suite ?<\/p>\n<p class=\"sc-ksZaOG ehjQrN text-element\">\u00abC\u2019est une ann\u00e9e un petit peu diff\u00e9rente des autres\u00bb, reconna\u00eet Nicolas Castel, son entra\u00eeneur historique \u00e0 Toulouse, qui le suit depuis ses 12 ans, aux c\u00f4t\u00e9s de son autre entra\u00eeneur <a href=\"https:\/\/www.liberation.fr\/sports\/jeux-olympiques\/championnats-de-france-de-natation-bob-bowman-larme-au-service-de-leon-marchand-20240618_CZ7A3AIH2FBUFJROUG3SNWRTTE\/\" target=\"_blank\" rel=\"noreferrer noopener\" title=\"https:\/\/www.liberation.fr\/sports\/jeux-olympiques\/championnats-de-france-de-natation-bob-bowman-larme-au-service-de-leon-marchand-20240618_CZ7A3AIH2FBUFJROUG3SNWRTTE\/\">Bob Bowman<\/a>, aux Etats-Unis. \u00abApr\u00e8s les Jeux, il y a eu une p\u00e9riode o\u00f9 c\u2019\u00e9tait un peu plus compliqu\u00e9 de reprendre l\u2019entra\u00eenement. Donc il a fallu lui laisser du temps pour profiter, se r\u00e9g\u00e9n\u00e9rer, se reposer.\u00bb<\/p>\n<p class=\"sc-ksZaOG ehjQrN text-element\">L\u00e9on Marchand a pris son temps. Il s\u2019est pos\u00e9 pour r\u00e9fl\u00e9chir \u00e0 une pr\u00e9paration sur-mesure, \u00e9court\u00e9e, en ciblant un nombre restreint de comp\u00e9titions. Il a ax\u00e9 son d\u00e9but 2025 en travaillant autour de ses deux points faibles : le crawl et le dos. Avec en ligne de mire cette qu\u00eate de record du monde sur 200 m quatre nages. Qu\u00eate renforc\u00e9e d\u00e9but novembre, lorsqu\u2019il s\u2019est empar\u00e9 du record de Lochte, d\u00e9j\u00e0 \u00e0 Singapour, mais en petit bassin (25 m au lieu de 50 m, 1\u203248\u2032&rsquo;88 contre 1\u203249\u2032&rsquo;63 en 2012).<\/p>\n<p class=\"sc-ksZaOG ehjQrN text-element\">Un semblant de reprise. A l\u2019\u00e9poque, la fatigue g\u00e9n\u00e9rale le rattrape. Le quadruple champion olympique d\u00e9cide alors de s\u2019exiler. Il prend un billet pour l\u2019Australie. Il y reste trois mois, dont une partie du temps \u00e0 Brisbane, entre d\u00e9couverte du pays et sessions de surf sur la Gold Coast. On l\u2019aper\u00e7oit aussi dans les trav\u00e9es \u00e0 Melbourne pour la finale de l\u2019Open de tennis, ou encore dans les paddocks du Grand Prix de Formule 1. Le Toulousain n\u2019a pas fait que du tourisme : il a aussi plong\u00e9 sous les ordres de Dean Boxall, une sorte de Philippe Lucas national, qui a fa\u00e7onn\u00e9 les Australiennes Ariarne Titmus ou Mollie O\u2019Callaghan, aujourd\u2019hui deux reines de la natation mondiale.<\/p>\n<p class=\"sc-ksZaOG ehjQrN text-element\">En r\u00e9alit\u00e9, \u00abce n\u2019\u00e9tait pas vraiment une pause\u00bb en Australie, corrige Castel. \u00abCe n\u2019\u00e9tait pas \u201cplage et soleil\u201d, l\u2019id\u00e9e c\u2019\u00e9tait d\u2019aller voir un peu ce qui se passe ailleurs dans le monde de la natation, parce qu\u2019il n\u2019y a pas qu\u2019une seule fa\u00e7on de faire. C\u2019est bien parfois d\u2019aller explorer d\u2019autres choses. Il s\u2019est entra\u00een\u00e9 et a repris une forme physique assez rapidement.\u00bb<\/p>\n<p class=\"sc-ksZaOG ehjQrN text-element\">Retourn\u00e9 au printemps dans les piscines texanes, il a ensuite s\u00e9lectionn\u00e9 avec son \u00e9quipe trois courses de reprise. Fait rarissime : la F\u00e9d\u00e9ration fran\u00e7aise de natation l\u2019a exempt\u00e9 d\u2019une participation aux championnats de France mi-mai, lui \u00e9vitant ainsi un aller-retour \u00e9reintant, avec ces sollicitations m\u00e9diatiques et populaires annexes qui prennent de l\u2019\u00e9nergie. Une sorte de remerciement pour service rendu \u00e0 la Nation.<\/p>\n<p class=\"sc-ksZaOG ehjQrN text-element\">L\u00e9on Marchand le rend bien \u00e0 la FFN cette semaine. Il peut d\u00e9sormais se pr\u00e9parer sereinement pour la troisi\u00e8me partie de son plan : conserver son titre sur 400 m quatre nages. Une distance dont il est aussi d\u00e9tenteur du meilleur chrono mondial, un record qu\u2019il avait rafl\u00e9 lors des derniers Mondiaux de Fukuoka, en 2023. Bis repetita dimanche ?<\/p>\n<p class=\"sc-ksZaOG ehjQrN text-element\"><b>Mis \u00e0 jour<\/b> \u00e0 18 heures avec davantage de contexte.<\/p>\n","protected":false},"excerpt":{"rendered":"En regardant L\u00e9on Marchand entrer t\u00eate la premi\u00e8re avec ses lunettes dor\u00e9es, jeudi 31 juillet, dans les eaux&hellip;\n","protected":false},"author":2,"featured_media":287530,"comment_status":"","ping_status":"","sticky":false,"template":"","format":"standard","meta":{"footnotes":""},"categories":[2],"tags":[11,1011,27,13283,5216,12,25],"class_list":{"0":"post-287529","1":"post","2":"type-post","3":"status-publish","4":"format-standard","5":"has-post-thumbnail","7":"category-actualites","8":"tag-actualites","9":"tag-fr","10":"tag-france","11":"tag-leon-marchand","12":"tag-natation","13":"tag-news","14":"tag-republique-francaise"},"share_on_mastodon":{"url":"https:\/\/pubeurope.com\/@fr\/114949840085080374","error":""},"_links":{"self":[{"href":"https:\/\/www.europesays.com\/fr\/wp-json\/wp\/v2\/posts\/287529","targetHints":{"allow":["GET"]}}],"collection":[{"href":"https:\/\/www.europesays.com\/fr\/wp-json\/wp\/v2\/posts"}],"about":[{"href":"https:\/\/www.europesays.com\/fr\/wp-json\/wp\/v2\/types\/post"}],"author":[{"embeddable":true,"href":"https:\/\/www.europesays.com\/fr\/wp-json\/wp\/v2\/users\/2"}],"replies":[{"embeddable":true,"href":"https:\/\/www.europesays.com\/fr\/wp-json\/wp\/v2\/comments?post=287529"}],"version-history":[{"count":0,"href":"https:\/\/www.europesays.com\/fr\/wp-json\/wp\/v2\/posts\/287529\/revisions"}],"wp:featuredmedia":[{"embeddable":true,"href":"https:\/\/www.europesays.com\/fr\/wp-json\/wp\/v2\/media\/287530"}],"wp:attachment":[{"href":"https:\/\/www.europesays.com\/fr\/wp-json\/wp\/v2\/media?parent=287529"}],"wp:term":[{"taxonomy":"category","embeddable":true,"href":"https:\/\/www.europesays.com\/fr\/wp-json\/wp\/v2\/categories?post=287529"},{"taxonomy":"post_tag","embeddable":true,"href":"https:\/\/www.europesays.com\/fr\/wp-json\/wp\/v2\/tags?post=287529"}],"curies":[{"name":"wp","href":"https:\/\/api.w.org\/{rel}","templated":true}]}}