{"id":287538,"date":"2025-07-31T21:02:19","date_gmt":"2025-07-31T21:02:19","guid":{"rendered":"https:\/\/www.europesays.com\/fr\/287538\/"},"modified":"2025-07-31T21:02:19","modified_gmt":"2025-07-31T21:02:19","slug":"formule-1-derniere-fete-sur-le-podium-des-freres-schumacher","status":"publish","type":"post","link":"https:\/\/www.europesays.com\/fr\/287538\/","title":{"rendered":"Formule 1 | Derni\u00e8re f\u00eate sur le podium des fr\u00e8res Schumacher"},"content":{"rendered":"<p>Michael et Ralf Schumacher incarnent sans conteste le duo fraternel le plus couronn\u00e9 de succ\u00e8s de l\u2019histoire de la Formule 1. Michael, l\u2019a\u00een\u00e9, reste une l\u00e9gende vivante avec ses sept titres mondiaux, tandis que Ralf, avec ses 27 podiums, a aussi marqu\u00e9 la discipline de son empreinte. Ensemble, ils ont c\u00e9l\u00e9br\u00e9 pas moins de 16 podiums communs, la derni\u00e8re fois remontant exactement \u00e0 vingt ans, le 31 juillet 2005.<\/p>\n<p>Entre 1997 et 2006, les deux fr\u00e8res ont partag\u00e9 la piste pendant une d\u00e9cennie. C\u2019est \u00e0 cette \u00e9poque que Michael a remport\u00e9 cinq de ses titres mondiaux sous les couleurs Ferrari, p\u00e9riode qui est d\u00e9sormais connue sous le nom d\u2019\u201d\u00e8re Schumi\u201d dans le grand livre de la Formule 1.<\/p>\n<p>De son c\u00f4t\u00e9, Ralf n\u2019a jamais vraiment lutt\u00e9 pour la victoire en Grand Prix, mais s\u2019est r\u00e9guli\u00e8rement illustr\u00e9 en marquant des points, notamment chez Jordan, Williams et Toyota.<\/p>\n<p>Leur premi\u00e8re apparition commune sur le podium remonte au d\u00e9but de la saison 2000, \u00e0 Melbourne, o\u00f9 Michael s\u2019imposait en route vers son premier sacre chez Ferrari, avec Ralf compl\u00e9tant le podium \u00e0 la troisi\u00e8me place. Leur dernier triomphe familial sur le podium eut lieu sur le circuit du Hungaroring, le 31 juillet 2005, lorsque Michael termina deuxi\u00e8me \u00e0 seulement 0,6 seconde devant Ralf.<\/p>\n<p><img loading=\"lazy\" data-lazyloaded=\"1\" width=\"1024\" height=\"576\" decoding=\"async\" src=\"https:\/\/www.europesays.com\/fr\/wp-content\/uploads\/2025\/07\/Formule-1-Derniere-fete-sur-le-podium-des-freres.jpg\" alt=\"Michael et Ralf Schumacher sur le podium\"\/><br \/>Le tournant de 2005 avec l\u2019arriv\u00e9e d\u2019Alonso<\/p>\n<p>La saison 2005 marqua la fin de l\u2019h\u00e9g\u00e9monie incontest\u00e9e de Ferrari en Formule 1. Michael Schumacher avait alors encha\u00een\u00e9 cinq titres cons\u00e9cutifs, un record encore in\u00e9gal\u00e9 aujourd\u2019hui. Mais cette ann\u00e9e-l\u00e0, un certain Fernando Alonso commen\u00e7a \u00e0 bousculer cet ordre \u00e9tabli. Sous la houlette du charismatique Flavio Briatore, l\u2019Espagnol encha\u00eenait les victoires au volant de sa Renault, remportant notamment la course \u00e0 domicile de Michael \u00e0 Hockenheim, juste avant le Grand Prix de Hongrie.<\/p>\n<p>\u00c0 Budapest, le match semblait encore en faveur du pilote allemand : Michael d\u00e9crocha la pole position et prit le d\u00e9part en t\u00eate. Alonso dut n\u00e9anmoins abandonner pr\u00e9matur\u00e9ment apr\u00e8s une collision avec Ralf Schumacher au premier tour, ce qui l\u2019obligea \u00e0 un arr\u00eat aux stands anticip\u00e9.<\/p>\n<p>Le week-end d\u2019Alonso se termina sur un modeste 11e rang, mais la suite de la saison lui sourit : il monta sur le podium lors des six courses suivantes et d\u00e9crocha finalement son tout premier titre de champion du monde.<\/p>\n<p>La fin d\u2019une \u00e8re chez Ferrari en 2006<\/p>\n<p>Tournons-nous de nouveau vers Budapest. Durant la seconde moiti\u00e9 de la course, Kimi R\u00e4ikk\u00f6nen, troisi\u00e8me pr\u00e9tendant au titre cette ann\u00e9e-l\u00e0 avec son McLaren-Mercedes, d\u00e9passa Michael Schumacher, vainqueur de sept Grands Prix cette saison-l\u00e0. L\u2019Allemand perdit pied face \u00e0 R\u00e4ikk\u00f6nen et dut \u00e9galement d\u00e9fendre ch\u00e8rement sa deuxi\u00e8me place contre son fr\u00e8re Ralf, qui poussait fort au volant de sa Toyota.<\/p>\n<p><img loading=\"lazy\" data-lazyloaded=\"1\" width=\"500\" height=\"281\" decoding=\"async\" src=\"https:\/\/www.europesays.com\/fr\/wp-content\/uploads\/2025\/07\/1753978838_337_Formule-1-Derniere-fete-sur-le-podium-des-freres.jpg\" alt=\"Ralf Schumacher met la pression sur son fr\u00e8re Michael\"\/>Ralf Schumacher (\u00e0 gauche) a pouss\u00e9 fort sur son fr\u00e8re lors des derniers tours<\/p>\n<p>Apr\u00e8s 70 tours, Michael et Ralf franchirent la ligne d\u2019arriv\u00e9e en deuxi\u00e8me et troisi\u00e8me position. Ce fut la derni\u00e8re fois que les deux fr\u00e8res se retrouv\u00e8rent ensemble sur le podium.<\/p>\n<p>Michael Schumacher se montra alors plut\u00f4t satisfait du r\u00e9sultat : \u00ab J\u2019esp\u00e9rais pouvoir viser la victoire, mais c\u2019est un grand pas en avant. C\u2019\u00e9tait important pour le moral et la motivation \u00bb, confiait-il. En fin de saison 2005, il perdit sa troisi\u00e8me place au championnat au profit d\u2019Alonso et de R\u00e4ikk\u00f6nen, puis, fin 2006, mit un terme d\u00e9finitif \u00e0 son aventure chez Ferrari.<\/p>\n<p>Alors, en fin de compte, la saga Schumacher est-elle une ode \u00e0 la puissance familiale ou une d\u00e9monstration de l\u2019implacable loi du sport qui veut qu\u2019on ne puisse jamais vraiment partager la victoire \u2013 m\u00eame entre fr\u00e8res ? Chez LesNews, on se demande\u2026 Et vous, vous comptez sur quel cheval pour la prochaine \u00e9pop\u00e9e ?<\/p>\n","protected":false},"excerpt":{"rendered":"Michael et Ralf Schumacher incarnent sans conteste le duo fraternel le plus couronn\u00e9 de succ\u00e8s de l\u2019histoire de&hellip;\n","protected":false},"author":2,"featured_media":287539,"comment_status":"","ping_status":"","sticky":false,"template":"","format":"standard","meta":{"footnotes":""},"categories":[1412],"tags":[1451,1452,1453,1454,1455,1011,27,60],"class_list":{"0":"post-287538","1":"post","2":"type-post","3":"status-publish","4":"format-standard","5":"has-post-thumbnail","7":"category-f1","8":"tag-f1","9":"tag-formula-1","10":"tag-formula1","11":"tag-formule-1","12":"tag-formule1","13":"tag-fr","14":"tag-france","15":"tag-sports"},"share_on_mastodon":{"url":"https:\/\/pubeurope.com\/@fr\/114949871670010900","error":""},"_links":{"self":[{"href":"https:\/\/www.europesays.com\/fr\/wp-json\/wp\/v2\/posts\/287538","targetHints":{"allow":["GET"]}}],"collection":[{"href":"https:\/\/www.europesays.com\/fr\/wp-json\/wp\/v2\/posts"}],"about":[{"href":"https:\/\/www.europesays.com\/fr\/wp-json\/wp\/v2\/types\/post"}],"author":[{"embeddable":true,"href":"https:\/\/www.europesays.com\/fr\/wp-json\/wp\/v2\/users\/2"}],"replies":[{"embeddable":true,"href":"https:\/\/www.europesays.com\/fr\/wp-json\/wp\/v2\/comments?post=287538"}],"version-history":[{"count":0,"href":"https:\/\/www.europesays.com\/fr\/wp-json\/wp\/v2\/posts\/287538\/revisions"}],"wp:featuredmedia":[{"embeddable":true,"href":"https:\/\/www.europesays.com\/fr\/wp-json\/wp\/v2\/media\/287539"}],"wp:attachment":[{"href":"https:\/\/www.europesays.com\/fr\/wp-json\/wp\/v2\/media?parent=287538"}],"wp:term":[{"taxonomy":"category","embeddable":true,"href":"https:\/\/www.europesays.com\/fr\/wp-json\/wp\/v2\/categories?post=287538"},{"taxonomy":"post_tag","embeddable":true,"href":"https:\/\/www.europesays.com\/fr\/wp-json\/wp\/v2\/tags?post=287538"}],"curies":[{"name":"wp","href":"https:\/\/api.w.org\/{rel}","templated":true}]}}