{"id":287545,"date":"2025-07-31T21:06:20","date_gmt":"2025-07-31T21:06:20","guid":{"rendered":"https:\/\/www.europesays.com\/fr\/287545\/"},"modified":"2025-07-31T21:06:20","modified_gmt":"2025-07-31T21:06:20","slug":"les-medievales-de-guillaume-a-decouvrir-ou-redecouvrir-en-photographies","status":"publish","type":"post","link":"https:\/\/www.europesays.com\/fr\/287545\/","title":{"rendered":"Les M\u00e9di\u00e9vales de Guillaume \u00e0 d\u00e9couvrir ou red\u00e9couvrir en photographies"},"content":{"rendered":"<p>            Par<br \/>\n        <strong><br \/>\n            <a href=\"https:\/\/actu.fr\/auteur\/jade-lelieur\" title=\"Consulter tous les articles de Jade Lelieur\" target=\"_blank\" rel=\"noopener\">Jade Lelieur<\/a><br \/>\n        <\/strong><\/p>\n<p>        Publi\u00e9 le<\/p>\n<p>            30 juil. 2025 \u00e0 8h10        <\/p>\n<p>\u00ab Des tournois de chevalerie, des march\u00e9s d\u2019artisans, des bateaux, des festins \u00bb. Ce n\u2019est pas le programme d\u2019un \u00e9v\u00e9nement \u00e0 venir mais d\u2019un d\u00e9j\u00e0 pass\u00e9 qui va avoir une seconde vie. <a href=\"https:\/\/actu.fr\/normandie\/dives-sur-mer_14225\/en-images-dives-sur-mer-les-medievales-ont-offert-un-voyage-dans-le-temps-aux-visiteurs_61524500.html\" target=\"_blank\" rel=\"noopener\">Les M\u00e9di\u00e9vales de Guillaume<\/a>, f\u00eat\u00e9es en 2024 \u00e0 <b>Dives-sur-Mer (Calvados)<\/b> reviennent dans une exposition photos.<\/p>\n<p>3 sites d\u2019exposition<\/p>\n<p class=\" wall-content\">Avec 53 clich\u00e9s r\u00e9alis\u00e9s par le Barry\u2019s Photography et le service communication de la mairie, l\u2019exposition \u00ab Les M\u00e9di\u00e9vales de Guillaume de Dives-sur-Mer : un voyage dans le temps \u00bb s\u2019\u00e9tend sur trois sites : le <a href=\"https:\/\/actu.fr\/normandie\/dives-sur-mer_14225\/dives-sur-mer-un-nouveau-bureau-de-loffice-de-tourisme-installe-parc-andre-lenormand_62792794.html\" target=\"_blank\" rel=\"noopener\">parc Andr\u00e9 Lenormand<\/a>, le devant des halles et \u00e0 l\u2019int\u00e9rieur de <a href=\"https:\/\/actu.fr\/normandie\/dives-sur-mer_14225\/dives-sur-mer-leglise-a-retrouve-sa-maquette-et-une-statue-ancienne-restauree_62052530.html\" target=\"_blank\" rel=\"noopener\">l\u2019\u00e9glise Notre-Dame<\/a>.<\/p>\n<p class=\" wall-content\">Ils n\u2019ont pas \u00e9t\u00e9 choisis au hasard mais bien parce que \u00ab ce sont des sites qui ont \u00e9t\u00e9 importants durant les M\u00e9di\u00e9vales \u00bb, explique le maire de la ville, Pierre Mouraret. Et chaque lieu \u00e0 sa mani\u00e8re d\u2019exposer. Dans le parc, les photos ont \u00e9t\u00e9 plant\u00e9es dans le sol, sur <a href=\"https:\/\/actu.fr\/normandie\/dives-sur-mer_14225\/dives-sur-mer-poursuit-ses-investissements-en-2025-malgre-des-subventions-incertaines_62169289.html\" target=\"_blank\" rel=\"noopener\">les halles<\/a> les panneaux ont \u00e9t\u00e9 accroch\u00e9s \u00e0 l\u2019ext\u00e9rieur, et des chevalets ont \u00e9t\u00e9 dispos\u00e9s dans toute l\u2019\u00e9glise.<\/p>\n<p>    <img   decoding=\"async\" loading=\"lazy\" class=\"size-large\" src=\"https:\/\/www.europesays.com\/fr\/wp-content\/uploads\/2025\/07\/281f966a37886534f966a3788157f9v-960x640.jpg\" alt=\"Dans l'\u00e9glise Notre-Dame de Dives-sur-Mer, les photographies tr\u00f4nent sur des chevalets.\" width=\"960\" height=\"640\"\/><br \/>\n    Dans l\u2019\u00e9glise Notre-Dame de Dives-sur-Mer, les photographies tr\u00f4nent sur des chevalets. \u00a9Jade LelieurLe mill\u00e9naire en ligne de mire<\/p>\n<p class=\" wall-content\">Visible jusqu\u2019au 30\u00a0septembre, cette exposition s\u2019inscrit dans la pr\u00e9paration du mill\u00e9naire de la naissance de <a href=\"https:\/\/actu.fr\/normandie\/dives-sur-mer_14225\/dives-sur-mer-alain-charles-raconte-la-conquete-de-langleterre-par-guillaume-le-conquerant_60555957.html\" target=\"_blank\" rel=\"noopener\">Guillaume le Conqu\u00e9rant<\/a>, en 2027. \u00c0 cette occasion, des M\u00e9di\u00e9vales auront lieu, comme \u00ab bien d\u2019autres projets \u00e0 l\u2019\u00e9chelle r\u00e9gionale mais aussi nationale et m\u00eame internationale. \u00bb Initi\u00e9 en 2022, ce week-end a normalement lieu tous les deux ans mais au vu de l\u2019envergure du mill\u00e9naire, la prochaine date a \u00e9t\u00e9 d\u00e9cal\u00e9e d\u2019un an.<\/p>\n<p class=\" wall-content\">Pour patienter, il est toujours possible de se replonger dans la derni\u00e8re \u00e9dition au travers des photos.<\/p>\n<p>Vid\u00e9os : en ce moment sur Actu<\/p>\n<p class=\" wall-content\">Suivez toute l\u2019actualit\u00e9 de vos villes et m\u00e9dias favoris en vous inscrivant \u00e0 <a href=\"https:\/\/moncompte.actu.fr\" title=\"D\u00e9couvez Mon Actu\" rel=\"nofollow noopener\" data-trk=\"{&quot;cta&quot;:{&quot;action&quot;:&quot;https:\\\/\\\/moncompte.actu.fr&quot;,&quot;category&quot;:&quot;mon compte&quot;,&quot;from&quot;:&quot;article footer&quot;,&quot;name&quot;:&quot;Mon actu&quot;,&quot;type&quot;:&quot;cta&quot;}}\" target=\"_blank\">Mon Actu<\/a>.<\/p>\n","protected":false},"excerpt":{"rendered":"Par Jade Lelieur Publi\u00e9 le 30 juil. 2025 \u00e0 8h10 \u00ab Des tournois de chevalerie, des march\u00e9s d\u2019artisans,&hellip;\n","protected":false},"author":2,"featured_media":287546,"comment_status":"","ping_status":"","sticky":false,"template":"","format":"standard","meta":{"footnotes":""},"categories":[1358],"tags":[1348,1384,1385,1386,58,59,1011,27,19784,29138,1652,1756],"class_list":{"0":"post-287545","1":"post","2":"type-post","3":"status-publish","4":"format-standard","5":"has-post-thumbnail","7":"category-arts-et-design","8":"tag-arts","9":"tag-arts-and-design","10":"tag-arts-et-design","11":"tag-design","12":"tag-divertissement","13":"tag-entertainment","14":"tag-fr","15":"tag-france","16":"tag-guillaume-le-conquerant","17":"tag-halles","18":"tag-loisirs-culture","19":"tag-photographie"},"share_on_mastodon":{"url":"https:\/\/pubeurope.com\/@fr\/114949887380223699","error":""},"_links":{"self":[{"href":"https:\/\/www.europesays.com\/fr\/wp-json\/wp\/v2\/posts\/287545","targetHints":{"allow":["GET"]}}],"collection":[{"href":"https:\/\/www.europesays.com\/fr\/wp-json\/wp\/v2\/posts"}],"about":[{"href":"https:\/\/www.europesays.com\/fr\/wp-json\/wp\/v2\/types\/post"}],"author":[{"embeddable":true,"href":"https:\/\/www.europesays.com\/fr\/wp-json\/wp\/v2\/users\/2"}],"replies":[{"embeddable":true,"href":"https:\/\/www.europesays.com\/fr\/wp-json\/wp\/v2\/comments?post=287545"}],"version-history":[{"count":0,"href":"https:\/\/www.europesays.com\/fr\/wp-json\/wp\/v2\/posts\/287545\/revisions"}],"wp:featuredmedia":[{"embeddable":true,"href":"https:\/\/www.europesays.com\/fr\/wp-json\/wp\/v2\/media\/287546"}],"wp:attachment":[{"href":"https:\/\/www.europesays.com\/fr\/wp-json\/wp\/v2\/media?parent=287545"}],"wp:term":[{"taxonomy":"category","embeddable":true,"href":"https:\/\/www.europesays.com\/fr\/wp-json\/wp\/v2\/categories?post=287545"},{"taxonomy":"post_tag","embeddable":true,"href":"https:\/\/www.europesays.com\/fr\/wp-json\/wp\/v2\/tags?post=287545"}],"curies":[{"name":"wp","href":"https:\/\/api.w.org\/{rel}","templated":true}]}}