{"id":287560,"date":"2025-07-31T21:14:12","date_gmt":"2025-07-31T21:14:12","guid":{"rendered":"https:\/\/www.europesays.com\/fr\/287560\/"},"modified":"2025-07-31T21:14:12","modified_gmt":"2025-07-31T21:14:12","slug":"les-nuits-des-etoiles-a-partir-de-vendredi-et-durant-le-week-end-en-france","status":"publish","type":"post","link":"https:\/\/www.europesays.com\/fr\/287560\/","title":{"rendered":"Les Nuits des \u00e9toiles \u00e0 partir de vendredi et durant le week-end en France"},"content":{"rendered":"<p>                          <img loading=\"lazy\" decoding=\"async\" src=\"https:\/\/www.europesays.com\/fr\/wp-content\/uploads\/2025\/07\/34d26b3_upload-1-bhyrdp4f0521-000-33r243a.jpg\" alt=\"Lors de la \u00ab Nuits des \u00e9toiles \u00bb,  \u00e0 Fontainebleau (Seine-et-Marne),  le 13\u00a0ao\u00fbt 2023.\"   width=\"664\" height=\"443\"\/>    Lors de la \u00ab Nuits des \u00e9toiles \u00bb,  \u00e0 Fontainebleau (Seine-et-Marne),  le 13\u00a0ao\u00fbt 2023.  MIGUEL MEDINA \/ AFP                   <\/p>\n<p class=\"article__paragraph  \">La 35e\u00a0\u00e9dition des Nuits des \u00e9toiles, du vendredi\u00a01er au dimanche 3\u00a0ao\u00fbt, explore les oc\u00e9ans du ciel \u00e0 travers plus de 550\u00a0manifestations. Les 568\u00a0\u00e9v\u00e9nements de cette \u00e9dition, anim\u00e9s par 3\u00a0000\u00a0b\u00e9n\u00e9voles dans les clubs, associations et centres d\u2019astronomie, seront l\u2019occasion de profiter du ciel d\u2019\u00e9t\u00e9.<\/p>\n<p class=\"article__paragraph  \">\u00ab\u00a0On d\u00e9marre par un premier quartier de Lune qui, dans une lunette ou un t\u00e9lescope, est toujours un r\u00e9gal\u00a0\u00bb, a racont\u00e9 Alain Cirou, directeur de la r\u00e9daction de Ciel &amp;\u00a0Espace, lors d\u2019une conf\u00e9rence de presse, jeudi. Quand la nuit s\u2019installe, \u00ab\u00a0vous d\u00e9couvrez les constellations et leurs \u00e9toiles \u2013 V\u00e9ga, Deneb, Alta\u00efr \u2013, qui permettent de s\u2019orienter dans le ciel\u00a0\u00bb, explique-t-il.<\/p>\n<p class=\"article__paragraph  \">\u00ab\u00a0On peut passer la nuit enti\u00e8rement dehors, voir quelques \u00e9toiles filantes, puis Saturne, qui appara\u00eet d\u00e8s que la Lune est couch\u00e9e, jusqu\u2019au petit matin, o\u00f9 il y a une tr\u00e8s belle conjonction entre V\u00e9nus et Jupiter, et finalement l\u2019apparition de Sirius\u00a0\u00bb, a-t-il poursuivi.<\/p>\n<p class=\"article__paragraph  \">Ce genre d\u2019\u00e9v\u00e9nements \u00ab\u00a0suscite des vocations, mais permet aussi d\u2019int\u00e9resser tout le monde \u00e0 la science\u00a0\u00bb, estime Olivier Las Vergnas, pr\u00e9sident de l\u2019Association fran\u00e7aise d\u2019astronomie (AFA). \u00ab\u00a0L\u2019enjeu du partage de la science aujourd\u2019hui, ce n\u2019est pas seulement de former une \u00e9lite, mais d\u2019embarquer tout le monde dans le d\u00e9veloppement d\u2019un esprit critique d\u2019un int\u00e9r\u00eat pour l\u2019environnement au sens large\u00a0\u00bb, souligne-t-il.<\/p>\n<p class=\"article__paragraph  \">L\u2019\u00e9dition 2024 avait accueilli le chiffre sans pr\u00e9c\u00e9dent de 187\u00a0000 participants. La carte des \u00e9v\u00e9nements est disponible sur le <a href=\"https:\/\/www.afastronomie.fr\/les-nuits-des-etoiles\" target=\"_blank\" rel=\"noopener nofollow\" title=\"Nouvelle fen\u00eatre\">site de l\u2019AFA<\/a>.<\/p>\n<p>                                Lire aussi |  <a href=\"https:\/\/www.lemonde.fr\/comprendre-en-3-minutes\/article\/2023\/08\/11\/nuit-des-etoiles-pourquoi-y-a-t-il-tant-d-etoiles-filantes-en-aout-comprendre-en-moins-de-trois-minutes_6185168_6176282.html\" class=\"js-article-read-also catcher--favoris__link\" data-premium=\"\" id=\"article-title-3334600\" rel=\"nofollow noopener\" target=\"_blank\">Nuit des \u00e9toiles\u00a0: pourquoi y a-t-il tant d\u2019\u00e9toiles filantes en ao\u00fbt\u00a0? Comprendre en moins de trois minutes<\/a>    <\/p>\n<p>   Lire plus tard  <\/p>\n<p class=\"author__detail\">  Le Monde avec AFP  <\/p>\n","protected":false},"excerpt":{"rendered":"Lors de la \u00ab Nuits des \u00e9toiles \u00bb, \u00e0 Fontainebleau (Seine-et-Marne), le 13\u00a0ao\u00fbt 2023. MIGUEL MEDINA \/ AFP&hellip;\n","protected":false},"author":2,"featured_media":287561,"comment_status":"","ping_status":"","sticky":false,"template":"","format":"standard","meta":{"footnotes":""},"categories":[7],"tags":[1011,27,43,40,41,39,42,44],"class_list":{"0":"post-287560","1":"post","2":"type-post","3":"status-publish","4":"format-standard","5":"has-post-thumbnail","7":"category-sciences-et-technologies","8":"tag-fr","9":"tag-france","10":"tag-science","11":"tag-science-and-technology","12":"tag-sciences","13":"tag-sciences-et-technologies","14":"tag-technologies","15":"tag-technology"},"share_on_mastodon":{"url":"https:\/\/pubeurope.com\/@fr\/114949918906710731","error":""},"_links":{"self":[{"href":"https:\/\/www.europesays.com\/fr\/wp-json\/wp\/v2\/posts\/287560","targetHints":{"allow":["GET"]}}],"collection":[{"href":"https:\/\/www.europesays.com\/fr\/wp-json\/wp\/v2\/posts"}],"about":[{"href":"https:\/\/www.europesays.com\/fr\/wp-json\/wp\/v2\/types\/post"}],"author":[{"embeddable":true,"href":"https:\/\/www.europesays.com\/fr\/wp-json\/wp\/v2\/users\/2"}],"replies":[{"embeddable":true,"href":"https:\/\/www.europesays.com\/fr\/wp-json\/wp\/v2\/comments?post=287560"}],"version-history":[{"count":0,"href":"https:\/\/www.europesays.com\/fr\/wp-json\/wp\/v2\/posts\/287560\/revisions"}],"wp:featuredmedia":[{"embeddable":true,"href":"https:\/\/www.europesays.com\/fr\/wp-json\/wp\/v2\/media\/287561"}],"wp:attachment":[{"href":"https:\/\/www.europesays.com\/fr\/wp-json\/wp\/v2\/media?parent=287560"}],"wp:term":[{"taxonomy":"category","embeddable":true,"href":"https:\/\/www.europesays.com\/fr\/wp-json\/wp\/v2\/categories?post=287560"},{"taxonomy":"post_tag","embeddable":true,"href":"https:\/\/www.europesays.com\/fr\/wp-json\/wp\/v2\/tags?post=287560"}],"curies":[{"name":"wp","href":"https:\/\/api.w.org\/{rel}","templated":true}]}}