{"id":287562,"date":"2025-07-31T21:15:16","date_gmt":"2025-07-31T21:15:16","guid":{"rendered":"https:\/\/www.europesays.com\/fr\/287562\/"},"modified":"2025-07-31T21:15:16","modified_gmt":"2025-07-31T21:15:16","slug":"inquiets-pour-leur-avenir-les-francais-se-ruent-sur-lassurance-vie-actualites","status":"publish","type":"post","link":"https:\/\/www.europesays.com\/fr\/287562\/","title":{"rendered":"Inquiets pour leur avenir, les Fran\u00e7ais se ruent sur l&rsquo;assurance vie : Actualit\u00e9s"},"content":{"rendered":"<p class=\"lead \">Les assureurs se frottent les mains: les Fran\u00e7ais, pouss\u00e9s \u00e0 \u00e9pargner par la peur du lendemain, n&rsquo;ont jamais autant garni leurs comptes d&rsquo;assurance vie que depuis le d\u00e9but de l&rsquo;ann\u00e9e.<\/p>\n<p class=\"lead \">Ils ont d\u00e9pos\u00e9 97,8 milliards d&rsquo;euros sur leurs contrats, du jamais vu, selon les donn\u00e9es publi\u00e9es jeudi par France Assureurs.<\/p>\n<p class=\"lead \">Le \u00ab\u00a0climat anxiog\u00e8ne\u00a0\u00bb pousse les \u00e9pargnants \u00e0 mettre de l&rsquo;argent de c\u00f4t\u00e9, explique \u00e0 l&rsquo;AFP le pr\u00e9sident du Cercle de l&rsquo;\u00e9pargne Philippe Crevel.<\/p>\n<p class=\"lead \">Le taux d&rsquo;\u00e9pargne des Fran\u00e7ais a d&rsquo;ailleurs atteint au premier trimestre son niveau le plus haut en 45 ans, exception faite de la p\u00e9riode de la crise sanitaire li\u00e9e au Covid, selon l&rsquo;Insee.<\/p>\n<p class=\"lead \">Le d\u00e9bat sur la r\u00e9duction du d\u00e9ficit budg\u00e9taire, souvent accompagn\u00e9 de perspectives de hausses d&rsquo;imp\u00f4ts, encourage notamment les retrait\u00e9s \u00e0 mettre davantage d&rsquo;argent sur leurs assurances vie, au d\u00e9triment de la consommation, analyse M. Crevel.<\/p>\n<p class=\"lead \">Les \u00e9pargnants capitalisent aussi volontiers les int\u00e9r\u00eats g\u00e9n\u00e9r\u00e9s par leurs placements, au lieu de les retirer.<\/p>\n<p class=\"lead \">\u00ab\u00a0Si on \u00e9pargne, c&rsquo;est qu&rsquo;on est inquiet, c&rsquo;est qu&rsquo;on ne consomme pas, qu&rsquo;on a peur de l&rsquo;avenir\u00a0\u00bb, r\u00e9sumait ce mois-ci aupr\u00e8s de l&rsquo;AFP un banquier fran\u00e7ais.<\/p>\n<p class=\"lead \">Les grands r\u00e9seaux bancaires &#8211; Cr\u00e9dit Agricole, la Banque postale, Cr\u00e9dit Mutuel, BNP Paribas ou encore Soci\u00e9t\u00e9 G\u00e9n\u00e9rale &#8211; sont les grands gagnants puisqu&rsquo;ils concentrent, via leurs filiales d&rsquo;assurances, l&rsquo;essentiel des encours de l&rsquo;assurance vie.<\/p>\n<p class=\"lead \">Au cours du premier semestre, les prestations vers\u00e9es par les assureurs, en cas de rachat par l&rsquo;\u00e9pargnant ou de distribution aux b\u00e9n\u00e9ficiaires en cas de d\u00e9c\u00e8s, ont recul\u00e9 de 7% sur un an, \u00e0 71,2 milliards d&rsquo;euros.<\/p>\n<p class=\"lead \">La diff\u00e9rence entre cotisations et prestations, appel\u00e9e collecte nette, atteint logiquement un montant qui n&rsquo;avait plus \u00e9t\u00e9 vu depuis 2010 pour un premier semestre, \u00e0 26,6 milliards d&rsquo;euros.<\/p>\n<p class=\"lead \">Dont 5 milliards pour le seul mois de juin, le double de celui observ\u00e9 en juin 2024.<\/p>\n<p class=\"lead \">&#8211; Plus risqu\u00e9 &#8211;<\/p>\n<p class=\"lead \">Le directeur g\u00e9n\u00e9ral de France Assureurs Paul Esmein a sobrement soulign\u00e9 jeudi la \u00ab\u00a0bonne dynamique de l&rsquo;assurance vie (&#8230;) qui s&rsquo;est poursuivie tout au long du semestre\u00a0\u00bb, \u00e0 l&rsquo;occasion d&rsquo;une conf\u00e9rence t\u00e9l\u00e9phonique.<\/p>\n<p class=\"lead \">La progression de l&rsquo;assurance vie cache par ailleurs une r\u00e9alit\u00e9 contrast\u00e9e entre les supports d&rsquo;investissement. <\/p>\n<p class=\"lead \">D&rsquo;un c\u00f4t\u00e9, les unit\u00e9s de comptes (UC), investissements plus risqu\u00e9s mais potentiellement plus r\u00e9mun\u00e9rateurs, ont connu une collecte nette de 23,8 milliards d&rsquo;euros. De l&rsquo;autre les fonds en euros, garantis en capital, n&rsquo;ont augment\u00e9 que de 2,9 milliards d&rsquo;euros.<\/p>\n<p class=\"lead \">L&rsquo;assurance vie reste, de loin, le placement le plus important en valeur en France. En janvier, l&rsquo;encours total de l&rsquo;assurance vie a d\u00e9pass\u00e9 pour la premi\u00e8re fois le cap des 2.000 milliards d&rsquo;euros. Fin juin, il atteignait 2.052 milliards d&rsquo;euros (+5% sur un an).<\/p>\n<p class=\"lead \">L&rsquo;\u00e9pargne r\u00e9glement\u00e9e, autre r\u00e9serve d&rsquo;argent importante des Fran\u00e7ais, n&rsquo;a pas pu rivaliser sur la premi\u00e8re moiti\u00e9 d&rsquo;ann\u00e9e. <\/p>\n<p class=\"lead \">L&rsquo;encours des Livrets A n&rsquo;a augment\u00e9 que d&rsquo;\u00e0 peine 3 milliards d&rsquo;euros entre janvier et juin, selon les derni\u00e8res donn\u00e9es de la Caisse des d\u00e9p\u00f4ts, neuf fois moins que l&rsquo;assurance vie.<\/p>\n<p class=\"lead \">&#8211; \u00ab\u00a0Avantage comparatif\u00a0\u00bb &#8211;<\/p>\n<p class=\"lead \">La baisse du taux du Livret A au 1er ao\u00fbt, de 2,4% \u00e0 1,7%, devrait encore d\u00e9s\u00e9quilibrer le match entre ces deux familles d&rsquo;\u00e9pargne.<\/p>\n<p class=\"lead \">\u00ab\u00a0La diminution du taux de r\u00e9mun\u00e9ration de l\u2019\u00e9pargne de court terme redonne un avantage comparatif \u00e0 l\u2019assurance vie\u00a0\u00bb, a soulign\u00e9 M. Crevel, dans une note.<\/p>\n<p class=\"lead \">Le taux moyen des supports en euros, communiqu\u00e9s en d\u00e9but d&rsquo;ann\u00e9e par les assureurs, tourne autour de 2,6%, selon les donn\u00e9es publi\u00e9es mercredi par le gendarme de la profession, l&rsquo;ACPR, adoss\u00e9 \u00e0 la Banque de France.<\/p>\n<p class=\"lead \">Une diff\u00e9rence de taille cependant: ce dernier taux n&rsquo;est pas net d&rsquo;imp\u00f4ts, contrairement \u00e0 celui du Livret A.<\/p>\n<p class=\"lead \">La lobby des compagnies d&rsquo;assurances s&rsquo;est aussi f\u00e9licit\u00e9 du fort d\u00e9veloppement commercial des plans d&rsquo;\u00e9pargne retraite (PER): les versements (transferts compris) sur les PER assurantiels ont repr\u00e9sent\u00e9 9,1 milliards d\u2019euros au premier semestre 2025, 30% de plus que l&rsquo;an dernier \u00e0 la m\u00eame p\u00e9riode.<\/p>\n<p class=\"lead \">\u00c0 fin juin 2025, les PER assurantiels comptaient 7,4 millions d\u2019assur\u00e9s pour un encours de 101,3 milliards d\u2019euros.<\/p>\n<p class=\"lead \">Support fran\u00e7ais de la retraite par capitalisation, le PER est un produit \u00ab\u00a0tunnel\u00a0\u00bb, qui s&rsquo;envisage sur le long terme. Les versements sont libres mais ne seront pas r\u00e9cup\u00e9rables avant l&rsquo;\u00e2ge de la retraite, sauf cas exceptionnels.<\/p>\n","protected":false},"excerpt":{"rendered":"Les assureurs se frottent les mains: les Fran\u00e7ais, pouss\u00e9s \u00e0 \u00e9pargner par la peur du lendemain, n&rsquo;ont jamais&hellip;\n","protected":false},"author":2,"featured_media":287563,"comment_status":"","ping_status":"","sticky":false,"template":"","format":"standard","meta":{"footnotes":""},"categories":[6],"tags":[13790,42617,13110,523,35,33,34,1011,27],"class_list":{"0":"post-287562","1":"post","2":"type-post","3":"status-publish","4":"format-standard","5":"has-post-thumbnail","7":"category-economie","8":"tag-conomie","9":"tag-pargne","10":"tag-assurances","11":"tag-banque","12":"tag-business","13":"tag-economie","14":"tag-economy","15":"tag-fr","16":"tag-france"},"share_on_mastodon":{"url":"https:\/\/pubeurope.com\/@fr\/114949922722404876","error":""},"_links":{"self":[{"href":"https:\/\/www.europesays.com\/fr\/wp-json\/wp\/v2\/posts\/287562","targetHints":{"allow":["GET"]}}],"collection":[{"href":"https:\/\/www.europesays.com\/fr\/wp-json\/wp\/v2\/posts"}],"about":[{"href":"https:\/\/www.europesays.com\/fr\/wp-json\/wp\/v2\/types\/post"}],"author":[{"embeddable":true,"href":"https:\/\/www.europesays.com\/fr\/wp-json\/wp\/v2\/users\/2"}],"replies":[{"embeddable":true,"href":"https:\/\/www.europesays.com\/fr\/wp-json\/wp\/v2\/comments?post=287562"}],"version-history":[{"count":0,"href":"https:\/\/www.europesays.com\/fr\/wp-json\/wp\/v2\/posts\/287562\/revisions"}],"wp:featuredmedia":[{"embeddable":true,"href":"https:\/\/www.europesays.com\/fr\/wp-json\/wp\/v2\/media\/287563"}],"wp:attachment":[{"href":"https:\/\/www.europesays.com\/fr\/wp-json\/wp\/v2\/media?parent=287562"}],"wp:term":[{"taxonomy":"category","embeddable":true,"href":"https:\/\/www.europesays.com\/fr\/wp-json\/wp\/v2\/categories?post=287562"},{"taxonomy":"post_tag","embeddable":true,"href":"https:\/\/www.europesays.com\/fr\/wp-json\/wp\/v2\/tags?post=287562"}],"curies":[{"name":"wp","href":"https:\/\/api.w.org\/{rel}","templated":true}]}}