{"id":287581,"date":"2025-07-31T21:32:44","date_gmt":"2025-07-31T21:32:44","guid":{"rendered":"https:\/\/www.europesays.com\/fr\/287581\/"},"modified":"2025-07-31T21:32:44","modified_gmt":"2025-07-31T21:32:44","slug":"football-score-nul-mais-match-plaisant-entre-auxerre-et-grenoble-a-gueugnon","status":"publish","type":"post","link":"https:\/\/www.europesays.com\/fr\/287581\/","title":{"rendered":"Football. Score nul mais match plaisant entre Auxerre et Grenoble \u00e0 Gueugnon"},"content":{"rendered":"<p>                            Auxerre &#8211; Grenoble0-0<\/p>\n<p>Parfum de Ligue 1 \u00e0 Jean-Laville. D\u00e8s l\u2019arriv\u00e9e sur le parking du stade gueugnonnais ce mercredi soir, deux imposants bus semblent replonger les lieux vers ses plus belles ann\u00e9es. D\u2019un c\u00f4t\u00e9, celui des \u00ab\u00a0irr\u00e9ductibles Auxerrois\u00a0\u00bb, dont le logo n\u2019est \u00e9tranger pour aucun passionn\u00e9 de foot en Bourgogne et dans le pays.<\/p>\n<p>En face, celui du Grenoble Foot 38 sent \u00e9galement bon le foot professionnel. Et ce n\u2019est pas les premiers pas dans les coursives de l\u2019enceinte du FC\u00a0Gueugnon qui fait retomber l\u2019atmosph\u00e8re.<\/p>\n<p>Stars \u00e0 Jean-Laville<\/p>\n<p>Au d\u00e9tour d\u2019un couloir, Christophe Pellissier (ancien coach d\u2019Amiens et Lorient, \u00e0 Auxerre depuis 2022) est en discussion avec son staff. Puis, Jean-Alain Boumsong, d\u00e9sormais entra\u00eeneur des d\u00e9fenseurs de l\u2019AJA, sort du vestiaire. Le d\u00e9fenseur aux 27\u00a0s\u00e9lections en \u00e9quipe de France n\u2019a rien perdu de son physique de&#8230;<\/p>\n","protected":false},"excerpt":{"rendered":"Auxerre &#8211; Grenoble0-0 Parfum de Ligue 1 \u00e0 Jean-Laville. D\u00e8s l\u2019arriv\u00e9e sur le parking du stade gueugnonnais ce&hellip;\n","protected":false},"author":2,"featured_media":287582,"comment_status":"","ping_status":"","sticky":false,"template":"","format":"standard","meta":{"footnotes":""},"categories":[9566],"tags":[1111,11,2430,3895,1777,674,63,1011,27,2731,39333,41647,1686,12,25,517],"class_list":{"0":"post-287581","1":"post","2":"type-post","3":"status-publish","4":"format-standard","5":"has-post-thumbnail","7":"category-grenoble","8":"tag-actu","9":"tag-actualites","10":"tag-auvergne-rhone-alpes","11":"tag-edition-charolais-brionnais","12":"tag-eu","13":"tag-europe","14":"tag-football","15":"tag-fr","16":"tag-france","17":"tag-grenoble","18":"tag-gueugnon","19":"tag-gueugnon-bassin","20":"tag-import-print","21":"tag-news","22":"tag-republique-francaise","23":"tag-sport"},"share_on_mastodon":{"url":"https:\/\/pubeurope.com\/@fr\/114949989667722622","error":""},"_links":{"self":[{"href":"https:\/\/www.europesays.com\/fr\/wp-json\/wp\/v2\/posts\/287581","targetHints":{"allow":["GET"]}}],"collection":[{"href":"https:\/\/www.europesays.com\/fr\/wp-json\/wp\/v2\/posts"}],"about":[{"href":"https:\/\/www.europesays.com\/fr\/wp-json\/wp\/v2\/types\/post"}],"author":[{"embeddable":true,"href":"https:\/\/www.europesays.com\/fr\/wp-json\/wp\/v2\/users\/2"}],"replies":[{"embeddable":true,"href":"https:\/\/www.europesays.com\/fr\/wp-json\/wp\/v2\/comments?post=287581"}],"version-history":[{"count":0,"href":"https:\/\/www.europesays.com\/fr\/wp-json\/wp\/v2\/posts\/287581\/revisions"}],"wp:featuredmedia":[{"embeddable":true,"href":"https:\/\/www.europesays.com\/fr\/wp-json\/wp\/v2\/media\/287582"}],"wp:attachment":[{"href":"https:\/\/www.europesays.com\/fr\/wp-json\/wp\/v2\/media?parent=287581"}],"wp:term":[{"taxonomy":"category","embeddable":true,"href":"https:\/\/www.europesays.com\/fr\/wp-json\/wp\/v2\/categories?post=287581"},{"taxonomy":"post_tag","embeddable":true,"href":"https:\/\/www.europesays.com\/fr\/wp-json\/wp\/v2\/tags?post=287581"}],"curies":[{"name":"wp","href":"https:\/\/api.w.org\/{rel}","templated":true}]}}