{"id":28759,"date":"2025-04-16T07:50:23","date_gmt":"2025-04-16T07:50:23","guid":{"rendered":"https:\/\/www.europesays.com\/fr\/28759\/"},"modified":"2025-04-16T07:50:23","modified_gmt":"2025-04-16T07:50:23","slug":"jacques-legros-voulait-deja-arreter-detre-joker-du-13-heures-de-tf1-lete-dernier","status":"publish","type":"post","link":"https:\/\/www.europesays.com\/fr\/28759\/","title":{"rendered":"Jacques Legros voulait d\u00e9j\u00e0 arr\u00eater d&rsquo;\u00eatre joker du 13 Heures de TF1 l&rsquo;\u00e9t\u00e9 dernier"},"content":{"rendered":"<p>Dans quelques semaines, le 9 mai prochain, Jacques Legros fera ses adieux au 13 Heures de TF1 dont il occupait depuis pr\u00e8s de 27 ans la fonction de joker. Un d\u00e9part qui aurait pu avoir lieu d\u00e8s l&rsquo;\u00e9t\u00e9 dernier comme il l&rsquo;a r\u00e9v\u00e9l\u00e9 aupr\u00e8s de T\u00e9l\u00e9-Loisirs.<\/p>\n<p>La fin d&rsquo;une \u00e9poque. Le 9 mai prochain, Jacques Legros, 74 ans, pr\u00e9sentera son dernier 13 Heures en tant que joker de Marie-Sophie Lacarrau sur TF1. <a href=\"https:\/\/www.programme-tv.net\/news\/tv\/374392-apres-27-ans-jacques-legros-quitte-le-13h-de-tf1-isabelle-ithurburu-choisie-pour-le-remplacer\/\" data-api-deeplink=\"teleloisirs:\/\/news\/374392\" target=\"_blank\" rel=\"noopener\">Et ce apr\u00e8s pr\u00e8s de 27 ann\u00e9es de bons et loyaux services<\/a>, lui qui avait \u00e0 l&rsquo;\u00e9poque \u00e9t\u00e9 recrut\u00e9 pour remplacer Jean-Pierre Pernaut pendant ses cong\u00e9s. C&rsquo;est Isabelle Ithurburu qui lui succ\u00e9dera d\u00e8s le mois de juillet. Aupr\u00e8s de T\u00e9l\u00e9-Loisirs, <b>le professionnel de l&rsquo;info assure avoir m\u00fbrement r\u00e9fl\u00e9chi avant de prendre sa d\u00e9cision<\/b> : \u00ab\u00a0C&rsquo;est assez r\u00e9cent, m\u00eame si \u00e7a fait quelques ann\u00e9es que je m&rsquo;y pr\u00e9pare. Je voulais partir tant que je prenais encore beaucoup de plaisir, le m\u00eame plaisir qu\u2019avant. Je pars aussi au meilleur de ma forme et c\u2019\u00e9tait important pour moi\u00a0\u00bb.<\/p>\n<p>\u00ab\u00a0J&rsquo;ai envisag\u00e9 plusieurs dates\u00a0\u00bb : pourquoi Jacques Legros va finalement arr\u00eater le 13 Heures le 9 mai prochain<\/p>\n<p>Et au registre des confidences, Jacques Legros nous a avou\u00e9 avoir d\u00e9j\u00e0 song\u00e9 \u00e0 arr\u00eater l&rsquo;exercice \u00ab\u00a0apr\u00e8s l&rsquo;\u00e9t\u00e9 2024\u00a0\u00bb. \u00ab\u00a0<b>J&rsquo;ai envisag\u00e9 plusieurs dates.<\/b> Finalement, ce sera avant cet \u00e9t\u00e9 2025&Prime;. Ceci pour une raison tr\u00e8s simple : \u00ab\u00a0J&rsquo;ai fini fatigu\u00e9 l\u2019\u00e9t\u00e9 dernier apr\u00e8s six semaines de pr\u00e9sentation\u00a0\u00bb, confie-t-il. Dans cette prise de d\u00e9cision, le journaliste de TF1 a pu compter sur le soutien de sa femme Val\u00e9rie, gastro-ent\u00e9rologue v\u00e9t\u00e9rinaire de profession, ainsi que sur celui de ses trois enfants, Tatiana, Maxime et Gabriel. \u00ab\u00a0M\u00eame si ce sont des d\u00e9cisions qu\u2019on prend seul, j\u2019en ai beaucoup parl\u00e9 avec ma femme et mes trois enfants et ils m\u2019ont confort\u00e9 dans ma d\u00e9cision. <b>Ils n\u2019avaient pas envie que je fasse la bataille de trop. <\/b>Et si on pouvait s\u2019offrir un petit \u00e9t\u00e9 ensemble, ce serait pas mal\u00a0\u00bb, plaisante celui qui a toujours pris ses vacances en d\u00e9cal\u00e9 depuis qu&rsquo;il a accept\u00e9 le poste de joker du 13 Heures.<\/p>\n<p>                        Jacques Legros a d\u00e9j\u00e0 planifi\u00e9 ses premi\u00e8res vacances d&rsquo;\u00e9t\u00e9 : voici sa destination !<\/p>\n<p>Jacques Legros va donc profiter de ses premi\u00e8res vraies vacances d\u00e8s cet \u00e9t\u00e9. \u00ab\u00a0Je pense que je vais accompagner mon \u00e9pouse qui va enseigner dans une universit\u00e9 en Californie pendant six semaines. \u00c7a va me faire du bien !\u00a0\u00bb, se prend-il d\u00e9j\u00e0 \u00e0 r\u00eaver. Avant cela, il lui faudra faire ses adieux aux t\u00e9l\u00e9spectateurs de TF1. <a href=\"https:\/\/www.programme-tv.net\/news\/tv\/374676-je-vais-etre-liquefie-jacques-legros-apprehende-sa-derniere-semaine-au-13h-de-tf1-la-plus-redoutable-de-sa-carriere\/\" data-api-deeplink=\"teleloisirs:\/\/news\/374676\" target=\"_blank\" rel=\"noopener\">Un moment que cet homme pudique avoue redouter<\/a>.<\/p>\n","protected":false},"excerpt":{"rendered":"Dans quelques semaines, le 9 mai prochain, Jacques Legros fera ses adieux au 13 Heures de TF1 dont&hellip;\n","protected":false},"author":2,"featured_media":28760,"comment_status":"","ping_status":"","sticky":false,"template":"","format":"standard","meta":{"footnotes":""},"categories":[1359],"tags":[244,58,59,1011,27,2173,10074,10075,973,199,1421],"class_list":{"0":"post-28759","1":"post","2":"type-post","3":"status-publish","4":"format-standard","5":"has-post-thumbnail","7":"category-people","8":"tag-commentaire","9":"tag-divertissement","10":"tag-entertainment","11":"tag-fr","12":"tag-france","13":"tag-interview","14":"tag-jacques-legros","15":"tag-jt-tf1-13h","16":"tag-people","17":"tag-tf1","18":"tag-zap"},"share_on_mastodon":{"url":"https:\/\/pubeurope.com\/@fr\/114346552472488417","error":""},"_links":{"self":[{"href":"https:\/\/www.europesays.com\/fr\/wp-json\/wp\/v2\/posts\/28759","targetHints":{"allow":["GET"]}}],"collection":[{"href":"https:\/\/www.europesays.com\/fr\/wp-json\/wp\/v2\/posts"}],"about":[{"href":"https:\/\/www.europesays.com\/fr\/wp-json\/wp\/v2\/types\/post"}],"author":[{"embeddable":true,"href":"https:\/\/www.europesays.com\/fr\/wp-json\/wp\/v2\/users\/2"}],"replies":[{"embeddable":true,"href":"https:\/\/www.europesays.com\/fr\/wp-json\/wp\/v2\/comments?post=28759"}],"version-history":[{"count":0,"href":"https:\/\/www.europesays.com\/fr\/wp-json\/wp\/v2\/posts\/28759\/revisions"}],"wp:featuredmedia":[{"embeddable":true,"href":"https:\/\/www.europesays.com\/fr\/wp-json\/wp\/v2\/media\/28760"}],"wp:attachment":[{"href":"https:\/\/www.europesays.com\/fr\/wp-json\/wp\/v2\/media?parent=28759"}],"wp:term":[{"taxonomy":"category","embeddable":true,"href":"https:\/\/www.europesays.com\/fr\/wp-json\/wp\/v2\/categories?post=28759"},{"taxonomy":"post_tag","embeddable":true,"href":"https:\/\/www.europesays.com\/fr\/wp-json\/wp\/v2\/tags?post=28759"}],"curies":[{"name":"wp","href":"https:\/\/api.w.org\/{rel}","templated":true}]}}