{"id":287601,"date":"2025-07-31T21:45:12","date_gmt":"2025-07-31T21:45:12","guid":{"rendered":"https:\/\/www.europesays.com\/fr\/287601\/"},"modified":"2025-07-31T21:45:12","modified_gmt":"2025-07-31T21:45:12","slug":"girondins-romain-molina-bordeaux-a-typiquement-la-tete-pour-ce-projet","status":"publish","type":"post","link":"https:\/\/www.europesays.com\/fr\/287601\/","title":{"rendered":"Girondins. Romain Molina : \u00ab\u00a0Bordeaux a typiquement la t\u00eate pour ce projet\u00a0\u00bb"},"content":{"rendered":"<p><img decoding=\"async\" src=\"https:\/\/www.europesays.com\/fr\/wp-content\/uploads\/2025\/07\/671_753e61e44e47af032f7b7e0652bfb038.jpg\" alt=\"Girondins. Romain Molina : &quot;Bordeaux a typiquement la t\u00eate pour ce projet&quot;\" class=\"img-responsive mt-3\"\/><\/p>\n<p class=\"text-center mb-3\" style=\"font-size: 14px\">\u00a9 Iconsport<\/p>\n<p style=\"text-align: justify;\">\u00c9coutez ses propos ou lisez-les :<\/p>\n<p style=\"text-align: justify;\">\u00a0<\/p>\n<p><strong>\u00ab\u00a0Il y a un soutien populaire et tu te dis que tu peux faire un projet diff\u00e9rent\u00a0\u00bb<\/strong><\/p>\n<p style=\"text-align: justify;\">\u00a0<\/p>\n<p style=\"text-align: justify;\">Romain Molina dans le <a href=\"https:\/\/www.youtube.com\/watch?v=RUK3BUm5nrk&amp;t=7398s\" target=\"_blank\" rel=\"noopener\">Talk sur WebGirondins<\/a> : \u00ab\u00a0Le probl\u00e8me aujourd&rsquo;hui c&rsquo;est qu&rsquo;il est devenu impossible pour les socios de financer les clubs, \u00e7a coute tellement cher avec les salaires des joueurs en Ligue 1. Dans 12 \u00e0 18 mois, \u00e7a va exploser dans beaucoup de clubs. Ma crainte c&rsquo;est que les fonds d&rsquo;investissement r\u00e9cup\u00e9r\u00e8rent les clubs et r\u00e9\u00e9chelonnent les dettes pour croquer tout ce qui est possible, on prolonge des trains de vie dispendieux. Ce qui serait mieux c&rsquo;est que \u00e7a se casse compl\u00e8tement la tronche et que l&rsquo;on reparte sur des sommes plus humaines, plus simples.<\/p>\n<p style=\"text-align: justify;\"> La valeur du football fran\u00e7ais a \u00e9t\u00e9 sur\u00e9valu\u00e9e, aujourd\u2019hui, ce n&rsquo;est plus le cas. Si on veut repartir, et que tous les couts baissent, l\u00e0, tu peux avoir un football plus raisonnable avec l&rsquo;int\u00e9gration des socios. Comme \u00e0 Bastia qui est aujourd&rsquo;hui un mod\u00e8le \u00e0 suivre. C&rsquo;est un club historique du club fran\u00e7ais avec des socios et des entrepreneurs qui ont des parts dans le club. Bastia ne fait pas trop parler de lui actuellement. Si Bastia le fait, \u00e7a peut donner des id\u00e9es. Bordeaux a typiquement la t\u00eate pour un projet comme \u00e7a. Il y a un soutien populaire et tu te dis que tu peux faire un projet diff\u00e9rent. Tu ne feras pas pire que ceux qui ont g\u00e9r\u00e9 le club depuis 6 \u00e0 7 ans.\u00a0\u00bb<\/p>\n<p>\u00c0 lire &gt;&gt;\u00a0<strong><a href=\"https:\/\/www.webgirondins.com\/actualite-mercato-girondins-le-cas-yanis-merdji-devient-sensible-pourquoi-il-s-entraine-avec-la-r1-129905\" target=\"_blank\" rel=\"noopener\">le cas Yanis Merdji devient sensible &#8211; pourquoi il s&rsquo;entra\u00eene avec la R1 ?<\/a><\/strong><\/p>\n<p>\u00a0<\/p>\n","protected":false},"excerpt":{"rendered":"\u00a9 Iconsport \u00c9coutez ses propos ou lisez-les : \u00a0 \u00ab\u00a0Il y a un soutien populaire et tu te&hellip;\n","protected":false},"author":2,"featured_media":287602,"comment_status":"","ping_status":"","sticky":false,"template":"","format":"standard","meta":{"footnotes":""},"categories":[2817],"tags":[1111,11,3355,1997,34611,1777,674,9866,1011,27,1987,19629,508,2957,7557,32228,12,2219,5536,471,41887,1095,25,18140,3865,5234,17643,42623,5238],"class_list":{"0":"post-287601","1":"post","2":"type-post","3":"status-publish","4":"format-standard","5":"has-post-thumbnail","7":"category-bordeaux","8":"tag-actu","9":"tag-actualites","10":"tag-auteur","11":"tag-bordeaux","12":"tag-different","13":"tag-eu","14":"tag-europe","15":"tag-explique","16":"tag-fr","17":"tag-france","18":"tag-girondins","19":"tag-gouvernance","20":"tag-invite","21":"tag-journaliste","22":"tag-mettre","23":"tag-molina","24":"tag-news","25":"tag-nouvelle-aquitaine","26":"tag-place","27":"tag-pour","28":"tag-profil","29":"tag-projet","30":"tag-republique-francaise","31":"tag-romain","32":"tag-sein","33":"tag-talk","34":"tag-tete","35":"tag-typiquement","36":"tag-webgirondins"},"share_on_mastodon":{"url":"https:\/\/pubeurope.com\/@fr\/114950040795736857","error":""},"_links":{"self":[{"href":"https:\/\/www.europesays.com\/fr\/wp-json\/wp\/v2\/posts\/287601","targetHints":{"allow":["GET"]}}],"collection":[{"href":"https:\/\/www.europesays.com\/fr\/wp-json\/wp\/v2\/posts"}],"about":[{"href":"https:\/\/www.europesays.com\/fr\/wp-json\/wp\/v2\/types\/post"}],"author":[{"embeddable":true,"href":"https:\/\/www.europesays.com\/fr\/wp-json\/wp\/v2\/users\/2"}],"replies":[{"embeddable":true,"href":"https:\/\/www.europesays.com\/fr\/wp-json\/wp\/v2\/comments?post=287601"}],"version-history":[{"count":0,"href":"https:\/\/www.europesays.com\/fr\/wp-json\/wp\/v2\/posts\/287601\/revisions"}],"wp:featuredmedia":[{"embeddable":true,"href":"https:\/\/www.europesays.com\/fr\/wp-json\/wp\/v2\/media\/287602"}],"wp:attachment":[{"href":"https:\/\/www.europesays.com\/fr\/wp-json\/wp\/v2\/media?parent=287601"}],"wp:term":[{"taxonomy":"category","embeddable":true,"href":"https:\/\/www.europesays.com\/fr\/wp-json\/wp\/v2\/categories?post=287601"},{"taxonomy":"post_tag","embeddable":true,"href":"https:\/\/www.europesays.com\/fr\/wp-json\/wp\/v2\/tags?post=287601"}],"curies":[{"name":"wp","href":"https:\/\/api.w.org\/{rel}","templated":true}]}}