{"id":287603,"date":"2025-07-31T21:46:12","date_gmt":"2025-07-31T21:46:12","guid":{"rendered":"https:\/\/www.europesays.com\/fr\/287603\/"},"modified":"2025-07-31T21:46:12","modified_gmt":"2025-07-31T21:46:12","slug":"pres-de-toulouse-pourquoi-ce-decathlon-est-vise-par-une-plainte-dune-association-de-defense-des-animaux","status":"publish","type":"post","link":"https:\/\/www.europesays.com\/fr\/287603\/","title":{"rendered":"Pr\u00e8s de Toulouse. Pourquoi ce Decathlon est vis\u00e9 par une plainte d&rsquo;une association\u2026 de d\u00e9fense des animaux"},"content":{"rendered":"<p>            Par<br \/>\n        <strong><br \/>\n            <a href=\"https:\/\/actu.fr\/auteur\/guillaume-laurens\" title=\"Consulter tous les articles de Guillaume Laurens\" target=\"_blank\" rel=\"noopener\">Guillaume Laurens<\/a><br \/>\n        <\/strong><\/p>\n<p>        Publi\u00e9 le<\/p>\n<p>            31 juil. 2025 \u00e0 17h54        <\/p>\n<p>Quand une association de <strong>d\u00e9fense des animaux<\/strong> tra\u00eene un <strong>magasin de sport<\/strong> devant la justice\u2026 Apr\u00e8s s\u2019est mobilis\u00e9e devant l\u2019\u00e9tablissement ces derniers mois, l\u2019association PAZ (Projet animaux zoopolis) annonce en effet avoir <strong>d\u00e9pos\u00e9 plainte<\/strong> mercredi 30 juillet 2025 aupr\u00e8s du Tribunal judiciaire de <a href=\"https:\/\/actu.fr\/toulouse\/\" target=\"_blank\" rel=\"noopener\"><strong>Toulouse<\/strong> <\/a>contre le <strong><a href=\"https:\/\/actu.fr\/tag\/decathlon\" target=\"_blank\" rel=\"noopener\">Decathlon <\/a><\/strong>de <strong>Colomiers<\/strong>, aux portes de la Ville rose.\u00a0<\/p>\n<p>La vente de poissons vivants ne passe pas<\/p>\n<p class=\" wall-content\">Pourquoi une telle association vise Decathlon ? L\u2019enseigne de sport pr\u00e9f\u00e9r\u00e9e des Fran\u00e7ais dispose d\u2019un rayon p\u00eache, o\u00f9 elle vend \u2014 dans certains de ses magasins \u2014 \u00ab\u00a0des <strong>poissons vivants<\/strong> appartenant \u00e0 des esp\u00e8ces domestiques et destin\u00e9s \u00e0 servir d\u2019app\u00e2ts vivants dans le cadre de la p\u00eache de loisir\u00a0\u00bb, d\u00e9veloppe l\u2019association de d\u00e9fense de la cause animale. Or, et, d\u2019apr\u00e8s elle, \u00ab\u00a0tout laisse \u00e0 penser qu\u2019il n\u2019a <strong>pas les autorisations n\u00e9cessaires<\/strong> pour cela\u00a0\u00bb.<\/p>\n<blockquote class=\"ac-article-quote wall-content\">\n<p>PAZ demande \u00e0 ce qu\u2019une enqu\u00eate judiciaire soit diligent\u00e9e par l\u2019OFB de Haute-Garonne, administration comp\u00e9tente en mati\u00e8re d\u2019animaux non domestiques, et que le magasin soit fermement condamn\u00e9 si l\u2019infraction est confirm\u00e9e.<\/p>\n<p>    <strong>L&rsquo;association Paz<\/strong>\n            <\/p><\/blockquote>\n<p>Le si\u00e8ge social de Decathlon aussi vis\u00e9<\/p>\n<p class=\" wall-content\">La plainte vise \u00e9galement le <strong>si\u00e8ge social<\/strong> de Decathlon France, bas\u00e9 dans le Nord, \u00ab\u00a0qui ne peut ignorer la r\u00e9glementation en vigueur concernant son activit\u00e9 commerciale\u00a0\u00bb, poursuit l\u2019association, qui s\u2019\u00e9tonne que l\u2019enseigne \u00ab\u00a0s\u2019ent\u00eate \u00e0 maintenir la vente de poissons et crabes vivants non domestiques dans un certain nombre de ses \u00e9tablissements\u00a0\u00bb.<\/p>\n<p class=\" wall-content\">\u00ab\u00a0Cela fait des ann\u00e9es que PAZ d\u00e9nonce le fait que Decathlon vend des poissons et des crabes vivants destin\u00e9s \u00e0 <strong>\u00eatre tortur\u00e9s\u00a0\u00bb,<\/strong> soul\u00e8ve <strong>Amandine Sanvisens<\/strong>, cofondatrice de Paz.<\/p>\n<p>Vid\u00e9os : en ce moment sur Actu<\/p>\n<blockquote class=\"ac-article-quote wall-content\">\n<p>Aujourd\u2019hui, nous d\u00e9couvrons que l\u2019enseigne n\u2019a pas les autorisations n\u00e9cessaires pour effectuer cette vente. Pourquoi l\u2019\u00c9tat a-t-il laiss\u00e9 faire ? Il est temps de mettre d\u00e9finitivement un terme \u00e0 ce commerce cruel et ill\u00e9gal.\u00a0<\/p>\n<p>    <strong>Amandine Sanvisens<\/strong><br \/>\n        Cofondatrice de l&rsquo;association Paz    <\/p><\/blockquote>\n<p>    <img   decoding=\"async\" loading=\"lazy\" src=\"https:\/\/www.europesays.com\/fr\/wp-content\/uploads\/2025\/07\/decathlon-colomiers-plainte-paz-poissons-toulouse-960x640.jpg\" alt=\"L\u00e9gende photo : Les poissons vivants vendus au Decathlon de Colomiers (ci-dessus, en mai 2025 ne sont pas du go\u00fbt de cette association\" width=\"960\" height=\"640\"\/><br \/>\n    L\u00e9gende photo : Les poissons vivants vendus au Decathlon de Colomiers (ci-dessus, en mai 2025 ne sont pas du go\u00fbt de cette association (\u00a9PAZ)\u00ab\u00a0D\u00e9tenir un certificat de capacit\u00e9\u00a0\u00bb<\/p>\n<p class=\" wall-content\">L\u2019association explique avoir \u00ab\u00a0r\u00e9cemment appris que la vente de poissons\/crabes vivants pour la p\u00eache au vif \u00e9tait r\u00e9glement\u00e9e par <a href=\"https:\/\/www.legifrance.gouv.fr\/loda\/id\/JORFTEXT000037491137\/\" target=\"_blank\" rel=\"noopener\">l\u2019arr\u00eat\u00e9 du 8 octobre 2018<\/a> fixant les r\u00e8gles de d\u00e9tention d\u2019animaux d\u2019esp\u00e8ces non domestiques\u00a0\u00bb.<\/p>\n<blockquote class=\"ac-article-quote wall-content\">\n<p>Cela signifie que les magasins qui souhaitent faire ce commerce doivent d\u00e9tenir les autorisations n\u00e9cessaires, notamment un certificat de capacit\u00e9. Or, l\u2019obtention de ce document exige une exp\u00e9rience professionnelle avec les esp\u00e8ces concern\u00e9es de plusieurs ann\u00e9es dans un \u00e9tablissement ayant lui-m\u00eame les autorisations, par exemple une pisciculture.<\/p>\n<p>    <strong>L&rsquo;association Paz<\/strong>\n            <\/p><\/blockquote>\n<p>D\u2019autres rat\u00e9s ailleurs en France<\/p>\n<p class=\" wall-content\">Or, \u00ab\u00a0en Haute-Garonne, la DDPP (Direction d\u00e9partementale de la protection des populations, service de l\u2019\u00c9tat, NDLR) ne nous a <strong>pas transmis<\/strong> ces documents\u00a0\u00bb, s\u2019\u00e9tonne l\u2019association, qui dit les avoir re\u00e7us pour les \u00e9tablissements d\u2019autres d\u00e9partements, o\u00f9 elle avait point\u00e9 la m\u00eame probl\u00e9matique. Et de conclure : \u00ab\u00a0Il appara\u00eet donc <strong>hautement probable<\/strong> que l\u2019\u00e9tablissement Decathlon Colomiers n\u2019en est<strong> pas d\u00e9tenteur\u00a0\u00bb.<\/strong><\/p>\n<p class=\" wall-content\">Toujours d\u2019apr\u00e8s Paz, ailleurs en France, d\u2019autres services de l\u2019\u00c9tat \u00ab\u00a0nous ont confirm\u00e9 que les \u00e9tablissements Decathlon qui vendaient des animaux vivants non domestiques dans leur d\u00e9partement <strong>ne d\u00e9tenaient pas<\/strong> les documents requis\u00a0\u00bb. Un \u00ab\u00a0d\u00e9lit p\u00e9nal\u00a0\u00bb rappelle l\u2019association, qui est \u00ab\u00a0lourdement sanctionn\u00e9e par le Code de l\u2019environnement\u00a0\u00bb. D\u2019o\u00f9 sa demande qu\u2019une <strong>enqu\u00eate judiciaire<\/strong> soit diligent\u00e9e \u00e0 Colomiers.<\/p>\n<p>    <img   decoding=\"async\" loading=\"lazy\" src=\"https:\/\/www.europesays.com\/fr\/wp-content\/uploads\/2025\/07\/decathlon-colomiers-plainte-paz-toulouse-960x640.jpg\" alt=\"L\u00e9gende photo : Lors d'une mobilisation de l'association PAZ devant le Decathlon Colomiers le 21 juin 2025\" width=\"960\" height=\"640\"\/><br \/>\n    L\u00e9gende photo : Lors d\u2019une mobilisation de l\u2019association PAZ devant le Decathlon Colomiers le 21 juin 2025 (\u00a9PAZ)Decathlon d\u00e9fend \u00ab\u00a0la libert\u00e9 de choix\u00a0\u00bb du client<\/p>\n<p class=\" wall-content\">L\u2019enseigne de sport ne respecte-t-elle pas la l\u00e9gislation en la mati\u00e8re, comme le dit l\u2019association ? Et alors que certains magasins ont arr\u00eat\u00e9 de les vendre, entend-elle continuer \u00e0 commercialiser ces poissons vivants dans les magasins concern\u00e9s ? \u00ab\u00a0Nous ne <strong>commentons pas<\/strong> les proc\u00e9dures en cours\u00a0\u00bb, \u00e9vacue Decathlon, interrog\u00e9 par Actu Toulouse. Elle assure toutefois d\u00e9velopper <strong>des alternatives<\/strong> \u00ab\u00a0plus efficaces\u00a0\u00bb :<\/p>\n<blockquote class=\"ac-article-quote wall-content\">\n<p>Depuis plusieurs ann\u00e9es, Decathlon est engag\u00e9 dans la recherche, le d\u00e9veloppement et la vente de leurres de haute qualit\u00e9, offrant des alternatives de plus en plus efficaces \u00e0 la pratique traditionnelle de la p\u00eache aux vifs.<\/p>\n<p>    <strong>Decathlon<\/strong>\n            <\/p><\/blockquote>\n<p class=\" wall-content\">\u00ab\u00a0Respectant la <strong>libert\u00e9 de choix de nos clients,<\/strong> nous les informons sur les avantages environnementaux des leurres et les encourageons \u00e0 envisager ces options dans le cadre de leurs activit\u00e9s de p\u00eache\u00a0\u00bb, ajoute Decathlon, qui revendique prendre le temps de <strong>\u2018convertir\u2019 sa client\u00e8le<\/strong> : \u00ab\u00a0Pour \u00eatre durablement ancr\u00e9e dans les pratiques, nous sommes convaincus que cette transition requiert une approche <strong>progressive<\/strong> et <strong>p\u00e9dagogique\u00a0\u00bb.<\/strong><\/p>\n<p class=\" wall-content\">Suivez toute l\u2019actualit\u00e9 de vos villes et m\u00e9dias favoris en vous inscrivant \u00e0 <a href=\"https:\/\/moncompte.actu.fr\" title=\"D\u00e9couvez Mon Actu\" rel=\"nofollow noopener\" data-trk=\"{&quot;cta&quot;:{&quot;action&quot;:&quot;https:\\\/\\\/moncompte.actu.fr&quot;,&quot;category&quot;:&quot;mon compte&quot;,&quot;from&quot;:&quot;article footer&quot;,&quot;name&quot;:&quot;Mon actu&quot;,&quot;type&quot;:&quot;cta&quot;}}\" target=\"_blank\">Mon Actu<\/a>.<\/p>\n<ul class=\"ac-article-tag wall-content\">\n<li><a href=\"https:\/\/actu.fr\/tag\/animaux\" data-trk=\"{&quot;cta&quot;:{&quot;action&quot;:&quot;Animaux&quot;,&quot;category&quot;:&quot;tag&quot;,&quot;from&quot;:&quot;article footer&quot;,&quot;name&quot;:&quot;Animaux&quot;,&quot;type&quot;:&quot;cta&quot;}}\" target=\"_blank\" rel=\"noopener\">#Animaux<\/a><\/li>\n<li><a href=\"https:\/\/actu.fr\/tag\/maltraitance-animale\" data-trk=\"{&quot;cta&quot;:{&quot;action&quot;:&quot;Maltraitance animale&quot;,&quot;category&quot;:&quot;tag&quot;,&quot;from&quot;:&quot;article footer&quot;,&quot;name&quot;:&quot;Maltraitance animale&quot;,&quot;type&quot;:&quot;cta&quot;}}\" target=\"_blank\" rel=\"noopener\">#Maltraitance animale<\/a><\/li>\n<\/ul>\n","protected":false},"excerpt":{"rendered":"Par Guillaume Laurens Publi\u00e9 le 31 juil. 2025 \u00e0 17h54 Quand une association de d\u00e9fense des animaux tra\u00eene&hellip;\n","protected":false},"author":2,"featured_media":287604,"comment_status":"","ping_status":"","sticky":false,"template":"","format":"standard","meta":{"footnotes":""},"categories":[2816],"tags":[1111,11,1867,1777,674,1011,27,6795,12,2680,25,104,2312],"class_list":{"0":"post-287603","1":"post","2":"type-post","3":"status-publish","4":"format-standard","5":"has-post-thumbnail","7":"category-toulouse","8":"tag-actu","9":"tag-actualites","10":"tag-animaux","11":"tag-eu","12":"tag-europe","13":"tag-fr","14":"tag-france","15":"tag-maltraitance-animale","16":"tag-news","17":"tag-occitanie","18":"tag-republique-francaise","19":"tag-societe","20":"tag-toulouse"},"share_on_mastodon":{"url":"https:\/\/pubeurope.com\/@fr\/114950044754424674","error":""},"_links":{"self":[{"href":"https:\/\/www.europesays.com\/fr\/wp-json\/wp\/v2\/posts\/287603","targetHints":{"allow":["GET"]}}],"collection":[{"href":"https:\/\/www.europesays.com\/fr\/wp-json\/wp\/v2\/posts"}],"about":[{"href":"https:\/\/www.europesays.com\/fr\/wp-json\/wp\/v2\/types\/post"}],"author":[{"embeddable":true,"href":"https:\/\/www.europesays.com\/fr\/wp-json\/wp\/v2\/users\/2"}],"replies":[{"embeddable":true,"href":"https:\/\/www.europesays.com\/fr\/wp-json\/wp\/v2\/comments?post=287603"}],"version-history":[{"count":0,"href":"https:\/\/www.europesays.com\/fr\/wp-json\/wp\/v2\/posts\/287603\/revisions"}],"wp:featuredmedia":[{"embeddable":true,"href":"https:\/\/www.europesays.com\/fr\/wp-json\/wp\/v2\/media\/287604"}],"wp:attachment":[{"href":"https:\/\/www.europesays.com\/fr\/wp-json\/wp\/v2\/media?parent=287603"}],"wp:term":[{"taxonomy":"category","embeddable":true,"href":"https:\/\/www.europesays.com\/fr\/wp-json\/wp\/v2\/categories?post=287603"},{"taxonomy":"post_tag","embeddable":true,"href":"https:\/\/www.europesays.com\/fr\/wp-json\/wp\/v2\/tags?post=287603"}],"curies":[{"name":"wp","href":"https:\/\/api.w.org\/{rel}","templated":true}]}}