{"id":287615,"date":"2025-07-31T21:53:15","date_gmt":"2025-07-31T21:53:15","guid":{"rendered":"https:\/\/www.europesays.com\/fr\/287615\/"},"modified":"2025-07-31T21:53:15","modified_gmt":"2025-07-31T21:53:15","slug":"auvergne-rhone-alpes-apres-laccident-grave-sur-la43-lautoroute-reouvrerte-dans-le-sens-chambery-lyon","status":"publish","type":"post","link":"https:\/\/www.europesays.com\/fr\/287615\/","title":{"rendered":"Auvergne-Rh\u00f4ne-Alpes. Apr\u00e8s l&rsquo;accident grave sur l&rsquo;A43, l&rsquo;autoroute r\u00e9ouvrerte dans le sens Chamb\u00e9ry-Lyon"},"content":{"rendered":"<p>L&rsquo;autoroute A43 est r\u00e9ouverte apr\u00e8s qu&rsquo;un accident se soit produit ce jeudi 31 juillet sur\u00a0l&rsquo;A43 au niveau de la commune de Saint-Didier-de-la-Tour, peu avant 16h45.<\/p>\n<p>Une voiture s&rsquo;est encastr\u00e9e dans un v\u00e9hicule utilitaire lors d&rsquo;un ralentissement. Deux personnes ont \u00e9t\u00e9 bless\u00e9es et souffrent de douleurs thoraciques, <a href=\"https:\/\/www.ledauphine.com\/faits-divers-justice\/2025\/07\/31\/deux-blesses-graves-dans-un-accident-l-autoroute-a43-fermee-dans-le-sens-chambery-lyon\" target=\"_blank\" rel=\"nofollow noopener\">rapporte le Dauphine Lib\u00e9r\u00e9<\/a>.<\/p>\n<p>  Deux h\u00e9licopt\u00e8res mobilis\u00e9s<\/p>\n<p>Elles sont en urgence absolue mais leur pronostic vital n&rsquo;est pas engag\u00e9. Sur place, deux h\u00e9licopt\u00e8res ont \u00e9t\u00e9 mobilis\u00e9s pour les transporter \u00e0 l&rsquo;h\u00f4pital.<\/p>\n<p>Plusieurs kilom\u00e8tres de bouchons se sont form\u00e9s.\u00a0<\/p>\n","protected":false},"excerpt":{"rendered":"L&rsquo;autoroute A43 est r\u00e9ouverte apr\u00e8s qu&rsquo;un accident se soit produit ce jeudi 31 juillet sur\u00a0l&rsquo;A43 au niveau de&hellip;\n","protected":false},"author":2,"featured_media":287616,"comment_status":"","ping_status":"","sticky":false,"template":"","format":"standard","meta":{"footnotes":""},"categories":[1889],"tags":[1111,11,2430,1777,674,274,1011,27,2428,12,25,2429],"class_list":{"0":"post-287615","1":"post","2":"type-post","3":"status-publish","4":"format-standard","5":"has-post-thumbnail","7":"category-lyon","8":"tag-actu","9":"tag-actualites","10":"tag-auvergne-rhone-alpes","11":"tag-eu","12":"tag-europe","13":"tag-faits-divers-justice","14":"tag-fr","15":"tag-france","16":"tag-lyon","17":"tag-news","18":"tag-republique-francaise","19":"tag-rhone"},"share_on_mastodon":{"url":"https:\/\/pubeurope.com\/@fr\/114950072095932705","error":""},"_links":{"self":[{"href":"https:\/\/www.europesays.com\/fr\/wp-json\/wp\/v2\/posts\/287615","targetHints":{"allow":["GET"]}}],"collection":[{"href":"https:\/\/www.europesays.com\/fr\/wp-json\/wp\/v2\/posts"}],"about":[{"href":"https:\/\/www.europesays.com\/fr\/wp-json\/wp\/v2\/types\/post"}],"author":[{"embeddable":true,"href":"https:\/\/www.europesays.com\/fr\/wp-json\/wp\/v2\/users\/2"}],"replies":[{"embeddable":true,"href":"https:\/\/www.europesays.com\/fr\/wp-json\/wp\/v2\/comments?post=287615"}],"version-history":[{"count":0,"href":"https:\/\/www.europesays.com\/fr\/wp-json\/wp\/v2\/posts\/287615\/revisions"}],"wp:featuredmedia":[{"embeddable":true,"href":"https:\/\/www.europesays.com\/fr\/wp-json\/wp\/v2\/media\/287616"}],"wp:attachment":[{"href":"https:\/\/www.europesays.com\/fr\/wp-json\/wp\/v2\/media?parent=287615"}],"wp:term":[{"taxonomy":"category","embeddable":true,"href":"https:\/\/www.europesays.com\/fr\/wp-json\/wp\/v2\/categories?post=287615"},{"taxonomy":"post_tag","embeddable":true,"href":"https:\/\/www.europesays.com\/fr\/wp-json\/wp\/v2\/tags?post=287615"}],"curies":[{"name":"wp","href":"https:\/\/api.w.org\/{rel}","templated":true}]}}