{"id":287617,"date":"2025-07-31T21:56:12","date_gmt":"2025-07-31T21:56:12","guid":{"rendered":"https:\/\/www.europesays.com\/fr\/287617\/"},"modified":"2025-07-31T21:56:12","modified_gmt":"2025-07-31T21:56:12","slug":"justin-timberlake-annonce-souffrir-de-la-maladie-de-lyme","status":"publish","type":"post","link":"https:\/\/www.europesays.com\/fr\/287617\/","title":{"rendered":"Justin Timberlake annonce souffrir de la maladie de Lyme"},"content":{"rendered":"<p class=\"paragraph text_align_left lp-f-body-02\">La pop star am\u00e9ricaine <a href=\"https:\/\/www.leparisien.fr\/culture-loisirs\/musique\/une-semaine-difficile-justin-timberlake-brise-le-silence-apres-son-arrestation-22-06-2024-42DLZHAHOJBJJCPRTU6N3Z3VUE.php\" target=\"_blank\" rel=\"noreferrer nofollow noopener\">Justin Timberlake<\/a> a annonc\u00e9 jeudi \u00e0 ses fans qu\u2019il souffrait de la maladie de Lyme, une affection qui ne lui laisse selon lui aucun r\u00e9pit.<\/p>\n<p class=\"paragraph text_align_left lp-f-body-02\">Le chanteur de 44 ans, ancien membre du boys band NSYNC, dont la tourn\u00e9e mondiale vient de s\u2019achever, s\u2019est exprim\u00e9 sur Instagram.<\/p>\n<p class=\"paragraph text_align_left lp-f-body-02\">\u00ab \u00c7a a \u00e9t\u00e9 l\u2019exp\u00e9rience la plus amusante, \u00e9mouvante, gratifiante, physiquement \u00e9prouvante et, parfois, ext\u00e9nuante \u00bb, a-t-il d\u00e9clar\u00e9 \u00e0 propos de cette tourn\u00e9e, qui a suscit\u00e9 de nombreuses critiques de la part de certains fans, notamment pour le manque d\u2019\u00e9nergie de l\u2019artiste sur sc\u00e8ne.<\/p>\n<p class=\"paragraph text_align_left lp-f-body-02\">\u00ab Parmi d\u2019autres choses, j\u2019ai d\u00fb faire face \u00e0 des probl\u00e8mes de sant\u00e9, et on m\u2019a diagnostiqu\u00e9 la maladie de Lyme &#8211; ce que je ne dis pas pour que vous ayez piti\u00e9 de moi, mais pour donner un aper\u00e7u de ce que j\u2019ai d\u00fb affronter en coulisses \u00bb, a r\u00e9v\u00e9l\u00e9 Justin Timberlake.<\/p>\n<p>\u00ab Je pouvais comprendre pourquoi j\u2019avais des douleurs \u00bb<\/p>\n<p class=\"paragraph text_align_left lp-f-body-02\">\u00ab Vivre avec cela peut \u00eatre continuellement invalidant, \u00e0 la fois mentalement et physiquement. Quand j\u2019ai re\u00e7u le diagnostic, j\u2019ai bien s\u00fbr \u00e9t\u00e9 choqu\u00e9. Mais au moins je pouvais comprendre pourquoi j\u2019avais des douleurs nerveuses intenses sur sc\u00e8ne, ou pourquoi je me sentais extr\u00eamement fatigu\u00e9 ou malade \u00bb, a-t-il ajout\u00e9.<\/p>\n<p class=\"paragraph text_align_left lp-f-body-02\">La maladie de Lyme est une maladie infectieuse due \u00e0 une bact\u00e9rie transmise \u00e0 l\u2019\u00eatre humain par piq\u00fbres de tiques infect\u00e9es.<\/p>\n<p class=\"title-embed-dailymotion lp-color-text lp-f-subtitle-04\">Vid\u00e9oJustin Timberlake victime expiatoire des r\u00e9seaux sociaux ?<\/p>\n<p class=\"paragraph text_align_left lp-f-body-02\">Cette affection est rarement mortelle, mais les personnes infect\u00e9es ont souvent une \u00e9ruption cutan\u00e9e et souffrent de sympt\u00f4mes pseudo-grippaux, notamment des douleurs musculaires et articulaires, des maux de t\u00eate, des naus\u00e9es et des vomissements.<\/p>\n<p class=\"paragraph text_align_left lp-f-body-02\">Justin Timberlake, connu pour les titres \u00ab Cry Me A River \u00bb ou \u00ab Can\u2019t Stop The Feeling \u00bb, avait eu maille \u00e0 partir avec la justice il y a un an apr\u00e8s <a href=\"https:\/\/www.leparisien.fr\/faits-divers\/justin-timberlake-condamne-a-des-travaux-dinteret-general-pour-conduite-en-etat-divresse-13-09-2024-5DCUJWE4IJCTBGMSFSIJBB7XGM.php\" target=\"_blank\" rel=\"noreferrer nofollow noopener\">avoir \u00e9t\u00e9 arr\u00eat\u00e9 pour conduite en \u00e9tat d\u2019ivresse<\/a> pr\u00e8s de New York.<\/p>\n<p class=\"paragraph text_align_left lp-f-body-02\">Il avait plaid\u00e9 coupable d\u2019un d\u00e9lit mineur et avait \u00e9t\u00e9 condamn\u00e9 \u00e0 des travaux d\u2019int\u00e9r\u00eat g\u00e9n\u00e9ral.<\/p>\n","protected":false},"excerpt":{"rendered":"La pop star am\u00e9ricaine Justin Timberlake a annonc\u00e9 jeudi \u00e0 ses fans qu\u2019il souffrait de la maladie de&hellip;\n","protected":false},"author":2,"featured_media":287618,"comment_status":"","ping_status":"","sticky":false,"template":"","format":"standard","meta":{"footnotes":""},"categories":[1888],"tags":[1111,1928,11,1927,872,1777,674,1011,27,873,12,1926,626,1925,25],"class_list":{"0":"post-287617","1":"post","2":"type-post","3":"status-publish","4":"format-standard","5":"has-post-thumbnail","7":"category-paris","8":"tag-actu","9":"tag-actu-paris","10":"tag-actualites","11":"tag-actualites-paris","12":"tag-culture-et-loisirs","13":"tag-eu","14":"tag-europe","15":"tag-fr","16":"tag-france","17":"tag-musique","18":"tag-news","19":"tag-news-paris","20":"tag-paris","21":"tag-paris-news","22":"tag-republique-francaise"},"share_on_mastodon":{"url":"https:\/\/pubeurope.com\/@fr\/114950083958304915","error":""},"_links":{"self":[{"href":"https:\/\/www.europesays.com\/fr\/wp-json\/wp\/v2\/posts\/287617","targetHints":{"allow":["GET"]}}],"collection":[{"href":"https:\/\/www.europesays.com\/fr\/wp-json\/wp\/v2\/posts"}],"about":[{"href":"https:\/\/www.europesays.com\/fr\/wp-json\/wp\/v2\/types\/post"}],"author":[{"embeddable":true,"href":"https:\/\/www.europesays.com\/fr\/wp-json\/wp\/v2\/users\/2"}],"replies":[{"embeddable":true,"href":"https:\/\/www.europesays.com\/fr\/wp-json\/wp\/v2\/comments?post=287617"}],"version-history":[{"count":0,"href":"https:\/\/www.europesays.com\/fr\/wp-json\/wp\/v2\/posts\/287617\/revisions"}],"wp:featuredmedia":[{"embeddable":true,"href":"https:\/\/www.europesays.com\/fr\/wp-json\/wp\/v2\/media\/287618"}],"wp:attachment":[{"href":"https:\/\/www.europesays.com\/fr\/wp-json\/wp\/v2\/media?parent=287617"}],"wp:term":[{"taxonomy":"category","embeddable":true,"href":"https:\/\/www.europesays.com\/fr\/wp-json\/wp\/v2\/categories?post=287617"},{"taxonomy":"post_tag","embeddable":true,"href":"https:\/\/www.europesays.com\/fr\/wp-json\/wp\/v2\/tags?post=287617"}],"curies":[{"name":"wp","href":"https:\/\/api.w.org\/{rel}","templated":true}]}}