{"id":287619,"date":"2025-07-31T21:57:11","date_gmt":"2025-07-31T21:57:11","guid":{"rendered":"https:\/\/www.europesays.com\/fr\/287619\/"},"modified":"2025-07-31T21:57:11","modified_gmt":"2025-07-31T21:57:11","slug":"skriniar-signe-a-fenerbahce-un-joli-cheque-pour-le-psg","status":"publish","type":"post","link":"https:\/\/www.europesays.com\/fr\/287619\/","title":{"rendered":"Skriniar signe \u00e0 Fenerbah\u00e7e, un joli ch\u00e8que pour le PSG"},"content":{"rendered":"<p>Le club de la capitale devrait toucher une dizaine de millions d\u2019euros pour le d\u00e9fenseur slovaque de 30 ans.<\/p>\n<p class=\"fig-paragraph\">Milan Skriniar \u00e0 Fenerbah\u00e7e, c\u2019est officiel. Tricard au PSG, le d\u00e9fenseur international slovaque (81 s\u00e9lections, 3 buts) de 30 ans a pass\u00e9 la deuxi\u00e8me partie de la saison \u00e9coul\u00e9e en pr\u00eat au sein du club stambouliote. Et\u00a0<a href=\"http:\/\/www.lefigaro.fr\/sports\/football\/transferts\/mercato-en-echec-au-psg-skriniar-parti-pour-rester-a-fenerbahce-20250728\" data-fig-type=\"NewsFlash\" data-gtm-custom-categorie=\"navigation\" data-gtm-custom-action=\"crossclick\" data-gtm-custom-label=\"Contextuel\" data-gtm-event=\"customEventSPE\" data-fig-domain=\"LEFIGARO\" target=\"_blank\" rel=\"noopener\">les derniers \u00e9chos faisaient \u00e9tat d\u2019un transfert en passe d\u2019\u00eatre boucl\u00e9<\/a>. C\u2019est d\u00e9sormais act\u00e9, les deux clubs ayant relay\u00e9 la nouvelle tard jeudi soir. D\u2019apr\u00e8s\u00a0<a href=\"https:\/\/www.lequipe.fr\/Football\/Actualites\/Mercato-accord-psg-fenerbahce-pour-le-transfert-de-milan-skriniar\/1581867\" target=\"_blank\" rel=\"sponsored noopener\" data-gtm-custom-categorie=\"navigation\" data-gtm-custom-action=\"crossclick\" data-gtm-custom-label=\"Contextuel\" data-gtm-event=\"customEventSPE\">L\u2019\u00c9quipe<\/a> \u00a0et diverses autres sources, la transaction devrait rapporter 10 M\u20ac bonus compris au Paris Saint-Germain. Une tr\u00e8s bonne affaire&#8230;<\/p>\n<p class=\"fig-paragraph\">Longtemps courtis\u00e9 par le PSG mais retenu par l\u2019Inter, Skriniar, qui a sign\u00e9 pour quatre ans au sein de la formation stambouliote, d\u00e9barquait sur les bords de la Seine en fin de contrat et donc sans indemnit\u00e9 \u00e0 l\u2019\u00e9t\u00e9 2023. Titulaire pour sa premi\u00e8re saison parisienne, il a vite vu son temps de jeu fondre lors de la campagne 2024-25 avant d\u2019\u00eatre pr\u00eat\u00e9 au Fener de Jos\u00e9 Mourinho l\u2019hiver dernier. Il a disput\u00e9 au total 37 matchs (1 but) au PSG avant d\u2019en jouer 23 (3 buts) avec Fenerbah\u00e7e lors de la fin de la saison \u00e9coul\u00e9e.<\/p>\n","protected":false},"excerpt":{"rendered":"Le club de la capitale devrait toucher une dizaine de millions d\u2019euros pour le d\u00e9fenseur slovaque de 30&hellip;\n","protected":false},"author":2,"featured_media":287620,"comment_status":"","ping_status":"","sticky":false,"template":"","format":"standard","meta":{"footnotes":""},"categories":[1888],"tags":[1111,1928,11,1927,1777,674,13486,1011,27,42624,27992,12,1926,626,1925,93,25],"class_list":{"0":"post-287619","1":"post","2":"type-post","3":"status-publish","4":"format-standard","5":"has-post-thumbnail","7":"category-paris","8":"tag-actu","9":"tag-actu-paris","10":"tag-actualites","11":"tag-actualites-paris","12":"tag-eu","13":"tag-europe","14":"tag-fenerbace","15":"tag-fr","16":"tag-france","17":"tag-jose-mourinho","18":"tag-milan-skriniar","19":"tag-news","20":"tag-news-paris","21":"tag-paris","22":"tag-paris-news","23":"tag-psg","24":"tag-republique-francaise"},"share_on_mastodon":{"url":"https:\/\/pubeurope.com\/@fr\/114950087924512729","error":""},"_links":{"self":[{"href":"https:\/\/www.europesays.com\/fr\/wp-json\/wp\/v2\/posts\/287619","targetHints":{"allow":["GET"]}}],"collection":[{"href":"https:\/\/www.europesays.com\/fr\/wp-json\/wp\/v2\/posts"}],"about":[{"href":"https:\/\/www.europesays.com\/fr\/wp-json\/wp\/v2\/types\/post"}],"author":[{"embeddable":true,"href":"https:\/\/www.europesays.com\/fr\/wp-json\/wp\/v2\/users\/2"}],"replies":[{"embeddable":true,"href":"https:\/\/www.europesays.com\/fr\/wp-json\/wp\/v2\/comments?post=287619"}],"version-history":[{"count":0,"href":"https:\/\/www.europesays.com\/fr\/wp-json\/wp\/v2\/posts\/287619\/revisions"}],"wp:featuredmedia":[{"embeddable":true,"href":"https:\/\/www.europesays.com\/fr\/wp-json\/wp\/v2\/media\/287620"}],"wp:attachment":[{"href":"https:\/\/www.europesays.com\/fr\/wp-json\/wp\/v2\/media?parent=287619"}],"wp:term":[{"taxonomy":"category","embeddable":true,"href":"https:\/\/www.europesays.com\/fr\/wp-json\/wp\/v2\/categories?post=287619"},{"taxonomy":"post_tag","embeddable":true,"href":"https:\/\/www.europesays.com\/fr\/wp-json\/wp\/v2\/tags?post=287619"}],"curies":[{"name":"wp","href":"https:\/\/api.w.org\/{rel}","templated":true}]}}