{"id":287621,"date":"2025-07-31T21:58:11","date_gmt":"2025-07-31T21:58:11","guid":{"rendered":"https:\/\/www.europesays.com\/fr\/287621\/"},"modified":"2025-07-31T21:58:11","modified_gmt":"2025-07-31T21:58:11","slug":"victime-de-joel-le-scouarnec-a-loches-elle-marche-de-lelysee-a-amiens-pour-interpeller-emmanuel-macron","status":"publish","type":"post","link":"https:\/\/www.europesays.com\/fr\/287621\/","title":{"rendered":"Victime de Jo\u00ebl Le Scouarnec \u00e0 Loches, elle marche de l\u2019\u00c9lys\u00e9e \u00e0 Amiens pour interpeller Emmanuel Macron"},"content":{"rendered":"<p>Post\u00e9e devant la gu\u00e9rite du poste de s\u00e9curit\u00e9 de la base navale de Toulon (Var), qui l\u2019emploie, <a target=\"_self\" href=\"https:\/\/www.lanouvellerepublique.fr\/loches\/info-nr-victime-de-joel-le-scouarnec-a-loches-celine-temoigne-j-aurais-prefere-ne-jamais-savoir-1739639752\" rel=\"noopener\">C\u00e9line Mahuteau s\u2019affiche plus que jamais combative<\/a>. Entre deux bouff\u00e9es de cigarette, les yeux riv\u00e9s sur la rade, la quadrag\u00e9naire peaufine la prochaine \u00e9tape de son combat\u00a0: il prendra la forme d\u2019une marche \u00ab\u00a0apolitique\u00a0\u00bb \u00ab\u00a0contre la p\u00e9docriminalit\u00e9\u00a0\u00bb, fin ao\u00fbt, ralliant Paris \u00e0 Amiens (Somme)&#8230;. <\/p>\n<p>    Cet article a \u00e9t\u00e9 tronqu\u00e9. Abonnez-vous pour lire l&rsquo;article complet sur notre site.<\/p>\n<p style=\"margin: 0 !important; padding: 0 !important; font-size: 12px !important;\">Cet article a \u00e9t\u00e9 tronqu\u00e9. Abonnez-vous pour lire l&rsquo;article complet.<\/p>\n<p>    <a href=\"https:\/\/www.lanouvellerepublique.fr\/abonnements\" style=\"display: inline-block; margin-top: 5px !important; padding: 6px 12px !important; background: #cb1c27; color: white; text-decoration: none; border-radius: 4px; font-size: 12px !important;\" target=\"_blank\" rel=\"noopener\"><br \/>\n      S&rsquo;abonner<br \/>\n    <\/a><\/p>\n","protected":false},"excerpt":{"rendered":"Post\u00e9e devant la gu\u00e9rite du poste de s\u00e9curit\u00e9 de la base navale de Toulon (Var), qui l\u2019emploie, C\u00e9line&hellip;\n","protected":false},"author":2,"featured_media":287622,"comment_status":"","ping_status":"","sticky":false,"template":"","format":"standard","meta":{"footnotes":""},"categories":[1888],"tags":[328,1392,11,42625,1777,674,274,1011,27,5052,1387,14381,12,626,25],"class_list":{"0":"post-287621","1":"post","2":"type-post","3":"status-publish","4":"format-standard","5":"has-post-thumbnail","7":"category-paris","8":"tag-a-la-une","9":"tag-a-la-une-local","10":"tag-actualites","11":"tag-chatillon-sur-indre","12":"tag-eu","13":"tag-europe","14":"tag-faits-divers-justice","15":"tag-fr","16":"tag-france","17":"tag-indre","18":"tag-indre-et-loire","19":"tag-loches","20":"tag-news","21":"tag-paris","22":"tag-republique-francaise"},"share_on_mastodon":{"url":"https:\/\/pubeurope.com\/@fr\/114950092012603352","error":""},"_links":{"self":[{"href":"https:\/\/www.europesays.com\/fr\/wp-json\/wp\/v2\/posts\/287621","targetHints":{"allow":["GET"]}}],"collection":[{"href":"https:\/\/www.europesays.com\/fr\/wp-json\/wp\/v2\/posts"}],"about":[{"href":"https:\/\/www.europesays.com\/fr\/wp-json\/wp\/v2\/types\/post"}],"author":[{"embeddable":true,"href":"https:\/\/www.europesays.com\/fr\/wp-json\/wp\/v2\/users\/2"}],"replies":[{"embeddable":true,"href":"https:\/\/www.europesays.com\/fr\/wp-json\/wp\/v2\/comments?post=287621"}],"version-history":[{"count":0,"href":"https:\/\/www.europesays.com\/fr\/wp-json\/wp\/v2\/posts\/287621\/revisions"}],"wp:featuredmedia":[{"embeddable":true,"href":"https:\/\/www.europesays.com\/fr\/wp-json\/wp\/v2\/media\/287622"}],"wp:attachment":[{"href":"https:\/\/www.europesays.com\/fr\/wp-json\/wp\/v2\/media?parent=287621"}],"wp:term":[{"taxonomy":"category","embeddable":true,"href":"https:\/\/www.europesays.com\/fr\/wp-json\/wp\/v2\/categories?post=287621"},{"taxonomy":"post_tag","embeddable":true,"href":"https:\/\/www.europesays.com\/fr\/wp-json\/wp\/v2\/tags?post=287621"}],"curies":[{"name":"wp","href":"https:\/\/api.w.org\/{rel}","templated":true}]}}