{"id":287623,"date":"2025-07-31T21:59:14","date_gmt":"2025-07-31T21:59:14","guid":{"rendered":"https:\/\/www.europesays.com\/fr\/287623\/"},"modified":"2025-07-31T21:59:14","modified_gmt":"2025-07-31T21:59:14","slug":"mma-benoit-saint-denis-connait-enfin-son-adversaire-a-lufc-paris-qui-le-provoque-deja","status":"publish","type":"post","link":"https:\/\/www.europesays.com\/fr\/287623\/","title":{"rendered":"MMA\u00a0: Beno\u00eet Saint\u00a0Denis conna\u00eet enfin son adversaire \u00e0 l\u2019UFC Paris, qui le provoque d\u00e9j\u00e0"},"content":{"rendered":"<p class=\"paragraph text_align_left lp-f-body-02\">Trois semaines <a href=\"https:\/\/www.leparisien.fr\/sports\/mma\/mma-benoit-saint-denis-annonce-sa-participation-au-prochain-lufc-paris-06-07-2025-64JWQJW4IZALJPBVMK6X5WUUD4.php\" target=\"_blank\" rel=\"noreferrer noopener\">apr\u00e8s avoir annonc\u00e9 qu\u2019il serait pr\u00e9sent sur la carte de l\u2019UFC Paris<\/a>, le 6 septembre prochain, \u00e0 l\u2019Accor Arena (Paris XIIe), <a href=\"https:\/\/www.leparisien.fr\/sports\/mma\/benoit-saint-denis\/\" target=\"_blank\" rel=\"noreferrer noopener\">Beno\u00eet Saint-Denis<\/a> conna\u00eet enfin son adversaire. Il est Br\u00e9silien et s\u2019appelle Mauricio Ruffy. La star fran\u00e7aise du MMA, actuel 14e au classement des poids l\u00e9gers (-70,3 kgs) \u00e0 l\u2019UFC, devra s\u2019employer face \u00e0 un adversaire qui reste sur sept victoires de suite, dont trois \u00e0 l\u2019UFC o\u00f9 il \u00e9volue depuis mai 2024.<\/p>\n<p class=\"paragraph text_align_left lp-f-body-02\">Le match s\u2019annonce d\u00e9j\u00e0 tr\u00e8s chaud. Dans une courte vid\u00e9o publi\u00e9e sur Instagram, Le combattant br\u00e9silien se met en sc\u00e8ne en prenant un caf\u00e9 tout en repoussant un croissant au son d\u2019un air parisien, avant de lancer un \u00ab Bonjour \u00bb d\u2019une voix grave.<\/p>\n<p class=\"paragraph text_align_left lp-f-body-02\">Pr\u00e9sent lors des trois premi\u00e8res \u00e9ditions de l\u2019UFC Paris, Beno\u00eet Saint Denis avait \u00e9t\u00e9 nettement battu en septembre dernier par le Br\u00e9silien Renato Moicano. Depuis son revers, le Tricolore s\u2019est relanc\u00e9 en l\u2019emportant face au Canadien Kyle Prepolec en mai dernier gr\u00e2ce \u00e0 une soumission r\u00e9ussie dans le deuxi\u00e8me round.<\/p>\n","protected":false},"excerpt":{"rendered":"Trois semaines apr\u00e8s avoir annonc\u00e9 qu\u2019il serait pr\u00e9sent sur la carte de l\u2019UFC Paris, le 6 septembre prochain,&hellip;\n","protected":false},"author":2,"featured_media":287624,"comment_status":"","ping_status":"","sticky":false,"template":"","format":"standard","meta":{"footnotes":""},"categories":[1888],"tags":[11,1777,674,1011,27,1847,12,626,25,60],"class_list":{"0":"post-287623","1":"post","2":"type-post","3":"status-publish","4":"format-standard","5":"has-post-thumbnail","7":"category-paris","8":"tag-actualites","9":"tag-eu","10":"tag-europe","11":"tag-fr","12":"tag-france","13":"tag-mma","14":"tag-news","15":"tag-paris","16":"tag-republique-francaise","17":"tag-sports"},"share_on_mastodon":{"url":"https:\/\/pubeurope.com\/@fr\/114950095775622327","error":""},"_links":{"self":[{"href":"https:\/\/www.europesays.com\/fr\/wp-json\/wp\/v2\/posts\/287623","targetHints":{"allow":["GET"]}}],"collection":[{"href":"https:\/\/www.europesays.com\/fr\/wp-json\/wp\/v2\/posts"}],"about":[{"href":"https:\/\/www.europesays.com\/fr\/wp-json\/wp\/v2\/types\/post"}],"author":[{"embeddable":true,"href":"https:\/\/www.europesays.com\/fr\/wp-json\/wp\/v2\/users\/2"}],"replies":[{"embeddable":true,"href":"https:\/\/www.europesays.com\/fr\/wp-json\/wp\/v2\/comments?post=287623"}],"version-history":[{"count":0,"href":"https:\/\/www.europesays.com\/fr\/wp-json\/wp\/v2\/posts\/287623\/revisions"}],"wp:featuredmedia":[{"embeddable":true,"href":"https:\/\/www.europesays.com\/fr\/wp-json\/wp\/v2\/media\/287624"}],"wp:attachment":[{"href":"https:\/\/www.europesays.com\/fr\/wp-json\/wp\/v2\/media?parent=287623"}],"wp:term":[{"taxonomy":"category","embeddable":true,"href":"https:\/\/www.europesays.com\/fr\/wp-json\/wp\/v2\/categories?post=287623"},{"taxonomy":"post_tag","embeddable":true,"href":"https:\/\/www.europesays.com\/fr\/wp-json\/wp\/v2\/tags?post=287623"}],"curies":[{"name":"wp","href":"https:\/\/api.w.org\/{rel}","templated":true}]}}