{"id":28763,"date":"2025-04-16T07:52:15","date_gmt":"2025-04-16T07:52:15","guid":{"rendered":"https:\/\/www.europesays.com\/fr\/28763\/"},"modified":"2025-04-16T07:52:15","modified_gmt":"2025-04-16T07:52:15","slug":"lautrice-castelroussine-elodie-garnier-explore-les-relations-toxiques-dans-un-troisieme-roman","status":"publish","type":"post","link":"https:\/\/www.europesays.com\/fr\/28763\/","title":{"rendered":"l\u2019autrice castelroussine \u00c9lodie Garnier explore les relations toxiques dans un troisi\u00e8me roman"},"content":{"rendered":"<p>\u00ab\u00a0Je ne l\u2019ai pas encore vu, je vais le d\u00e9couvrir sur la table en arrivant au salon, en m\u00eame temps que mes lectrices\u00a0\u00bb, lance \u00c9lodie Garnier, autrice castelroussine et l\u2019une des t\u00eates d\u2019affiche <a target=\"_self\" href=\"https:\/\/www.lanouvellerepublique.fr\/chateauroux\/chateauroux-douglas-kennedy-philippe-besson-et-nathalie-saint-cricq-presents-a-l-envolee-des-livres-2025-1738170158\" rel=\"noopener\">de l\u2019\u00e9dition 2025 de l\u2019Envol\u00e9e des livres<\/a>, qui aura lieu le week-end des 26 et 27\u00a0avril prochains. Son troisi\u00e8me roman, Je n\u2019oublierai jamais ta voix\u00a0sort aux \u00e9ditions HarperCollins \u00e0 la mi-mai, mais il sera disponible en avant-premi\u00e8re sur le salon\u00a0: \u00ab\u00a0J\u2019en aurai 200 exemplaires, s\u2019enthousiasme \u00c9lodie, j\u2019esp\u00e8re que ce sera assez.\u00a0\u00bb<\/p>\n<p>\u00ab\u00a0Alix est sous emprise, et vit une vraie descente aux enfers\u00a0\u00bb<\/p>\n<p><a target=\"_blank\" href=\"https:\/\/www.elodiegarnier.com\/\" rel=\"noopener\">\u00c9lodie Garnier a commenc\u00e9 \u00e0 \u00e9crire des nouvelles sur Internet en 2018<\/a>, \u00ab\u00a0sans pr\u00e9tention, \u00e0 la mani\u00e8re d\u2019un journal intime\u00a0\u00bb, se souvient-elle. Son blog s\u2019est d\u00e9velopp\u00e9, elle a commenc\u00e9 \u00e0 \u00eatre lue, et \u00e0 partager des t\u00e9moignages de femmes. Et puis, en 2019, elle s\u2019est lanc\u00e9e dans l\u2019\u00e9criture de son premier roman, Juste une fois pour essayer, publi\u00e9 en pleine pand\u00e9mie de Covid-19, qui a trouv\u00e9 un succ\u00e8s auquel la jeune femme de 33\u00a0ans \u00e0 l\u2019\u00e9poque ne s\u2019attendait pas. \u00ab\u00a0En 48 h, on le r\u00e9imprime. Et quelques mois apr\u00e8s, mon \u00e9ditrice me demande d\u2019\u00e9crire la suite, mais je n\u2019y avais jamais pens\u00e9\u00a0\u00bb, se rappelle-t-elle, alors que le troisi\u00e8me tome de la saga\u00a0\u2013 qui peut se lire dans n\u2019importe quel ordre\u00a0\u2013 est en cours d\u2019impression.<\/p>\n<p>Si ses livres sont \u00ab\u00a0accessibles \u00e0 tous\u00a0\u00bb, des \u00ab\u00a0histoires d\u2019amour et d\u2019amiti\u00e9 universelles auxquelles chacun peut s\u2019identifier\u00a0\u00bb, le troisi\u00e8me d\u00e9passe le domaine de la romance pour s\u2019attaquer \u00e0 un sujet sensible et d\u2019actualit\u00e9, <a target=\"_self\" href=\"https:\/\/www.lanouvellerepublique.fr\/chateauroux\/pas-seules-a-souffrir-dans-l-indre-la-parole-qui-libere-les-femmes-victimes-de-violences-avec-dirensemble\" rel=\"noopener\">celui des relations toxiques<\/a>. Aujourd\u2019hui, \u00ab\u00a0on parle beaucoup des pervers narcissiques, mais il y a aussi des perverses narcissiques. Les femmes aussi sont concern\u00e9es, en amour comme en amiti\u00e9\u00a0\u00bb, lance l\u2019autrice, qui avait \u00ab\u00a0\u00e0 c\u0153ur de raconter cette histoire, et d\u2019\u00eatre le plus juste possible\u00a0\u00bb dans la repr\u00e9sentation qu\u2019elle donnerait de cette relation toxique entre deux femmes.<\/p>\n<p>Un processus d\u2019\u00e9criture intense<\/p>\n<p>Pour \u00e7a, <a target=\"_self\" href=\"https:\/\/www.lanouvellerepublique.fr\/chateauroux\/la-romanciere-castelroussine-elodie-garnier-ce-week-end-a-l-envolee-des-livres\" rel=\"noopener\">\u00c9lodie Garnier n\u2019a rien laiss\u00e9 au hasard<\/a>. \u00ab\u00a0C\u2019est un sujet tr\u00e8s dur \u00e0 traiter\u00a0\u00bb, confie celle qui \u00e9crit surtout la nuit, dans sa chambre, apr\u00e8s \u00eatre rentr\u00e9e du travail. \u00ab\u00a0Il a fallu beaucoup se documenter\u00a0\u00bb, indique-t-elle. \u00ab\u00a0J\u2019ai fait appel \u00e0 un m\u00e9decin, pour parler des diff\u00e9rents sympt\u00f4mes de la d\u00e9pression, et j\u2019ai aussi fait une immersion dans un service de l\u2019h\u00f4pital de Ch\u00e2teauroux\u00a0\u00bb, pour \u00eatre s\u00fbre de ne pas faire de contresens. Une exp\u00e9rience enrichissante pour la romanci\u00e8re, mais violente \u00e9motionnellement.<\/p>\n<p>\u00ab\u00a0Pour \u00e9crire, je me mets vraiment dans la peau du personnage\u00a0\u00bb, confie \u00c9lodie Garnier. Castelroussine depuis quinze\u00a0ans, elle a r\u00e9ellement ancr\u00e9 son dernier roman dans sa ville de c\u0153ur. Pour faciliter cette immersion dans la vie imaginaire de ses personnages, l\u2019une d\u2019elles porte m\u00eame son pr\u00e9nom. \u00ab\u00a0Alix, le personnage principal, est sous emprise, et vit une vraie descente aux enfers.\u00a0\u00bb L\u2019\u00e9criture de son histoire a fait vivre des \u00ab\u00a0\u00e9motions particuli\u00e8res\u00a0\u00bb \u00e0 l\u2019autrice, qui vit ces derniers temps dans l\u2019impatience de pr\u00e9senter sa derni\u00e8re cr\u00e9ation \u00e0 ses lectrices, sa \u00ab\u00a0communaut\u00e9\u00a0\u00bb, et de d\u00e9couvrir leurs retours.<\/p>\n<p>\u00c9lodie Garnier sera pr\u00e9sente les samedis 26 et dimanche 27\u00a0avril 2025 sur le salon l\u2019Envol\u00e9e des livres, au couvent des Cordeliers, \u00e0 Ch\u00e2teauroux.<\/p>\n<p>Synopsis<\/p>\n<p>\u00ab\u00a0Une relation toxique.\u00a0Une emprise qui consume.\u00a0Une amiti\u00e9 qui peine \u00e0 r\u00e9sister. Jusqu\u2019au drame. Ins\u00e9parables depuis douze ans, Alix et \u00c9lodie voient leur relation basculer lors d\u2019une soir\u00e9e arros\u00e9e. Sous le charme magn\u00e9tique de D\u00e9borah, Alix succombe \u00e0 un coup de foudre qui bouleverse sa vie. Par amour pour cette femme, elle quitte tout. Vraiment tout. Y compris son compagnon. Le pi\u00e8ge, peu \u00e0 peu, se referme. Famille, amis assistent impuissants \u00e0 son isolement. Plus d\u2019un an apr\u00e8s leur dernier \u00e9change, \u00c9lodie re\u00e7oit un appel inattendu qui fait resurgir le pass\u00e9. Qu\u2019est-il r\u00e9ellement arriv\u00e9\u00a0? Quels sombres secrets ont conduit Alix \u00e0 sa perte\u00a0? Une qu\u00eate de v\u00e9rit\u00e9 s\u2019engage, affectant \u00c9lodie \u00e0 jamais.\u00a0\u00bb<\/p>\n<p>\u00ab\u00a0Je n\u2019oublierai jamais ta voix\u00a0\u00bb, HarperCollins, 320p, sortie le 14\u00a0mai 2025.<\/p>\n","protected":false},"excerpt":{"rendered":"\u00ab\u00a0Je ne l\u2019ai pas encore vu, je vais le d\u00e9couvrir sur la table en arrivant au salon, en&hellip;\n","protected":false},"author":2,"featured_media":28764,"comment_status":"","ping_status":"","sticky":false,"template":"","format":"standard","meta":{"footnotes":""},"categories":[1357],"tags":[1392,1379,4351,58,59,652,1011,27,5052,1380,500,798,797],"class_list":{"0":"post-28763","1":"post","2":"type-post","3":"status-publish","4":"format-standard","5":"has-post-thumbnail","7":"category-livres","8":"tag-a-la-une-local","9":"tag-books","10":"tag-chateauroux","11":"tag-divertissement","12":"tag-entertainment","13":"tag-famille","14":"tag-fr","15":"tag-france","16":"tag-indre","17":"tag-livres","18":"tag-medias","19":"tag-violences-conjugales","20":"tag-violences-faites-aux-femmes"},"share_on_mastodon":{"url":"https:\/\/pubeurope.com\/@fr\/114346560286646239","error":""},"_links":{"self":[{"href":"https:\/\/www.europesays.com\/fr\/wp-json\/wp\/v2\/posts\/28763","targetHints":{"allow":["GET"]}}],"collection":[{"href":"https:\/\/www.europesays.com\/fr\/wp-json\/wp\/v2\/posts"}],"about":[{"href":"https:\/\/www.europesays.com\/fr\/wp-json\/wp\/v2\/types\/post"}],"author":[{"embeddable":true,"href":"https:\/\/www.europesays.com\/fr\/wp-json\/wp\/v2\/users\/2"}],"replies":[{"embeddable":true,"href":"https:\/\/www.europesays.com\/fr\/wp-json\/wp\/v2\/comments?post=28763"}],"version-history":[{"count":0,"href":"https:\/\/www.europesays.com\/fr\/wp-json\/wp\/v2\/posts\/28763\/revisions"}],"wp:featuredmedia":[{"embeddable":true,"href":"https:\/\/www.europesays.com\/fr\/wp-json\/wp\/v2\/media\/28764"}],"wp:attachment":[{"href":"https:\/\/www.europesays.com\/fr\/wp-json\/wp\/v2\/media?parent=28763"}],"wp:term":[{"taxonomy":"category","embeddable":true,"href":"https:\/\/www.europesays.com\/fr\/wp-json\/wp\/v2\/categories?post=28763"},{"taxonomy":"post_tag","embeddable":true,"href":"https:\/\/www.europesays.com\/fr\/wp-json\/wp\/v2\/tags?post=28763"}],"curies":[{"name":"wp","href":"https:\/\/api.w.org\/{rel}","templated":true}]}}