{"id":287631,"date":"2025-07-31T22:03:15","date_gmt":"2025-07-31T22:03:15","guid":{"rendered":"https:\/\/www.europesays.com\/fr\/287631\/"},"modified":"2025-07-31T22:03:15","modified_gmt":"2025-07-31T22:03:15","slug":"royaume-uni-canada-leffet-dentrainement-de-la-france","status":"publish","type":"post","link":"https:\/\/www.europesays.com\/fr\/287631\/","title":{"rendered":"Royaume-Uni, Canada&#8230; l\u2019effet d\u2019entra\u00eenement de la France"},"content":{"rendered":"<p>Apr\u00e8s le <a href=\"https:\/\/www.ledauphine.com\/defense-guerre-conflit\/2025\/07\/29\/le-royaume-uni-reconnaitra-l-etat-de-palestine-en-septembre-sauf-si-israel-prend-certains-engagements\" target=\"_blank\" rel=\"noopener\">Royaume-Uni mardi<\/a>, le Canada et le Portugal ont annonc\u00e9 \u00e0 leur tour leur <a href=\"https:\/\/www.ledauphine.com\/politique\/2025\/07\/31\/le-gouvernement-portugais-envisage-a-son-tour-de-reconnaitre-l-etat-de-palestine\" target=\"_blank\" rel=\"noopener\">intention de reconna\u00eetre la Palestine<\/a> lors de l\u2019assembl\u00e9e g\u00e9n\u00e9rale des Nations unies \u00e0 New York en septembre. <a href=\"https:\/\/www.ledauphine.com\/p\/emmanuel-macron\" target=\"_blank\" rel=\"noopener\">Emmanuel Macron<\/a> remporte un succ\u00e8s diplomatique en entra\u00eenant d\u2019autres pays dans le sillage de la France.<\/p>\n<p>Le Premier ministre canadien Mark Carney pose toutefois des conditions\u00a0: l\u2019Autorit\u00e9 palestinienne doit se r\u00e9former et \u00e9carter le Hamas de toute activit\u00e9 officielle. Ce qui correspond aux promesses du pr\u00e9sident palestinien, Mahmoud Abbas, qui s\u2019est engag\u00e9 \u00e0 faire de la Palestine un \u00c9tat d\u00e9militaris\u00e9 et \u00e0 organiser des \u00e9lections en 2026.<\/p>\n<p>Le Premier ministre britannique met pour sa part la pression sur Isra\u00ebl. <a href=\"https:\/\/www.ledauphine.com\/p\/keir-starmer\" target=\"_blank\" rel=\"noopener\">Keir Starmer<\/a> explique que le Royaume-Uni pourrait faire marche arri\u00e8re si le gouvernement isra\u00e9lien met fin \u00e0 la situation \u00e9pouvantable \u00e0 Gaza, accepte un cessez-le-feu et s\u2019engage en faveur d\u2019une paix \u00e0 long terme en garantissant la perspective d\u2019une solution \u00e0 deux \u00c9tats.<\/p>\n<p>Un \u00c9tat palestinien de moins\u00a0en moins viable<\/p>\n<p>La France a r\u00e9ussi \u00e0 convaincre d\u2019autres pays qui h\u00e9sitaient encore en leur faisant partager son indignation sur la fa\u00e7on dont Isra\u00ebl conduit la <a href=\"https:\/\/www.ledauphine.com\/defense-guerre-conflit\/2025\/07\/30\/au-moins-trente-palestiniens-tues-a-gaza-bruxelles-reclame-l-evacuation-d-un-chercheur\" target=\"_blank\" rel=\"noopener\">guerre \u00e0 Gaza<\/a> en riposte \u00e0 l\u2019attaque terroriste du Hamas du 7\u00a0octobre 2023. \u00ab\u00a0Le <a href=\"https:\/\/www.ledauphine.com\/defense-guerre-conflit\/2025\/07\/29\/le-pire-scenario-de-famine-est-en-cours-a-gaza-selon-un-rapport-ipc-organisme-soutenu-par-l-onu\" target=\"_blank\" rel=\"noopener\">pire sc\u00e9nario de famine est en cours \u00e0 Gaza<\/a> \u00bb, indique l\u2019IPC (Cadre int\u00e9gr\u00e9 de classification de la s\u00e9curit\u00e9 alimentaire) dans un rapport publi\u00e9 mardi. Plus de 20\u00a0000 enfants ont \u00e9t\u00e9 trait\u00e9s contre la malnutrition aigu\u00eb entre avril et mi-juillet, dont plus de 3\u00a0000 souffraient de malnutrition s\u00e9v\u00e8re, pr\u00e9cise cet organisme international de surveillance de la faim soutenu par l\u2019ONU qui fait \u00e9tat d\u2019au moins 16 d\u00e9c\u00e8s d\u2019enfants de moins de cinq ans signal\u00e9s par les h\u00f4pitaux.<\/p>\n<p>La reconnaissance de la Palestine est aussi une r\u00e9ponse \u00e0 l\u2019intensification des projets de colonisations dans les territoires occup\u00e9s de Cisjordanie qui remettent en cause la viabilit\u00e9 d\u2019un \u00c9tat palestinien et donc la solution \u00e0 deux \u00c9tats \u00e0 laquelle de nombreux pays restent attach\u00e9s, comme l\u2019a montr\u00e9 la conf\u00e9rence organis\u00e9e \u00e0 l\u2019ONU par la France et l\u2019Arabie saoudite.<\/p>\n<p>  L\u2019Allemagne montre son impatience<\/p>\n<p>M\u00eame l\u2019Allemagne, qui reste un alli\u00e9 inconditionnel d\u2019Isra\u00ebl en raison de sa responsabilit\u00e9 historique dans l\u2019extermination des Juifs pendant la Seconde Guerre mondiale, commence \u00e0 montrer son impatience. Le soutien sans limite \u00e0 l\u2019\u00c9tat h\u00e9breu est de plus en plus critiqu\u00e9, y compris au sein du gouvernement. Le ministre allemand des Affaires \u00e9trang\u00e8res Johann Wadephul a lanc\u00e9 une mise en garde \u00e0 Isra\u00ebl ce jeudi en jugeant que l\u2019\u00c9tat h\u00e9breu est de plus en plus isol\u00e9 sur le plan diplomatique face \u00e0 la catastrophe humanitaire \u00e0 Gaza et aux menaces d\u2019annexion de la Cisjordanie.<\/p>\n<p>Cet isolement s\u2019illustrera notamment au Conseil de s\u00e9curit\u00e9 de l\u2019ONU, o\u00f9 la France et le Royaume-Uni vont rejoindre la Chine et la Russie, deux pays ayant d\u00e9j\u00e0 reconnu la Palestine. Les \u00c9tats-Unis resteront le dernier des cinq membres permanents \u00e0 s\u2019opposer \u00e0 un \u00c9tat palestinien. Gr\u00e2ce \u00e0 leur droit de veto, ils pourront emp\u00eacher la Palestine, qui b\u00e9n\u00e9ficie actuellement du statut d\u2019observateur, d\u2019\u00eatre admise \u00e0 l\u2019ONU en tant qu\u2019\u00c9tat membre \u00e0 part enti\u00e8re.<\/p>\n","protected":false},"excerpt":{"rendered":"Apr\u00e8s le Royaume-Uni mardi, le Canada et le Portugal ont annonc\u00e9 \u00e0 leur tour leur intention de reconna\u00eetre&hellip;\n","protected":false},"author":2,"featured_media":287632,"comment_status":"","ping_status":"","sticky":false,"template":"","format":"standard","meta":{"footnotes":""},"categories":[1588],"tags":[11,3206,1777,674,107,329,664,12,3518,316,473,1853,1851,1850,1852],"class_list":{"0":"post-287631","1":"post","2":"type-post","3":"status-publish","4":"format-standard","5":"has-post-thumbnail","7":"category-royaume-uni","8":"tag-actualites","9":"tag-defense-guerre-conflit","10":"tag-eu","11":"tag-europe","12":"tag-fil-info","13":"tag-france-monde","14":"tag-israel","15":"tag-news","16":"tag-palestine","17":"tag-politique","18":"tag-royaume-uni","19":"tag-royaume-uni-de-grande-bretagne-et-dirlande-du-nord","20":"tag-uk","21":"tag-united-kingdom","22":"tag-united-kingdom-of-great-britain-and-northern-ireland"},"share_on_mastodon":{"url":"https:\/\/pubeurope.com\/@fr\/114950111577337740","error":""},"_links":{"self":[{"href":"https:\/\/www.europesays.com\/fr\/wp-json\/wp\/v2\/posts\/287631","targetHints":{"allow":["GET"]}}],"collection":[{"href":"https:\/\/www.europesays.com\/fr\/wp-json\/wp\/v2\/posts"}],"about":[{"href":"https:\/\/www.europesays.com\/fr\/wp-json\/wp\/v2\/types\/post"}],"author":[{"embeddable":true,"href":"https:\/\/www.europesays.com\/fr\/wp-json\/wp\/v2\/users\/2"}],"replies":[{"embeddable":true,"href":"https:\/\/www.europesays.com\/fr\/wp-json\/wp\/v2\/comments?post=287631"}],"version-history":[{"count":0,"href":"https:\/\/www.europesays.com\/fr\/wp-json\/wp\/v2\/posts\/287631\/revisions"}],"wp:featuredmedia":[{"embeddable":true,"href":"https:\/\/www.europesays.com\/fr\/wp-json\/wp\/v2\/media\/287632"}],"wp:attachment":[{"href":"https:\/\/www.europesays.com\/fr\/wp-json\/wp\/v2\/media?parent=287631"}],"wp:term":[{"taxonomy":"category","embeddable":true,"href":"https:\/\/www.europesays.com\/fr\/wp-json\/wp\/v2\/categories?post=287631"},{"taxonomy":"post_tag","embeddable":true,"href":"https:\/\/www.europesays.com\/fr\/wp-json\/wp\/v2\/tags?post=287631"}],"curies":[{"name":"wp","href":"https:\/\/api.w.org\/{rel}","templated":true}]}}