{"id":287637,"date":"2025-07-31T22:06:18","date_gmt":"2025-07-31T22:06:18","guid":{"rendered":"https:\/\/www.europesays.com\/fr\/287637\/"},"modified":"2025-07-31T22:06:18","modified_gmt":"2025-07-31T22:06:18","slug":"la-slovenie-va-interdire-le-commerce-darmes-avec-israel-jugeant-lunion-europeenne-incapable-de-prendre-une-telle-mesure","status":"publish","type":"post","link":"https:\/\/www.europesays.com\/fr\/287637\/","title":{"rendered":"la Slov\u00e9nie va interdire le commerce d&rsquo;armes avec Isra\u00ebl, jugeant l&rsquo;Union europ\u00e9enne \u00ab\u00a0incapable de prendre\u00a0\u00bb une telle mesure"},"content":{"rendered":"<p class=\"c-chapo \">\n  \u00ab\u00a0Des gens (&#8230;) meurent parce que l&rsquo;aide humanitaire leur est syst\u00e9matiquement refus\u00e9e\u00a0\u00bb dans la bande de Gaza et il est du \u00ab\u00a0devoir de chaque Etat responsable de prendre des mesures\u00a0\u00bb, a poursuivi Ljubljana.\n<\/p>\n<p>            lire plus tard<\/p>\n<p id=\"dialog__title\" class=\"dialog__title\">Pour sauvegarder cet article, connectez-vous ou cr\u00e9ez un compte franceinfo<\/p>\n<p class=\"dialog__description\">Sans paiement. Sans abonnement.<\/p>\n<p>        Fermer la fen\u00eatre d\u2019activation des notifications France Info<\/p>\n<p>            cr\u00e9er votre compte<\/p>\n<p>            se connecter<\/p>\n<p>        Fermer la fen\u00eatre de pr\u00e9sentation<\/p>\n<p>    <img loading=\"lazy\" decoding=\"async\" class=\"signature__image lazyload\" width=\"100\" height=\"100\" data- alt=\"\" src=\"https:\/\/www.europesays.com\/fr\/wp-content\/uploads\/2025\/05\/64a68815cd1a7_placeholder-36b69ec8.png\"\/><\/p>\n<p>    Publi\u00e9 le 31\/07\/2025 23:15<\/p>\n<p>        Temps de lecture : 1min<\/p>\n<p>    <img decoding=\"async\"  alt=\"Le Premier ministre slov\u00e8ne Robert Golob s'adresse aux m\u00e9dias avant le Conseil europ\u00e9en \u00e0 Bruxelles, le 26 juin 2025. (DANIEL PIER \/ NURPHOTO \/ AFP)\" width=\"432\" height=\"243\" src=\"https:\/\/www.europesays.com\/fr\/wp-content\/uploads\/2025\/07\/075-pelletier-notitle250708-npnia-688bdc5318d69500738472.jpg\" fetchpriority=\"high\"\/><\/p>\n<p>      Le Premier ministre slov\u00e8ne Robert Golob s&rsquo;adresse aux m\u00e9dias avant le Conseil europ\u00e9en \u00e0 Bruxelles, le 26 juin 2025. (DANIEL PIER \/ NURPHOTO \/ AFP)<\/p>\n<p>La Slov\u00e9nie a annonc\u00e9 qu&rsquo;elle allait interdire tout commerce d&rsquo;armes avec Isra\u00ebl en raison de la guerre dans la bande de Gaza.\u00a0\u00ab\u00a0La Slov\u00e9nie est le premier pays europ\u00e9en \u00e0 interdire l&rsquo;importation, l&rsquo;exportation et le transit d&rsquo;armes de et vers Isra\u00ebl\u00a0\u00bb, a d\u00e9clar\u00e9 le gouvernement slov\u00e8ne, jeudi 31 juillet, ajoutant qu&rsquo;il agissait de mani\u00e8re ind\u00e9pendante. Et ce, car l&rsquo;UE est, selon lui, \u00ab\u00a0incapable de prendre des mesures concr\u00e8tes (&#8230;) en raison de d\u00e9saccords internes et d&rsquo;un manque d&rsquo;unit\u00e9\u00a0\u00bb.<\/p>\n<p>\u00ab\u00a0Des gens (&#8230;) meurent parce que l&rsquo;aide humanitaire leur est syst\u00e9matiquement refus\u00e9e\u00a0\u00bb dans la bande de Gaza et il est du \u00ab\u00a0devoir de chaque Etat responsable de prendre des mesures, m\u00eame si cela signifie \u00eatre en avance sur les autres\u00a0\u00bb, a poursuivi Ljubljana, <a href=\"https:\/\/www.franceinfo.fr\/monde\/palestine\/apres-l-espagne-l-irlande-et-la-norvege-le-parlement-de-slovenie-reconnait-l-etat-de-palestine_6584754.html\" rel=\"nofollow noopener\" target=\"_blank\">qui a reconnu un Etat de Palestine en juin 2024<\/a>.<\/p>\n<p>Le gouvernement slov\u00e8ne a ajout\u00e9 qu&rsquo;il n&rsquo;avait pas d\u00e9livr\u00e9 de permis pour l&rsquo;exportation d&rsquo;armes et d&rsquo;autres \u00e9quipements militaires vers Isra\u00ebl depuis octobre 2023 \u00e0 cause du conflit dans ce territoire palestinien. D\u00e9but juillet, la Slov\u00e9nie a interdit \u00e0 deux ministres isra\u00e9liens d&rsquo;extr\u00eame droite d&rsquo;entrer sur son territoire, les accusant d&rsquo;inciter \u00e0 \u00ab\u00a0une violence extr\u00eame\u00a0\u00bb et \u00e0 \u00ab\u00a0des violations graves des droits humains des Palestiniens\u00a0\u00bb avec \u00ab\u00a0leurs d\u00e9clarations g\u00e9nocidaires\u00a0\u00bb.<\/p>\n<p class=\"related-tags__title\" role=\"heading\" aria-level=\"2\">les mots-cl\u00e9s associ\u00e9s \u00e0 cet article\n    <\/p>\n","protected":false},"excerpt":{"rendered":"\u00ab\u00a0Des gens (&#8230;) meurent parce que l&rsquo;aide humanitaire leur est syst\u00e9matiquement refus\u00e9e\u00a0\u00bb dans la bande de Gaza et&hellip;\n","protected":false},"author":2,"featured_media":287638,"comment_status":"","ping_status":"","sticky":false,"template":"","format":"standard","meta":{"footnotes":""},"categories":[1586],"tags":[11,1777,674,1779,1011,27,12,25,1778,364],"class_list":{"0":"post-287637","1":"post","2":"type-post","3":"status-publish","4":"format-standard","5":"has-post-thumbnail","7":"category-europe","8":"tag-actualites","9":"tag-eu","10":"tag-europe","11":"tag-european-union","12":"tag-fr","13":"tag-france","14":"tag-news","15":"tag-republique-francaise","16":"tag-ue","17":"tag-union-europeenne"},"share_on_mastodon":{"url":"https:\/\/pubeurope.com\/@fr\/114950123475520775","error":""},"_links":{"self":[{"href":"https:\/\/www.europesays.com\/fr\/wp-json\/wp\/v2\/posts\/287637","targetHints":{"allow":["GET"]}}],"collection":[{"href":"https:\/\/www.europesays.com\/fr\/wp-json\/wp\/v2\/posts"}],"about":[{"href":"https:\/\/www.europesays.com\/fr\/wp-json\/wp\/v2\/types\/post"}],"author":[{"embeddable":true,"href":"https:\/\/www.europesays.com\/fr\/wp-json\/wp\/v2\/users\/2"}],"replies":[{"embeddable":true,"href":"https:\/\/www.europesays.com\/fr\/wp-json\/wp\/v2\/comments?post=287637"}],"version-history":[{"count":0,"href":"https:\/\/www.europesays.com\/fr\/wp-json\/wp\/v2\/posts\/287637\/revisions"}],"wp:featuredmedia":[{"embeddable":true,"href":"https:\/\/www.europesays.com\/fr\/wp-json\/wp\/v2\/media\/287638"}],"wp:attachment":[{"href":"https:\/\/www.europesays.com\/fr\/wp-json\/wp\/v2\/media?parent=287637"}],"wp:term":[{"taxonomy":"category","embeddable":true,"href":"https:\/\/www.europesays.com\/fr\/wp-json\/wp\/v2\/categories?post=287637"},{"taxonomy":"post_tag","embeddable":true,"href":"https:\/\/www.europesays.com\/fr\/wp-json\/wp\/v2\/tags?post=287637"}],"curies":[{"name":"wp","href":"https:\/\/api.w.org\/{rel}","templated":true}]}}