{"id":287654,"date":"2025-07-31T22:17:10","date_gmt":"2025-07-31T22:17:10","guid":{"rendered":"https:\/\/www.europesays.com\/fr\/287654\/"},"modified":"2025-07-31T22:17:10","modified_gmt":"2025-07-31T22:17:10","slug":"tdf-tour-de-france-femmes-3","status":"publish","type":"post","link":"https:\/\/www.europesays.com\/fr\/287654\/","title":{"rendered":"TDF. Tour de France Femmes"},"content":{"rendered":"<p><strong><a href=\"https:\/\/www.cyclismactu.net\/..\/news-tdf-route-tour-de-france-femmes-maeva-squiban-je-pensais-que-mon-capteur-buguait-89371.html\" target=\"_blank\" rel=\"nofollow noopener\">Maeva Squiban<\/a><\/strong> (UAE Team ADQ) nous a offert la premi\u00e8re victoire fran\u00e7aise du <strong><a href=\"https:\/\/www.cyclismactu.net\/..\/news-tdf-route-tour-de-france-femmes-maeva-squiban-s-offre-6e-etape-1ere-victoire-francaise-89368.html\" target=\"_blank\" rel=\"nofollow noopener\">Tour de France Femmes avec Zwift<\/a><\/strong>. La coureuse de 23 ans s&rsquo;est extirp\u00e9e dans la derni\u00e8re ascension du jour, le Col du Chansert, avant de s&rsquo;imposer en solitaire dans les rues d&rsquo;Ambert. Pr\u00e9sente dans le groupe des favorites sur cette 6e \u00e9tape, la tenante du titre,<strong> Katarzyna Niewiadoma<\/strong> (CANYON\/\/SRAM Zondacrypto) s&rsquo;est class\u00e9e douzi\u00e8me de cette \u00e9tape, mais passe \u00e0 la 3e place du classement g\u00e9n\u00e9ral, \u00e0 seulement 30 secondes du Maillot Jaune, la Mauricienne <strong>Kim Le Court Pienaar<\/strong> (AG Insurance-Soudal Team), gr\u00e2ce aux bonifications prises au sprint bonus. La Polonaise s&rsquo;est exprim\u00e9e \u00e0 l&rsquo;arriv\u00e9e au micro d&rsquo;Eurosport.<\/p>\n<p>Vid\u00e9o &#8211; Niewiadoma avait remport\u00e9 le Tour de France en 2024 Lire la suite de l&rsquo;article&#13;<\/p>\n<p>\u00a0<\/p>\n<p>&#13;<br \/>\n\u00ab\u00a0Vers la fin, j\u2019avais l\u2019impression d\u2019\u00eatre de nouveau bien en jambes&#8230;\u00a0\u00bb&#13;<\/p>\n<p>\u00ab\u00a0Je dirais que certaines coureuses ont am\u00e9lior\u00e9 leur technique en descente, comme Paulina Rooijakkers. Normalement, je dirais qu\u2019elle aurait du mal \u00e0 rester avec le groupe principal apr\u00e8s une descente. Et bien s\u00fbr, c\u2019est une super bonne grimpeuse, mais maintenant je vois qu\u2019elle est toujours l\u00e0, elle roule devant, elle est pr\u00eate et concentr\u00e9e. Je sens que ce punch est toujours en moi. C\u2019est comme mon atout naturel, disons. Je me suis sentie de mieux en mieux au fil de l\u2019\u00e9tape. Au d\u00e9but, avec les premi\u00e8res attaques, je me suis dit : \u00ab\u00a0oh non, il faut que mes jambes se r\u00e9veillent\u00a0\u00bb, mais plus tu es dans le rythme de course et plus tu es concentr\u00e9e, plus c\u2019est facile d\u2019absorber tous les changements d\u2019intensit\u00e9. Vers la fin, j\u2019avais l\u2019impression d\u2019\u00eatre de nouveau bien en jambes. \u00c0 la fin, c\u2019\u00e9tait super d\u2019avoir Rica [Ricarda Bauernfeind, ndlr] avec moi. Parce qu\u2019on sait aussi que Sarah Gigante est une tr\u00e8s bonne grimpeuse, et une fois qu\u2019elle a \u00e9t\u00e9 distanc\u00e9e dans une descente, Rica a maintenu le rythme pour qu\u2019elle ne revienne pas facilement\u00a0\u00bb, conclut <strong>Katarzyna Niewiadoma<\/strong>, au micro d&rsquo;Eurosport apr\u00e8s l&rsquo;arriv\u00e9e de cette 6e \u00e9tape.<\/p>\n<p>Tour de France Femmes avec Zwift &#8211; Classement de la 6\u00e8 \u00e9tape Tour de France Femmes avec Zwift &#8211; Classement g\u00e9n\u00e9ral provisoire apr\u00e8s la 6\u00e8 \u00e9tape<\/p>\n","protected":false},"excerpt":{"rendered":"Maeva Squiban (UAE Team ADQ) nous a offert la premi\u00e8re victoire fran\u00e7aise du Tour de France Femmes avec&hellip;\n","protected":false},"author":2,"featured_media":287655,"comment_status":"","ping_status":"","sticky":false,"template":"","format":"standard","meta":{"footnotes":""},"categories":[1411],"tags":[1154,207,211,1011,27,209,60,210,11098,212,208,213],"class_list":{"0":"post-287654","1":"post","2":"type-post","3":"status-publish","4":"format-standard","5":"has-post-thumbnail","7":"category-cyclisme","8":"tag-cycling","9":"tag-cyclisme","10":"tag-ffc","11":"tag-fr","12":"tag-france","13":"tag-route","14":"tag-sports","15":"tag-tour-de-france","16":"tag-tour-de-france-femmes","17":"tag-uci","18":"tag-velo","19":"tag-world-tour"},"share_on_mastodon":{"url":"https:\/\/pubeurope.com\/@fr\/114950166544786024","error":""},"_links":{"self":[{"href":"https:\/\/www.europesays.com\/fr\/wp-json\/wp\/v2\/posts\/287654","targetHints":{"allow":["GET"]}}],"collection":[{"href":"https:\/\/www.europesays.com\/fr\/wp-json\/wp\/v2\/posts"}],"about":[{"href":"https:\/\/www.europesays.com\/fr\/wp-json\/wp\/v2\/types\/post"}],"author":[{"embeddable":true,"href":"https:\/\/www.europesays.com\/fr\/wp-json\/wp\/v2\/users\/2"}],"replies":[{"embeddable":true,"href":"https:\/\/www.europesays.com\/fr\/wp-json\/wp\/v2\/comments?post=287654"}],"version-history":[{"count":0,"href":"https:\/\/www.europesays.com\/fr\/wp-json\/wp\/v2\/posts\/287654\/revisions"}],"wp:featuredmedia":[{"embeddable":true,"href":"https:\/\/www.europesays.com\/fr\/wp-json\/wp\/v2\/media\/287655"}],"wp:attachment":[{"href":"https:\/\/www.europesays.com\/fr\/wp-json\/wp\/v2\/media?parent=287654"}],"wp:term":[{"taxonomy":"category","embeddable":true,"href":"https:\/\/www.europesays.com\/fr\/wp-json\/wp\/v2\/categories?post=287654"},{"taxonomy":"post_tag","embeddable":true,"href":"https:\/\/www.europesays.com\/fr\/wp-json\/wp\/v2\/tags?post=287654"}],"curies":[{"name":"wp","href":"https:\/\/api.w.org\/{rel}","templated":true}]}}