{"id":287660,"date":"2025-07-31T22:21:22","date_gmt":"2025-07-31T22:21:22","guid":{"rendered":"https:\/\/www.europesays.com\/fr\/287660\/"},"modified":"2025-07-31T22:21:22","modified_gmt":"2025-07-31T22:21:22","slug":"book-club-de-point-de-vue-philomena-dorleans-comtesse-de-paris-ses-coups-de-coeur-litteraires","status":"publish","type":"post","link":"https:\/\/www.europesays.com\/fr\/287660\/","title":{"rendered":"Book club de Point de Vue : Philomena d&rsquo;Orl\u00e9ans, comtesse de Paris, ses coups de c\u0153ur litt\u00e9raires"},"content":{"rendered":"<p><strong>Quel est votre livre favori\u00a0?\u00a0<\/strong><br \/>Il y a de nombreux livres que j&rsquo;ai beaucoup aim\u00e9s et que je relirai sans jamais m&rsquo;en lasser, mais je n&rsquo;ai pas \u00ab\u00a0un\u00a0\u00bb livre favori. Je dois pleurer d&rsquo;\u00e9motion \u00e0 chaque fois que je relis <strong>Die Spitzin<\/strong><strong> de Marie von Ebner-Eschenbach<\/strong>, une arri\u00e8re-grande-tante, et je me mets \u00e0 r\u00e9fl\u00e9chir longuement lorsque je relis <strong>Mirabeau<\/strong><strong> du grand p\u00e8re de ma grand-m\u00e8re, Frantz von Werner<\/strong> connu \u00e9galement sous le nom Murad Effendi, mais ils sont en langue allemande. Ils n&rsquo;en sont pas moins beaux et int\u00e9ressants. Sinon, j&rsquo;en ai deux l\u00e9gers, que je prends avec moi, et que j&rsquo;aime feuilleter en toutes circonstances. Des petits livres de sac \u00e0 main en quelque sorte&#8230; <strong>Le premier est <\/strong><strong>The importance of being Earnest<\/strong><strong> (<\/strong><strong>L&rsquo;importance d&rsquo;\u00eatre Constant)<\/strong><strong>, <\/strong><a target=\"_blank\" href=\"https:\/\/www.pointdevue.fr\/culture\/cinema\/rupert-everett-dans-la-peau-doscar-wilde\" rel=\"nofollow noopener\"><strong>d&rsquo;Oscar Wilde<\/strong><\/a><strong> en anglais !<\/strong> Je peux l&rsquo;ouvrir en n&rsquo;importe quelle circonstance, et quelle que soit la page sur laquelle je tombe, quelques r\u00e9pliques suffisent et ma bonne humeur revient, plus rien ne me parait trop grave, trop s\u00e9rieux, ou trop embarrassant ! Je le connais un peu par c\u0153ur, mais je ne m&rsquo;en lasse pas!\u00a0<\/p>\n<p><img decoding=\"async\" src=\"https:\/\/www.europesays.com\/fr\/wp-content\/uploads\/2025\/07\/ErnestItTZxxzsdU.jpg\" alt=\"The importance of being Earnest (L'importance d'\u00eatre Constant) par Oscar Wilde (\u00e9d. Nielsen UK).\"\/><strong>The importance of being Earnest (L&rsquo;importance d&rsquo;\u00eatre Constant) par Oscar Wilde (\u00e9d. Nielsen UK).<\/strong> \u00a9 Amazon<\/p>\n<p>Comme j&rsquo;aime beaucoup la po\u00e9sie, j\u2019emporte aussi toujours avec moi le livre <strong>Anthologie de la po\u00e9sie fran\u00e7aise<\/strong><strong> de Georges Pompidou<\/strong>. Je l\u2019ouvre souvent au hasard et je m\u2019arr\u00eate sur un texte qui me donne envie de relire son auteur. Il y a une po\u00e9sie pour chaque \u00e9tat d\u2019esprit, et il commence par les plus belles po\u00e9sies de Charles d&rsquo;Orl\u00e9ans (1394-1425), que mes enfants ont d\u00fb \u00e9videmment toutes apprendre par c\u0153ur ! Comme disait Montesquieu, \u00ab\u00a0Il n\u2019y a pas de chagrin qu\u2019une heure de lecture n\u2019ait dissip\u00e9\u00a0\u00bb.<\/p>\n<p><a href=\"https:\/\/amzn.to\/4ffo1OX\" target=\"_blank\" rel=\"nofollow noopener\"><img decoding=\"async\" src=\"https:\/\/www.europesays.com\/fr\/wp-content\/uploads\/2025\/07\/819JuF8LjUS._SL1500_G4yt2JFzP1.jpg\" alt=\"Anthologie de la po\u00e9sie fran\u00e7aise par Georges Pompidou (\u00e9d. Livre de Poche).\"\/><\/a><strong>Anthologie de la po\u00e9sie fran\u00e7aise par Georges Pompidou (\u00e9d. Livre de Poche).<\/strong> \u00a9 Amazon<\/p>\n<p><strong>Quel est votre dernier coup de c\u0153ur litt\u00e9raire ?<\/strong><br \/>J\u2019ai beaucoup aim\u00e9<strong> le livre de Boualem Sansal, <\/strong><strong>Le Fran\u00e7ais, parlons-en !<\/strong><strong> <\/strong>Le livre n\u2019est pas optimiste, car il constate la d\u00e9gradation r\u00e9guli\u00e8re de notre langue et la disparition de ceux qui l\u2019utilisent \u00e0 bon escient, comme vecteur d\u2019une civilisation aux racines gr\u00e9co-latines, qui a irrigu\u00e9 le monde entier. Mais la personnalit\u00e9 et l\u2019\u00e9criture de Boualem Sansal, donnent \u00e0 elles seules le motif d\u2019esp\u00e9rer. La qualit\u00e9 litt\u00e9raire de son \u00e9criture donne encore plus de poids \u00e0 son message de libert\u00e9 <strong>et le fait qu\u2019il soit aujourd\u2019hui en captivit\u00e9,<\/strong> comme l&rsquo;a \u00e9t\u00e9 Charles d&rsquo;Orl\u00e9ans, ne fait que souligner son importance.<br \/>Par certains aspects, son livre me rappelle Le testament fran\u00e7ais d\u2019Andre\u00ef Makine. J\u2019ai une grande admiration pour ces nombreux \u00e9crivains \u00e9trangers, devenus fran\u00e7ais pour l\u2019amour de la France, et qui maintiennent <a target=\"_blank\" href=\"https:\/\/www.pointdevue.fr\/society\/actus\/xixe-sommet-de-la-francophonie-lavenir-du-francais-sannonce-favorable\" rel=\"nofollow noopener\">notre langue \u00e0 des niveaux d\u2019excellence<\/a> rarement atteints.<\/p>\n<p><a href=\"https:\/\/amzn.to\/40FMt5Z\" target=\"_blank\" rel=\"nofollow noopener\"><img decoding=\"async\" src=\"https:\/\/www.europesays.com\/fr\/wp-content\/uploads\/2025\/07\/SansalmVnJ4rhRcl.jpg\" alt=\"Le Fran\u00e7ais, parlons-en ! par Boualem Sansal (\u00e9d. cerf).\"\/><\/a><strong>Le Fran\u00e7ais, parlons-en ! par Boualem Sansal (\u00e9d. cerf).<\/strong> \u00a9 Amazon<\/p>\n<p><strong>Avez-vous un livre d\u2019enfance ?<\/strong><br \/>Mes livres d&rsquo;enfance ne pouvaient pas \u00eatre des classiques fran\u00e7ais, puisque<strong> mon p\u00e8re \u00e9tait espagnol et que ma m\u00e8re est autrichienne<\/strong>. Mais il y avait chez mes grands-parents maternels un livre merveilleux, qui me faisait r\u00eaver, dont j&rsquo;admets avoir oubli\u00e9 la trame alors que je l&rsquo;ai lu et relu, mais dont les images et les impressions sont encore tr\u00e8s pr\u00e9sentes dans ma m\u00e9moire. <strong>Il s&rsquo;appelle <\/strong><strong>Le prince vert <\/strong><strong>de Gilles Saint-C\u00e9r\u00e8re et Paul Durand aux \u00e9ditions Hachette<\/strong>. Je vais le rechercher et le relire d\u00e8s que j&rsquo;arriverai \u00e0 Vienne dans quelques jours !<\/p>\n<p><a href=\"https:\/\/amzn.to\/4fbOnRE\" target=\"_blank\" rel=\"nofollow noopener\"><img decoding=\"async\" src=\"https:\/\/www.europesays.com\/fr\/wp-content\/uploads\/2025\/07\/LeprincevertzRlAdCkGN1.jpg\" alt=\"Le prince vert par Gilles Saint-C\u00e9r\u00e8re et Paul Durand (\u00e9d. Grands Albums Hachette).\"\/><\/a><strong>Le prince vert par Gilles Saint-C\u00e9r\u00e8re et Paul Durand (\u00e9d. Grands Albums Hachette).<\/strong> \u00a9 Amazon<\/p>\n<p><strong>Quel livre offrez-vous r\u00e9guli\u00e8rement ?<\/strong><br \/>Le livre que j&rsquo;aime le plus offrir est sans la moindre h\u00e9sitation, <strong>Le proc\u00e8s de Rouen<\/strong><strong>, de Jacques Tr\u00e9molet de Villers<\/strong>.\u00a0Cet ouvrage traite d&rsquo;un moment assez myst\u00e9rieux de l\u2019Histoire de France, qui intrigue et fascine encore aujourd&rsquo;hui dans le monde entier. Il a fait l&rsquo;objet de nombreuses interpr\u00e9tations tant litt\u00e9raires que cin\u00e9matographiques, avec les plus grands acteurs et les plus grands auteurs du monde entier. Ce qui me fait aimer cet ouvrage par dessus tout, ind\u00e9pendamment <strong>de l&rsquo;esp\u00e9rance et de la confiance en l&rsquo;avenir qu&rsquo;il inspire<\/strong>, est que l&rsquo;auteur, avocat de profession, ne fait que reprendre en int\u00e9gralit\u00e9, contextualiser, et expliquer, sans aucune modification ou interpr\u00e9tation personnelle, les minutes du proc\u00e8s. On y <a target=\"_blank\" href=\"https:\/\/www.pointdevue.fr\/culture\/arts\/judith-chemla-jeanne-darc-cest-aussi-la-voix-de-toutes-ces-femmes-que-lon-ne-veut-pas-ecouter\" rel=\"nofollow noopener\">entend Jeanne d&rsquo;Arc en personne<\/a> ! Jeanne d&rsquo;Arc que Francois Cheng de l\u2019Acad\u00e9mie Fran\u00e7aise appelle \u00ab\u00a0le plus grand \u00e9crivain fran\u00e7ais\u00a0\u00bb, et c&rsquo;est vrai !<\/p>\n<p><a href=\"https:\/\/amzn.to\/41mscCC\" target=\"_blank\" rel=\"nofollow noopener\"><img decoding=\"async\" src=\"https:\/\/www.europesays.com\/fr\/wp-content\/uploads\/2025\/07\/71b2b8c4-LL._SL1311_Eymv2a7ixN.jpg\" alt=\"Jeanne d'Arc, Le proc\u00e8s de Rouen par Jacques Tr\u00e9molet de Villers (\u00e9d. Tempus Perrin).\"\/><\/a><strong>Jeanne d&rsquo;Arc, Le proc\u00e8s de Rouen par Jacques Tr\u00e9molet de Villers (\u00e9d. Tempus Perrin).<\/strong> \u00a9 Amazon<\/p>\n<p><strong>Puisque nous sommes en plein \u00e9t\u00e9, quel livre avez-vous d\u00e9vor\u00e9 pendant ces vacances\u00a0?<\/strong><br \/>Passant presque tous les \u00e9t\u00e9s <a target=\"_blank\" href=\"https:\/\/www.pointdevue.fr\/royal\/france\/exclusif-philomena-dorleans-jai-decide-de-me-battre-pour-nos-droits\" rel=\"nofollow noopener\">quelques semaines en Ard\u00e8che<\/a>, je suis tomb\u00e9e <strong>sur quelques ouvrages du philosophe ard\u00e9chois Gustave Thibon<\/strong>. J&rsquo;ai ainsi d\u00e9couvert son livre Diagnostics et ses Pens\u00e9es in\u00e9dites. J\u2019ai beaucoup aim\u00e9 ces aphorismes de bon sens, qu\u2019on aimerait avoir \u00e9crit soi-m\u00eame. J&rsquo;ai trouv\u00e9 tr\u00e8s int\u00e9ressant de voir <strong>qu\u2019il avait accueilli la philosophe Simone Weil pendant la guerre dans sa ferme<\/strong>, et qu&rsquo;ils passaient des heures et des heures en conversation. La rencontre improbable entre ces deux personnages, aussi diff\u00e9rents que deux personnes puissent l\u2019\u00eatre, entre le philosophe paysan chr\u00e9tien, qui n\u2019a jamais quitt\u00e9 son village et la philosophe juive d\u2019inspiration marxiste m&rsquo;intrigue. L\u2019intelligence et l\u2019ouverture d\u2019esprit sont des choses si rares et pourtant si importantes. Je vais donc maintenant lire L\u2019Enracinement de Simone Weil, ouvrage dans lequel elle insiste sur le besoin pour chaque personne de conserver ses racines.<\/p>\n<p><img decoding=\"async\" src=\"https:\/\/www.europesays.com\/fr\/wp-content\/uploads\/2025\/07\/81I8vqFsEPL._SL1500_halCHsEDuN.jpg\" alt=\"L'enracinement par Simone Weil (\u00e9d. Folio essais).\"\/><strong>L&rsquo;enracinement par Simone Weil (\u00e9d. Folio essais).<\/strong> \u00a9 Amazon<\/p>\n<p>\u00a0Lire aussi &gt;&gt; <a target=\"_blank\" href=\"https:\/\/www.pointdevue.fr\/culture\/livres\/book-club-de-point-de-vue-la-princesse-yasmine-murat-ses-coups-de-coeur-litteraires\" rel=\"nofollow noopener\">Book club de Point de Vue : la princesse Yasmine Murat, ses coups de c\u0153ur litt\u00e9raires<\/a><\/p>\n","protected":false},"excerpt":{"rendered":"Quel est votre livre favori\u00a0?\u00a0Il y a de nombreux livres que j&rsquo;ai beaucoup aim\u00e9s et que je relirai&hellip;\n","protected":false},"author":2,"featured_media":287661,"comment_status":"","ping_status":"","sticky":false,"template":"","format":"standard","meta":{"footnotes":""},"categories":[1357],"tags":[1379,58,59,1011,27,1380],"class_list":{"0":"post-287660","1":"post","2":"type-post","3":"status-publish","4":"format-standard","5":"has-post-thumbnail","7":"category-livres","8":"tag-books","9":"tag-divertissement","10":"tag-entertainment","11":"tag-fr","12":"tag-france","13":"tag-livres"},"share_on_mastodon":{"url":"https:\/\/pubeurope.com\/@fr\/114950182664779133","error":""},"_links":{"self":[{"href":"https:\/\/www.europesays.com\/fr\/wp-json\/wp\/v2\/posts\/287660","targetHints":{"allow":["GET"]}}],"collection":[{"href":"https:\/\/www.europesays.com\/fr\/wp-json\/wp\/v2\/posts"}],"about":[{"href":"https:\/\/www.europesays.com\/fr\/wp-json\/wp\/v2\/types\/post"}],"author":[{"embeddable":true,"href":"https:\/\/www.europesays.com\/fr\/wp-json\/wp\/v2\/users\/2"}],"replies":[{"embeddable":true,"href":"https:\/\/www.europesays.com\/fr\/wp-json\/wp\/v2\/comments?post=287660"}],"version-history":[{"count":0,"href":"https:\/\/www.europesays.com\/fr\/wp-json\/wp\/v2\/posts\/287660\/revisions"}],"wp:featuredmedia":[{"embeddable":true,"href":"https:\/\/www.europesays.com\/fr\/wp-json\/wp\/v2\/media\/287661"}],"wp:attachment":[{"href":"https:\/\/www.europesays.com\/fr\/wp-json\/wp\/v2\/media?parent=287660"}],"wp:term":[{"taxonomy":"category","embeddable":true,"href":"https:\/\/www.europesays.com\/fr\/wp-json\/wp\/v2\/categories?post=287660"},{"taxonomy":"post_tag","embeddable":true,"href":"https:\/\/www.europesays.com\/fr\/wp-json\/wp\/v2\/tags?post=287660"}],"curies":[{"name":"wp","href":"https:\/\/api.w.org\/{rel}","templated":true}]}}