{"id":287668,"date":"2025-07-31T22:25:11","date_gmt":"2025-07-31T22:25:11","guid":{"rendered":"https:\/\/www.europesays.com\/fr\/287668\/"},"modified":"2025-07-31T22:25:11","modified_gmt":"2025-07-31T22:25:11","slug":"chikungunya-un-premier-cas-autochtone-detecte-au-pays-basque","status":"publish","type":"post","link":"https:\/\/www.europesays.com\/fr\/287668\/","title":{"rendered":"Chikungunya\u00a0: un premier cas autochtone d\u00e9tect\u00e9 au Pays Basque"},"content":{"rendered":"<p>Un premier cas autochtone de chikungunya a \u00e9t\u00e9 d\u00e9tect\u00e9 mercredi \u00e0 Hendaye (Pyr\u00e9n\u00e9es-Atlantiques). Une op\u00e9ration de d\u00e9moustication aura lieu dans la nuit du samedi 2 au dimanche 3 ao\u00fbt.<\/p>\n<p>C&rsquo;est la premi\u00e8re fois au Pays Basque. Un cas autochtone de chikungunya\u00a0a \u00e9t\u00e9 d\u00e9couvert \u00e0 Hendaye. <strong>Une personne qui n&rsquo;a pas voyag\u00e9 en zone contamin\u00e9e<\/strong> ces quinze derniers jours a contract\u00e9 le\u00a0<a target=\"_blank\" rel=\"nofollow noopener noreferrer\" class=\"IciLink ici-link IciArticleLink g-ici-body-regular-1 underline brand svelte-lu7k6w\" href=\"https:\/\/sante.gouv.fr\/soins-et-maladies\/maladies\/maladies-vectorielles-et-zoonoses\/article\/chikungunya\">chikungunya<\/a>, cette maladie transmise par les moustiques tigres. La victime a sa r\u00e9sidence \u00e0 Hendaye mais a circul\u00e9 en Espagne pour ses activit\u00e9s professionnelles (r\u00e9gion de Saint-S\u00e9bastien). Un autre cas a \u00e9galement \u00e9t\u00e9\u00a0<a class=\"IciLink ici-link IciArticleLink g-ici-body-regular-1 underline brand svelte-lu7k6w\" href=\"https:\/\/www.francebleu.fr\/infos\/sante-sciences\/chikungunya-apres-un-premier-cas-autochtone-dans-les-landes-le-risque-est-que-ca-se-repete-de-plus-en-plus-souvent-1544470\" rel=\"nofollow noopener\" target=\"_blank\">localis\u00e9 dans les Landes<\/a>\u00a0le 28 juillet. Les autorit\u00e9s craignent une possible cha\u00eene de transmission dans ces deux d\u00e9partements.<\/p>\n<p>La Ville d&rsquo;Hendaye communique sur\u00a0<a target=\"_blank\" rel=\"nofollow noopener noreferrer\" class=\"IciLink ici-link IciArticleLink g-ici-body-regular-1 underline brand svelte-lu7k6w\" href=\"https:\/\/www.hendaye.fr\/fr\/?s=chikungunya\">son site internet<\/a>. Dans la nuit du samedi 2 ao\u00fbt au dimanche 3 ao\u00fbt, une op\u00e9ration de d\u00e9moustication aura lieu entre les quartiers gare et\u00a0Joncaux. La d\u00e9sinfection <strong>d\u00e9marrera \u00e0 22 heures et se terminera le lendemain \u00e0 7 heures<\/strong>. \u00ab\u00a0Ce traitement pr\u00e9ventif a pour but de limiter tout risque de transmission locale de maladies telles que la dengue, le chikungunya ou le Zika, suite au passage d\u2019une personne atteinte dans ce secteur\u00a0\u00bb, pr\u00e9cise la mairie.<\/p>\n<p>\u00ab\u00a0Les sympt\u00f4mes de la personne contamin\u00e9e sont l\u00e9gers, explique le pr\u00e9fet des Pyr\u00e9n\u00e9es-Atlantiques, Jean-Marie Girier. Mais\u00a0il faut rester attentifs. Nous appelons \u00e0 <strong>la mise en place des gestes de protection contre les moustiques<\/strong> pendant quelques jours dans le secteur d&rsquo;Hendaye.\u00a0\u00bb<\/p>\n<p>Comment se d\u00e9roulera le traitement\u00a0?<\/p>\n<p>La d\u00e9moustication sera effectu\u00e9e <strong>depuis la voie publique \u00e0 l\u2019aide d\u2019un engin de pulv\u00e9risation<\/strong>.\u00a0Les produits utilis\u00e9s sont les m\u00eames que ceux disponibles dans le commerce ou en pharmacie contre les moustiques (\u00e0 base de pyr\u00e9thrino\u00efdes ou de pyr\u00e9thrines naturelles). Mais la ville d&rsquo;Hendaye publie une liste de recommandations\u00a0:<\/p>\n<ul>\n<li>Rentrez linge, jouets, animaux et gamelles<\/li>\n<li>Fermez vos fen\u00eatres pendant l\u2019intervention et 1h apr\u00e8s<\/li>\n<li>Prot\u00e9gez bassins, piscines et bacs \u00e0 sable<\/li>\n<li>Rincez les jeux\/mobiliers de jardin apr\u00e8s traitement<\/li>\n<li>Attendez 3 jours pour consommer les produits du potager<\/li>\n<li>En cas de sympt\u00f4mes inhabituels\u00a0: contactez votre m\u00e9decin ou le centre antipoison (05 56 96 40 80)<\/li>\n<\/ul>\n","protected":false},"excerpt":{"rendered":"Un premier cas autochtone de chikungunya a \u00e9t\u00e9 d\u00e9tect\u00e9 mercredi \u00e0 Hendaye (Pyr\u00e9n\u00e9es-Atlantiques). Une op\u00e9ration de d\u00e9moustication aura&hellip;\n","protected":false},"author":2,"featured_media":287669,"comment_status":"","ping_status":"","sticky":false,"template":"","format":"standard","meta":{"footnotes":""},"categories":[10],"tags":[1011,27,72,71],"class_list":{"0":"post-287668","1":"post","2":"type-post","3":"status-publish","4":"format-standard","5":"has-post-thumbnail","7":"category-sante","8":"tag-fr","9":"tag-france","10":"tag-health","11":"tag-sante"},"share_on_mastodon":{"url":"https:\/\/pubeurope.com\/@fr\/114950198002564633","error":""},"_links":{"self":[{"href":"https:\/\/www.europesays.com\/fr\/wp-json\/wp\/v2\/posts\/287668","targetHints":{"allow":["GET"]}}],"collection":[{"href":"https:\/\/www.europesays.com\/fr\/wp-json\/wp\/v2\/posts"}],"about":[{"href":"https:\/\/www.europesays.com\/fr\/wp-json\/wp\/v2\/types\/post"}],"author":[{"embeddable":true,"href":"https:\/\/www.europesays.com\/fr\/wp-json\/wp\/v2\/users\/2"}],"replies":[{"embeddable":true,"href":"https:\/\/www.europesays.com\/fr\/wp-json\/wp\/v2\/comments?post=287668"}],"version-history":[{"count":0,"href":"https:\/\/www.europesays.com\/fr\/wp-json\/wp\/v2\/posts\/287668\/revisions"}],"wp:featuredmedia":[{"embeddable":true,"href":"https:\/\/www.europesays.com\/fr\/wp-json\/wp\/v2\/media\/287669"}],"wp:attachment":[{"href":"https:\/\/www.europesays.com\/fr\/wp-json\/wp\/v2\/media?parent=287668"}],"wp:term":[{"taxonomy":"category","embeddable":true,"href":"https:\/\/www.europesays.com\/fr\/wp-json\/wp\/v2\/categories?post=287668"},{"taxonomy":"post_tag","embeddable":true,"href":"https:\/\/www.europesays.com\/fr\/wp-json\/wp\/v2\/tags?post=287668"}],"curies":[{"name":"wp","href":"https:\/\/api.w.org\/{rel}","templated":true}]}}