{"id":287670,"date":"2025-07-31T22:26:10","date_gmt":"2025-07-31T22:26:10","guid":{"rendered":"https:\/\/www.europesays.com\/fr\/287670\/"},"modified":"2025-07-31T22:26:10","modified_gmt":"2025-07-31T22:26:10","slug":"lom-offre-un-bain-de-foule-a-igor-paixao","status":"publish","type":"post","link":"https:\/\/www.europesays.com\/fr\/287670\/","title":{"rendered":"l&rsquo;OM offre un bain de foule \u00e0 Igor Paixao"},"content":{"rendered":"<p>Igor Paixao a pos\u00e9 le pied sur le sol proven\u00e7al ce jeudi, un peu avant midi, et le Br\u00e9silien a pu mesurer la ferveur olympienne d\u00e8s sa descente de l\u2019avion. Un carton d\u2019invitation avait \u00e9t\u00e9 envoy\u00e9 aux supporters de l\u2019OM pour venir accueillir <a href=\"https:\/\/www.laprovence.com\/article\/om\/1818392387766314\/om-pourquoi-les-dirigeants-tenaient-tant-a-recruter-paixao\" target=\"_blank\" rel=\"noopener\">l\u2019ex-crack du Feyenoord Rotterdam<\/a> (18 buts et 19 passes d\u00e9cisives, toutes comp\u00e9titions confondues, la saison pass\u00e9e) \u00e0 l\u2019aviation g\u00e9n\u00e9rale de l\u2019a\u00e9roport Marseille-Provence. Plus de 200 aficionados au sang bleu et blanc ont r\u00e9pondu \u00e0 l\u2019appel, n\u2019h\u00e9sitant pas avaler les kilom\u00e8tres sous le soleil (un filtrage \u00e9tait mis en place par les forces de l\u2019ordre en amont du site) pour apercevoir un joueur qu\u2019ils ne connaissaient pas forc\u00e9ment trois mois en arri\u00e8re mais qui pourrait devenir l\u2019une de leurs idoles. C\u2019est tout le charme d\u2019un folklore que l\u2019OM veut ritualiser, et tant pis si on se retrouve plong\u00e9 \u00e0 des ann\u00e9es-lumi\u00e8re de la furia du V\u00e9lodrome, sans aller jusqu\u2019en Gr\u00e8ce ou en Turquie.<\/p>\n","protected":false},"excerpt":{"rendered":"Igor Paixao a pos\u00e9 le pied sur le sol proven\u00e7al ce jeudi, un peu avant midi, et le&hellip;\n","protected":false},"author":2,"featured_media":287671,"comment_status":"","ping_status":"","sticky":false,"template":"","format":"standard","meta":{"footnotes":""},"categories":[9],"tags":[17,27245,8383,1011,27,42635,4056,1434,5235,149,42135,60],"class_list":{"0":"post-287670","1":"post","2":"type-post","3":"status-publish","4":"format-standard","5":"has-post-thumbnail","7":"category-sports","8":"tag-17","9":"tag-bain","10":"tag-foule","11":"tag-fr","12":"tag-france","13":"tag-igor","14":"tag-lom","15":"tag-mercato","16":"tag-offre","17":"tag-om","18":"tag-paixao","19":"tag-sports"},"share_on_mastodon":{"url":"https:\/\/pubeurope.com\/@fr\/114950202136259444","error":""},"_links":{"self":[{"href":"https:\/\/www.europesays.com\/fr\/wp-json\/wp\/v2\/posts\/287670","targetHints":{"allow":["GET"]}}],"collection":[{"href":"https:\/\/www.europesays.com\/fr\/wp-json\/wp\/v2\/posts"}],"about":[{"href":"https:\/\/www.europesays.com\/fr\/wp-json\/wp\/v2\/types\/post"}],"author":[{"embeddable":true,"href":"https:\/\/www.europesays.com\/fr\/wp-json\/wp\/v2\/users\/2"}],"replies":[{"embeddable":true,"href":"https:\/\/www.europesays.com\/fr\/wp-json\/wp\/v2\/comments?post=287670"}],"version-history":[{"count":0,"href":"https:\/\/www.europesays.com\/fr\/wp-json\/wp\/v2\/posts\/287670\/revisions"}],"wp:featuredmedia":[{"embeddable":true,"href":"https:\/\/www.europesays.com\/fr\/wp-json\/wp\/v2\/media\/287671"}],"wp:attachment":[{"href":"https:\/\/www.europesays.com\/fr\/wp-json\/wp\/v2\/media?parent=287670"}],"wp:term":[{"taxonomy":"category","embeddable":true,"href":"https:\/\/www.europesays.com\/fr\/wp-json\/wp\/v2\/categories?post=287670"},{"taxonomy":"post_tag","embeddable":true,"href":"https:\/\/www.europesays.com\/fr\/wp-json\/wp\/v2\/tags?post=287670"}],"curies":[{"name":"wp","href":"https:\/\/api.w.org\/{rel}","templated":true}]}}