{"id":287672,"date":"2025-07-31T22:27:11","date_gmt":"2025-07-31T22:27:11","guid":{"rendered":"https:\/\/www.europesays.com\/fr\/287672\/"},"modified":"2025-07-31T22:27:11","modified_gmt":"2025-07-31T22:27:11","slug":"justin-timberlake-annonce-quil-est-atteint-de-la-maladie-de-lyme","status":"publish","type":"post","link":"https:\/\/www.europesays.com\/fr\/287672\/","title":{"rendered":"Justin Timberlake annonce qu\u2019il est atteint de la maladie de Lyme"},"content":{"rendered":"<p><a href=\"https:\/\/www.20minutes.fr\/dossier\/justin_timberlake\" target=\"_blank\" class=\"color-ultramarine c-link\" rel=\"noopener\">Justin Timberlake<\/a>, l\u2019une des figures majeures de la pop am\u00e9ricaine, a r\u00e9v\u00e9l\u00e9 jeudi souffrir de la <a href=\"https:\/\/www.20minutes.fr\/sante\/maladie-lyme\/\" target=\"_blank\" class=\"color-ultramarine c-link\" rel=\"noopener\">maladie de Lyme<\/a>, une infection transmise par les tiques qui bouleverse son quotidien. Dans un message publi\u00e9 sur <a href=\"https:\/\/www.instagram.com\/stories\/justintimberlake\/3688976180616124245\/\" rel=\"nofollow noopener\" target=\"_blank\" class=\"color-ultramarine c-link\">Instagram<\/a>, l\u2019artiste de 44 ans, ex-membre du boys band NSYNC, a expliqu\u00e9 qu\u2019il vivait depuis des mois avec des sympt\u00f4mes invalidants.<\/p>\n<p>\u00ab\u00a0Vivre avec cela peut \u00eatre continuellement invalidant, \u00e0 la fois mentalement et physiquement. Quand j\u2019ai re\u00e7u le <a href=\"https:\/\/www.20minutes.fr\/dossier\/diagnostic\" target=\"_blank\" class=\"color-ultramarine c-link\" rel=\"noopener\">diagnostic<\/a>, j\u2019ai bien s\u00fbr \u00e9t\u00e9 choqu\u00e9\u00a0\u00bb, confie-t-il, ajoutant que cette r\u00e9v\u00e9lation lui a permis de comprendre \u00ab\u00a0pourquoi [il avait] des douleurs nerveuses intenses sur sc\u00e8ne, ou pourquoi [il se sentait] extr\u00eamement fatigu\u00e9 ou malade\u00a0\u00bb.<\/p>\n<\/p>\n<p>Une maladie handicapante mais rarement mortelle<\/p>\n<p>La maladie de Lyme, rarement mortelle, provoque des \u00e9ruptions cutan\u00e9es et des sympt\u00f4mes proches de la <a href=\"https:\/\/www.20minutes.fr\/dossier\/grippe\" target=\"_blank\" class=\"color-ultramarine c-link\" rel=\"noopener\">grippe<\/a>, tels que douleurs musculaires et articulaires, maux de t\u00eate, naus\u00e9es ou encore une fatigue extr\u00eame. Le <a href=\"https:\/\/www.20minutes.fr\/dossier\/chanteur\" target=\"_blank\" class=\"color-ultramarine c-link\" rel=\"noopener\">chanteur<\/a>, dont la tourn\u00e9e mondiale vient de s\u2019achever, est aussi revenu sur l\u2019impact de cette s\u00e9rie de concerts, qu\u2019il d\u00e9crit comme \u00ab\u00a0l\u2019exp\u00e9rience la plus amusante, \u00e9mouvante, gratifiante, physiquement \u00e9prouvante et, parfois, ext\u00e9nuante\u00a0\u00bb.<\/p>\n<p><a href=\"https:\/\/www.20minutes.fr\/dossier\/justin_timberlake\" target=\"_blank\" class=\"c-link c-btn c-btn--primary\" rel=\"noopener\">Tous nos articles sur Justin Timberlake<\/a><\/p>\n<p>Certains <a href=\"https:\/\/www.20minutes.fr\/dossier\/fans\" target=\"_blank\" class=\"color-ultramarine c-link\" rel=\"noopener\">fans<\/a> avaient critiqu\u00e9 un manque d\u2019\u00e9nergie lors de ses performances, un \u00e9l\u00e9ment qui prend aujourd\u2019hui un nouveau sens \u00e0 la lumi\u00e8re de son \u00e9tat de sant\u00e9. \u00ab\u00a0Je ne dis pas \u00e7a pour que vous ayez piti\u00e9 de moi, mais pour donner un aper\u00e7u de ce que j\u2019ai d\u00fb affronter en coulisses\u00a0\u00bb, insiste-t-il. Justin Timberlake avait fait parler de lui l\u2019an dernier apr\u00e8s une <a href=\"https:\/\/www.20minutes.fr\/monde\/etats-unis\/4110064-20240913-etats-unis-arrete-conduite-etat-ivresse-justin-timberlake-condamne-travaux-interet-general\" target=\"_blank\" class=\"color-ultramarine c-link\" rel=\"noopener\">arrestation pour conduite en \u00e9tat d\u2019ivresse<\/a> pr\u00e8s de <a href=\"https:\/\/www.20minutes.fr\/dossier\/new_york\" target=\"_blank\" class=\"color-ultramarine c-link\" rel=\"noopener\">New York<\/a>. Il avait plaid\u00e9 coupable d\u2019un d\u00e9lit mineur et effectu\u00e9 des travaux d\u2019int\u00e9r\u00eat g\u00e9n\u00e9ral.<\/p>\n<p><script async src=\"\/\/www.instagram.com\/embed.js\"><\/script><\/p>\n","protected":false},"excerpt":{"rendered":"Justin Timberlake, l\u2019une des figures majeures de la pop am\u00e9ricaine, a r\u00e9v\u00e9l\u00e9 jeudi souffrir de la maladie de&hellip;\n","protected":false},"author":2,"featured_media":287673,"comment_status":"","ping_status":"","sticky":false,"template":"","format":"standard","meta":{"footnotes":""},"categories":[8],"tags":[1696,1697,251,58,59,73,1011,27,2440,42636,42637,973,3287],"class_list":{"0":"post-287672","1":"post","2":"type-post","3":"status-publish","4":"format-standard","5":"has-post-thumbnail","7":"category-divertissement","8":"tag-chanteur","9":"tag-concert","10":"tag-culture","11":"tag-divertissement","12":"tag-entertainment","13":"tag-etats-unis","14":"tag-fr","15":"tag-france","16":"tag-instagram","17":"tag-justin-timberlake","18":"tag-maladie-de-lyme","19":"tag-people","20":"tag-stars"},"share_on_mastodon":{"url":"https:\/\/pubeurope.com\/@fr\/114950205879541620","error":""},"_links":{"self":[{"href":"https:\/\/www.europesays.com\/fr\/wp-json\/wp\/v2\/posts\/287672","targetHints":{"allow":["GET"]}}],"collection":[{"href":"https:\/\/www.europesays.com\/fr\/wp-json\/wp\/v2\/posts"}],"about":[{"href":"https:\/\/www.europesays.com\/fr\/wp-json\/wp\/v2\/types\/post"}],"author":[{"embeddable":true,"href":"https:\/\/www.europesays.com\/fr\/wp-json\/wp\/v2\/users\/2"}],"replies":[{"embeddable":true,"href":"https:\/\/www.europesays.com\/fr\/wp-json\/wp\/v2\/comments?post=287672"}],"version-history":[{"count":0,"href":"https:\/\/www.europesays.com\/fr\/wp-json\/wp\/v2\/posts\/287672\/revisions"}],"wp:featuredmedia":[{"embeddable":true,"href":"https:\/\/www.europesays.com\/fr\/wp-json\/wp\/v2\/media\/287673"}],"wp:attachment":[{"href":"https:\/\/www.europesays.com\/fr\/wp-json\/wp\/v2\/media?parent=287672"}],"wp:term":[{"taxonomy":"category","embeddable":true,"href":"https:\/\/www.europesays.com\/fr\/wp-json\/wp\/v2\/categories?post=287672"},{"taxonomy":"post_tag","embeddable":true,"href":"https:\/\/www.europesays.com\/fr\/wp-json\/wp\/v2\/tags?post=287672"}],"curies":[{"name":"wp","href":"https:\/\/api.w.org\/{rel}","templated":true}]}}