{"id":287677,"date":"2025-07-31T22:30:12","date_gmt":"2025-07-31T22:30:12","guid":{"rendered":"https:\/\/www.europesays.com\/fr\/287677\/"},"modified":"2025-07-31T22:30:12","modified_gmt":"2025-07-31T22:30:12","slug":"malgre-le-cessez-le-feu-israel-bombarde-un-site-de-production-de-missiles-du-hezbollah","status":"publish","type":"post","link":"https:\/\/www.europesays.com\/fr\/287677\/","title":{"rendered":"Malgr\u00e9 le cessez-le-feu, Isra\u00ebl bombarde un site de production de missiles du Hezbollah"},"content":{"rendered":"<p><a href=\"https:\/\/www.20minutes.fr\/monde\/israel\/\" class=\"color-ultramarine c-link\" target=\"_blank\" rel=\"noopener\">Isra\u00ebl<\/a> attaque sur tous les fronts. Ce jeudi, l\u2019<a href=\"https:\/\/www.20minutes.fr\/dossier\/armee_israelienne\" class=\"color-ultramarine c-link\" target=\"_blank\" rel=\"noopener\">arm\u00e9e isra\u00e9lienne<\/a> a men\u00e9 des <a href=\"https:\/\/www.20minutes.fr\/monde\/bombardement\/\" class=\"color-ultramarine c-link\" target=\"_blank\" rel=\"noopener\">bombardements<\/a> au <a href=\"https:\/\/www.20minutes.fr\/monde\/liban\/\" class=\"color-ultramarine c-link\" target=\"_blank\" rel=\"noopener\">Liban<\/a> visant \u00ab\u00a0les infrastructures\u00a0\u00bb du <a href=\"https:\/\/www.20minutes.fr\/monde\/hezbollah\/\" class=\"color-ultramarine c-link\" target=\"_blank\" rel=\"noopener\">Hezbollah<\/a>, dont un \u00ab\u00a0important site de production de missiles\u00a0\u00bb, a annonc\u00e9 le ministre de la D\u00e9fense isra\u00e9lien, Isra\u00ebl Katz.<\/p>\n<p>L\u2019arm\u00e9e \u00ab\u00a0frappe en ce moment avec force les infrastructures terroristes de l\u2019organisation terroriste Hezbollah au Liban, y compris le plus grand site de production de missiles de pr\u00e9cision du Hezbollah qui avait d\u00e9j\u00e0 \u00e9t\u00e9 attaqu\u00e9 auparavant\u00a0\u00bb, a d\u00e9clar\u00e9 le ministre dans un communiqu\u00e9.<\/p>\n<p>Des frappes confirm\u00e9es c\u00f4t\u00e9 libanais<\/p>\n<p>Ces bombardements se sont d\u00e9roul\u00e9s dans la plaine de la Bekaa, dans le sud-est du Liban, a pr\u00e9cis\u00e9 l\u2019arm\u00e9e dans un autre communiqu\u00e9.<\/p>\n<\/p>\n<p>\u00ab\u00a0Parmi les cibles frapp\u00e9es figuraient des sites de fabrication d\u2019explosifs, utilis\u00e9s pour d\u00e9velopper l\u2019arsenal du Hezbollah, ainsi qu\u2019un site souterrain d\u00e9di\u00e9 \u00e0 la production et au stockage d\u2019armes strat\u00e9giques\u00a0\u00bb, a ajout\u00e9 l\u2019arm\u00e9e, affirmant que \u00ab\u00a0le Hezbollah a tent\u00e9 de r\u00e9habiliter ces sites et ces capacit\u00e9s, en violation des accords entre Isra\u00ebl et le Liban\u00a0\u00bb.<\/p>\n<p>L\u2019Agence nationale d\u2019information libanaise a de son c\u00f4t\u00e9 fait \u00e9tat de plusieurs frappes a\u00e9riennes dans la r\u00e9gion orientale de la Bekaa ainsi que dans le sud du Liban.<\/p>\n<p>Isra\u00ebl fait porter la responsabilit\u00e9 de ses frappes\u2026 au gouvernement libanais<\/p>\n<p>\u00ab\u00a0Comme je l\u2019ai d\u00e9j\u00e0 soulign\u00e9, la politique de r\u00e9pression maximale contre le Hezbollah se poursuivra\u00a0\u00bb, et toute tentative de cette organisation \u00ab\u00a0de se r\u00e9tablir, de se r\u00e9implanter ou de menacer de nouveau sera suivie d\u2019une riposte d\u2019une intensit\u00e9 implacable\u00a0\u00bb, a mis en garde le ministre Katz.<\/p>\n<p>\u00ab\u00a0Le gouvernement libanais porte la responsabilit\u00e9 d\u2019emp\u00eacher la violation de l\u2019accord de <a href=\"https:\/\/www.20minutes.fr\/monde\/cessez_le_feu\/\" class=\"color-ultramarine c-link\" target=\"_blank\" rel=\"noopener\">cessez-le-feu<\/a>\u00a0\u00bb, a-t-il accus\u00e9. Fin novembre\u00a02024, le cessez-le-feu a mis fin \u00e0 la guerre entre Isra\u00ebl et le mouvement arm\u00e9 libanais soutenu par l\u2019Iran.<\/p>\n<p>Isra\u00ebl ne respecte pas non plus l\u2019accord<\/p>\n<p>Malgr\u00e9 cet accord, entr\u00e9 en vigueur apr\u00e8s plus d\u2019un an d\u2019hostilit\u00e9s et deux mois de guerre ouverte ayant fortement affaibli le Hezbollah, Isra\u00ebl m\u00e8ne r\u00e9guli\u00e8rement des frappes sur le Liban, principalement dans le sud.<\/p>\n<p>L\u2019arm\u00e9e isra\u00e9lienne affirme viser le Hezbollah et accuse les autorit\u00e9s libanaises de ne pas agir suffisamment pour le d\u00e9sarmer.<\/p>\n<p>En vertu de l\u2019accord de tr\u00eave, le Hezbollah devait retirer ses combattants au nord du fleuve Litani, \u00e0 quelque 30 kilom\u00e8tres de la fronti\u00e8re avec Isra\u00ebl, seules l\u2019arm\u00e9e libanaise et les forces de maintien de la paix des Nations unies devant \u00eatre d\u00e9ploy\u00e9es dans le secteur.<\/p>\n<p>Isra\u00ebl, qui devait de son c\u00f4t\u00e9 retirer compl\u00e8tement ses troupes du Liban, les maintient dans cinq positions du sud du pays, qu\u2019il juge strat\u00e9giques.<\/p>\n","protected":false},"excerpt":{"rendered":"Isra\u00ebl attaque sur tous les fronts. Ce jeudi, l\u2019arm\u00e9e isra\u00e9lienne a men\u00e9 des bombardements au Liban visant \u00ab\u00a0les&hellip;\n","protected":false},"author":2,"featured_media":287678,"comment_status":"","ping_status":"","sticky":false,"template":"","format":"standard","meta":{"footnotes":""},"categories":[5],"tags":[47,11,4755,221,3259,1011,27,7295,14,664,12404,74,12,28],"class_list":{"0":"post-287677","1":"post","2":"type-post","3":"status-publish","4":"format-standard","5":"has-post-thumbnail","7":"category-international","8":"tag-actualite","9":"tag-actualites","10":"tag-bombardement","11":"tag-cessez-le-feu","12":"tag-conflit-israelo-palestinien","13":"tag-fr","14":"tag-france","15":"tag-hezbollah","16":"tag-international","17":"tag-israel","18":"tag-liban","19":"tag-monde","20":"tag-news","21":"tag-world"},"share_on_mastodon":{"url":"https:\/\/pubeurope.com\/@fr\/114950217558958254","error":""},"_links":{"self":[{"href":"https:\/\/www.europesays.com\/fr\/wp-json\/wp\/v2\/posts\/287677","targetHints":{"allow":["GET"]}}],"collection":[{"href":"https:\/\/www.europesays.com\/fr\/wp-json\/wp\/v2\/posts"}],"about":[{"href":"https:\/\/www.europesays.com\/fr\/wp-json\/wp\/v2\/types\/post"}],"author":[{"embeddable":true,"href":"https:\/\/www.europesays.com\/fr\/wp-json\/wp\/v2\/users\/2"}],"replies":[{"embeddable":true,"href":"https:\/\/www.europesays.com\/fr\/wp-json\/wp\/v2\/comments?post=287677"}],"version-history":[{"count":0,"href":"https:\/\/www.europesays.com\/fr\/wp-json\/wp\/v2\/posts\/287677\/revisions"}],"wp:featuredmedia":[{"embeddable":true,"href":"https:\/\/www.europesays.com\/fr\/wp-json\/wp\/v2\/media\/287678"}],"wp:attachment":[{"href":"https:\/\/www.europesays.com\/fr\/wp-json\/wp\/v2\/media?parent=287677"}],"wp:term":[{"taxonomy":"category","embeddable":true,"href":"https:\/\/www.europesays.com\/fr\/wp-json\/wp\/v2\/categories?post=287677"},{"taxonomy":"post_tag","embeddable":true,"href":"https:\/\/www.europesays.com\/fr\/wp-json\/wp\/v2\/tags?post=287677"}],"curies":[{"name":"wp","href":"https:\/\/api.w.org\/{rel}","templated":true}]}}