{"id":287679,"date":"2025-07-31T22:31:07","date_gmt":"2025-07-31T22:31:07","guid":{"rendered":"https:\/\/www.europesays.com\/fr\/287679\/"},"modified":"2025-07-31T22:31:07","modified_gmt":"2025-07-31T22:31:07","slug":"rumeur-dattouchements-sur-des-bebes-a-montreuil-une-femme-se-denonce-son-conjoint-egalement-place-en-garde-a-vue","status":"publish","type":"post","link":"https:\/\/www.europesays.com\/fr\/287679\/","title":{"rendered":"Rumeur d\u2019attouchements sur des b\u00e9b\u00e9s \u00e0 Montreuil\u00a0: une femme se d\u00e9nonce, son conjoint \u00e9galement plac\u00e9 en garde \u00e0 vue"},"content":{"rendered":"<p class=\"paragraph text_align_left lp-f-body-02\"><a href=\"https:\/\/www.leparisien.fr\/seine-saint-denis-93\/rumeur-dattouchements-sur-des-bebes-noirs-lhopital-de-montreuil-dement-et-engage-des-poursuites-31-07-2025-SN3STFKWUJDC5K27VABMFCLUYU.php\" target=\"_self\" rel=\"nofollow noopener\">La rumeur d\u2019attouchements sur des b\u00e9b\u00e9s dans une maternit\u00e9 de Seine-Saint-Denis<\/a> a conduit une femme de 26 ans se pr\u00e9sentant comme une infirmi\u00e8re \u00e0 pousser la porte du commissariat de Clichy-Montfermeil (Seine-Saint-Denis). Alors qu\u2019une vid\u00e9o accusant deux personnes de divers abus sur des nourrissons circule largement sur les r\u00e9seaux sociaux depuis quarante-huit heures, la jeune femme s\u2019est pr\u00e9sent\u00e9e aux policiers ce mercredi en fin de journ\u00e9e.<\/p>\n<p class=\"paragraph text_align_left lp-f-body-02\">Elle a \u00e9t\u00e9 plac\u00e9e en garde \u00e0 vue, indique le parquet de Bobigny \u2014 qui n\u2019a pas en l\u2019\u00e9tat connaissance de signalement correspondant aux faits d\u00e9crits \u2014 confirmant ainsi une information de <a href=\"https:\/\/www.rtl.fr\/actu\/justice-faits-divers\/info-rtl-rumeur-sur-tiktok-d-agressions-sexuelles-sur-des-nourrissons-dans-un-hopital-1-infirmiere-et-1-homme-en-garde-a-vue-7900527244\" target=\"_self\" rel=\"nofollow noopener\">RTL<\/a>. Son compagnon a connu le m\u00eame sort ce jeudi en d\u00e9but d\u2019apr\u00e8s-midi. Tous deux sont soup\u00e7onn\u00e9s d\u2019agressions ou de complicit\u00e9 d\u2019agressions sexuelles sur mineurs de 15 ans et de d\u00e9tention, enregistrement et transmission d\u2019images p\u00e9dopornographiques. La S\u00fbret\u00e9 d\u00e9partementale de Seine-Saint-Denis est charg\u00e9e de l\u2019enqu\u00eate.<\/p>\n","protected":false},"excerpt":{"rendered":"La rumeur d\u2019attouchements sur des b\u00e9b\u00e9s dans une maternit\u00e9 de Seine-Saint-Denis a conduit une femme de 26 ans&hellip;\n","protected":false},"author":2,"featured_media":287680,"comment_status":"","ping_status":"","sticky":false,"template":"","format":"standard","meta":{"footnotes":""},"categories":[4],"tags":[11,118,1011,27,1944,12,25,1945],"class_list":{"0":"post-287679","1":"post","2":"type-post","3":"status-publish","4":"format-standard","5":"has-post-thumbnail","7":"category-france","8":"tag-actualites","9":"tag-faits-divers","10":"tag-fr","11":"tag-france","12":"tag-ma-ville","13":"tag-news","14":"tag-republique-francaise","15":"tag-seine-saint-denis"},"share_on_mastodon":{"url":"https:\/\/pubeurope.com\/@fr\/114950221617189323","error":""},"_links":{"self":[{"href":"https:\/\/www.europesays.com\/fr\/wp-json\/wp\/v2\/posts\/287679","targetHints":{"allow":["GET"]}}],"collection":[{"href":"https:\/\/www.europesays.com\/fr\/wp-json\/wp\/v2\/posts"}],"about":[{"href":"https:\/\/www.europesays.com\/fr\/wp-json\/wp\/v2\/types\/post"}],"author":[{"embeddable":true,"href":"https:\/\/www.europesays.com\/fr\/wp-json\/wp\/v2\/users\/2"}],"replies":[{"embeddable":true,"href":"https:\/\/www.europesays.com\/fr\/wp-json\/wp\/v2\/comments?post=287679"}],"version-history":[{"count":0,"href":"https:\/\/www.europesays.com\/fr\/wp-json\/wp\/v2\/posts\/287679\/revisions"}],"wp:featuredmedia":[{"embeddable":true,"href":"https:\/\/www.europesays.com\/fr\/wp-json\/wp\/v2\/media\/287680"}],"wp:attachment":[{"href":"https:\/\/www.europesays.com\/fr\/wp-json\/wp\/v2\/media?parent=287679"}],"wp:term":[{"taxonomy":"category","embeddable":true,"href":"https:\/\/www.europesays.com\/fr\/wp-json\/wp\/v2\/categories?post=287679"},{"taxonomy":"post_tag","embeddable":true,"href":"https:\/\/www.europesays.com\/fr\/wp-json\/wp\/v2\/tags?post=287679"}],"curies":[{"name":"wp","href":"https:\/\/api.w.org\/{rel}","templated":true}]}}