{"id":28768,"date":"2025-04-16T07:55:56","date_gmt":"2025-04-16T07:55:56","guid":{"rendered":"https:\/\/www.europesays.com\/fr\/28768\/"},"modified":"2025-04-16T07:55:56","modified_gmt":"2025-04-16T07:55:56","slug":"le-best-seller-a-lorigine-du-film-avec-alexandra-lamy-et-muriel-robin","status":"publish","type":"post","link":"https:\/\/www.europesays.com\/fr\/28768\/","title":{"rendered":"Le best seller \u00e0 l\u2019origine du film avec Alexandra Lamy et Muriel Robin"},"content":{"rendered":"<p class=\"articleContent-meta\">\n        Hier \u00e0 15:00 &#8211; par             Thomas Fourcroy<\/p>\n<p>                    Tweeter<\/p>\n<p>                    Partager sur Facebook<\/p>\n<p>                        <img decoding=\"async\" src=\"https:\/\/www.europesays.com\/fr\/wp-content\/uploads\/2025\/04\/la-chambre-des-merveilles-15-avril.jpg\" alt=\"Player Video\" class=\"player-applyRatio poster exclude-seedtag\"\/><\/p>\n<p>Le mardi 15 avril \u00e0 21h10, M6 diffuse La chambre des merveilles. Un film poignant qui trouve son origine dans un roman \u00e0 succ\u00e8s&#8230; <\/p>\n<p>R\u00e9alisatrice reconnue,<a href=\"https:\/\/www.cesoirtv.com\/news\/series\/450-marie-de-bourgogne-quest-devenue-christa-theret-la-star-de-lol\/\" rel=\"nofollow noopener\" target=\"_blank\"> Lisa Azuelos<\/a> a d\u00e9voil\u00e9 l&rsquo;un de ses long-m\u00e9trages les plus touchants, le 15 mars 2023 dans les salles obscures de l&rsquo;Hexagone. Il s&rsquo;agit de La chambre des merveilles, port\u00e9 par un casting de choix. En compagnie d&rsquo;<a href=\"https:\/\/https:\/\/www.cesoirtv.com\/\/news\/cinema\/2098-belle-fille-thomas-dutronc-present-dans-le-film-grace-a-alexandra-lamy\/\" rel=\"nofollow\">Alexandra Lamy<\/a>, <a href=\"https:\/\/https:\/\/www.cesoirtv.com\/\/news\/series\/2629-master-crimes-y-aura-t-il-une-saison-3-muriel-robin-et-anne-le-nen-repondent\/\" rel=\"nofollow\">Muriel Robin<\/a>, Xavier Lacaille, Martine Schambacher et du jeune Hugo Questel, le film promet un voyage inspirant entre le Portugal, la Grande-Bretagne et le Japon. Un voyage qui prend \u00e9galement la forme d&rsquo;un v\u00e9ritable parcours int\u00e9rieur&#8230;<\/p>\n<p>La chambre des merveilles : quand une m\u00e8re r\u00e9alise les r\u00eaves de son fils<\/p>\n<p>La chambre des merveilles place les spectateurs aux c\u00f4t\u00e9s de Thelma. M\u00e8re de Louis, gar\u00e7on de 12 ans ayant sombr\u00e9 dans le coma apr\u00e8s un accident, elle d\u00e9cide d&#8217;embarquer pour une aventure comme aucune autre. En effet, apr\u00e8s avoir lu son journal intime, elle a choisi de vivre \u00e0 sa place ses \u00ab\u00a0dix choses \u00e0 faire avant la fin du monde\u00a0\u00bb. Une liste originale, qui permettra, selon elle, de faire revenir son fils, qui vivra \u00e0 travers sa maman ses r\u00eaves d&rsquo;adolescents. \u00c0 40 ans, Thelma va s&rsquo;offrir un challenge particulier, \u00e0 m\u00eame de lui faire ressentir des choses qu&rsquo;elle n&rsquo;imaginait m\u00eame plus.<\/p>\n<p>                                    La chambre des merveilles : un roman poignant, mais pas lu par Lisa Azuelos avant son adaptation<\/p>\n<p>Comme on peut le lire dans le dossier de presse de son film, La chambre des merveilles est arriv\u00e9 dans un p\u00e9riode particuli\u00e8re travers\u00e9e par Lisa Azuelos. Ayant perdu ses parents lors du d\u00e9veloppement du projet, elle a trouv\u00e9 un \u00e9cho dans l&rsquo;histoire de Thelma, une m\u00e8re faisant tout pour son fils : \u00ab\u00a0Je crois effectivement que je devais travailler cette id\u00e9e d\u2019aller au bout de mes r\u00eaves car j\u2019avais le sentiment d\u2019\u00eatre au bout de ma vie. Ce film m\u2019a donn\u00e9 une grande libert\u00e9 de r\u00e9flexion sur ma vie et sur le fait d\u2019\u00eatre en vie. La disparition simultan\u00e9e de mes parents avait laiss\u00e9 pas mal de questions en suspens&#8230;\u00a0\u00bb La chambre des merveilles, rien de moins qu&rsquo;une adaptation, celle du roman \u00e9ponyme de Julien Sandrel. \u00c9coul\u00e9 \u00e0 plus de 300 000 exemplaires dans l&rsquo;Hexagone, il aura inspir\u00e9 le producteur Philippe Rousselet et les sc\u00e9naristes Juliette Sales et Fabien Suarez. C&rsquo;est d&rsquo;ailleurs \u00e0 partir de leur sc\u00e9nario et non du roman original, que Lisa Azuelos a d\u00e9cid\u00e9 de travailler, refusant de lire le livre avant de mettre en bo\u00eete son long-m\u00e9trage.<\/p>\n","protected":false},"excerpt":{"rendered":"Hier \u00e0 15:00 &#8211; par Thomas Fourcroy Tweeter Partager sur Facebook Le mardi 15 avril \u00e0 21h10, M6&hellip;\n","protected":false},"author":2,"featured_media":28769,"comment_status":"","ping_status":"","sticky":false,"template":"","format":"standard","meta":{"footnotes":""},"categories":[1354],"tags":[5331,4468,1409,58,59,1346,1011,27,10078,494,1360],"class_list":{"0":"post-28768","1":"post","2":"type-post","3":"status-publish","4":"format-standard","5":"has-post-thumbnail","7":"category-films","8":"tag-adaptation","9":"tag-alexandra-lamy","10":"tag-bande-annonce","11":"tag-divertissement","12":"tag-entertainment","13":"tag-films","14":"tag-fr","15":"tag-france","16":"tag-la-chambre-des-merveilles-1559822405","17":"tag-m6","18":"tag-movies"},"share_on_mastodon":{"url":"https:\/\/pubeurope.com\/@fr\/114346575986818214","error":""},"_links":{"self":[{"href":"https:\/\/www.europesays.com\/fr\/wp-json\/wp\/v2\/posts\/28768","targetHints":{"allow":["GET"]}}],"collection":[{"href":"https:\/\/www.europesays.com\/fr\/wp-json\/wp\/v2\/posts"}],"about":[{"href":"https:\/\/www.europesays.com\/fr\/wp-json\/wp\/v2\/types\/post"}],"author":[{"embeddable":true,"href":"https:\/\/www.europesays.com\/fr\/wp-json\/wp\/v2\/users\/2"}],"replies":[{"embeddable":true,"href":"https:\/\/www.europesays.com\/fr\/wp-json\/wp\/v2\/comments?post=28768"}],"version-history":[{"count":0,"href":"https:\/\/www.europesays.com\/fr\/wp-json\/wp\/v2\/posts\/28768\/revisions"}],"wp:featuredmedia":[{"embeddable":true,"href":"https:\/\/www.europesays.com\/fr\/wp-json\/wp\/v2\/media\/28769"}],"wp:attachment":[{"href":"https:\/\/www.europesays.com\/fr\/wp-json\/wp\/v2\/media?parent=28768"}],"wp:term":[{"taxonomy":"category","embeddable":true,"href":"https:\/\/www.europesays.com\/fr\/wp-json\/wp\/v2\/categories?post=28768"},{"taxonomy":"post_tag","embeddable":true,"href":"https:\/\/www.europesays.com\/fr\/wp-json\/wp\/v2\/tags?post=28768"}],"curies":[{"name":"wp","href":"https:\/\/api.w.org\/{rel}","templated":true}]}}