{"id":287681,"date":"2025-07-31T22:32:20","date_gmt":"2025-07-31T22:32:20","guid":{"rendered":"https:\/\/www.europesays.com\/fr\/287681\/"},"modified":"2025-07-31T22:32:20","modified_gmt":"2025-07-31T22:32:20","slug":"khalis-merah-adoube-par-corentin-tolisso","status":"publish","type":"post","link":"https:\/\/www.europesays.com\/fr\/287681\/","title":{"rendered":"Khalis Merah adoub\u00e9 par Corentin Tolisso"},"content":{"rendered":"<p>                            <img width=\"770\" height=\"433\" src=\"https:\/\/www.europesays.com\/fr\/wp-content\/uploads\/2025\/07\/IMG_3478-770x433.jpg\" class=\"attachment-article size-article wp-post-image\" alt=\"Khalis Merah lors d'OL - RWDM Brussels\" decoding=\"async\" fetchpriority=\"high\"  \/><\/p>\n<p>Khalis Merah lors d\u2019OL \u2013 RWDM Brussels (cr\u00e9dit : David Hernandez \/ OetL)<\/p>\n<p>Apr\u00e8s la victoire 4-0 de l\u2019OL face \u00e0 Majorque en match amical, Khalis Merah a re\u00e7u un joli soutien de la part de Corentin Tolisso.<\/p>\n<p>Le match amical entre <a href=\"https:\/\/www.olympique-et-lyonnais.com\/dans-un-match-hache-lol-se-fait-plaisir-face-a-majorque-4-0%2C373443.html?utm_source=chatgpt.com\" target=\"_blank\" rel=\"noopener\">l\u2019OL et Majorque<\/a> a tourn\u00e9 \u00e0 la d\u00e9monstration en premi\u00e8re p\u00e9riode pour les hommes de Paolo <strong>Fonseca<\/strong>. Au terme des 90 minutes, une large victoire 4-0. Mais malgr\u00e9 le score et l&rsquo;aspect amical, de rudes duels se sont disput\u00e9s. Durant la rencontre, Khalis <strong>Merah <\/strong>a \u00e9t\u00e9 victime d\u2019une grossi\u00e8re faute du num\u00e9ro 8 espagnol Manuel <strong>Morlanes<\/strong>. Un geste qui a fait sortir Corentin <strong>Tolisso <\/strong>de ses gonds. Le champion du monde 2018 n\u2019a pas h\u00e9sit\u00e9 \u00e0 s\u2019emporter verbalement contre le Majorquin, reprochant aussi les nombreuses fautes commises par ce dernier tout au long de la partie.<\/p>\n<p>Au point de s&#8217;emporter et de vouloir s&rsquo;expliquer avec son adversaire. Retenu par les diff\u00e9rents acteurs, l&rsquo;ancien Munichois a tout de m\u00eame montr\u00e9 un bel \u00e9tat d&rsquo;esprit collectif, en soutien de son jeune partenaire (18 ans). Il a ainsi pu faire comprendre \u00e0 Morlanes, averti sur cette action, qu&rsquo;il ne fallait pas agir de la sorte, m\u00eame pour impressionner <a href=\"https:\/\/www.olympique-et-lyonnais.com\/khalis-merah-signe-son-premier-contrat-avec-lol,353776.html\" target=\"_blank\" rel=\"noopener\">un n\u00e9ophyte<\/a> \u00e0 ce niveau.<\/p>\n<p>Une pr\u00e9paration tr\u00e8s encourageante<\/p>\n<p>Apr\u00e8s la rencontre, le capitaine a tenu \u00e0 afficher son soutien \u00e0 Khalis <strong>Merah <\/strong>en le qualifiant de \u00ab\u00a0crack\u00a0\u00bb dans une story post\u00e9e sur son compte Instagram. Un mot simple, mais fort, adress\u00e9 au natif de Meyzieu. Majeur depuis f\u00e9vrier, Merah impressionne d\u00e9j\u00e0 par son calme, sa ma\u00eetrise du ballon et sa capacit\u00e9 \u00e0 faire jouer l\u2019\u00e9quipe.<\/p>\n<p>Auteur de son tout premier but avec les professionnels face \u00e0 la formation aragonaise, il a montr\u00e9 qu\u2019il avait le niveau pour s\u2019imposer. Sa prestation a visiblement marqu\u00e9 les esprits, \u00e0 commencer par celui de Tolisso, cadre du vestiaire lyonnais. Ce genre de reconnaissance, venant d\u2019un joueur exp\u00e9riment\u00e9 et international, en dit long sur la consid\u00e9ration que Merah commence \u00e0 gagner au sein du groupe. <a href=\"https:\/\/www.olympique-et-lyonnais.com\/hambourg-ol-0-4-merah-sait-quil-peut-encore-faire-mieux,372993.html\" target=\"_blank\" rel=\"noopener\">Travailleur et appliqu\u00e9<\/a>, le milieu form\u00e9 \u00e0 l&rsquo;OL semble avoir les qualit\u00e9s pour franchir un cap cette saison.<\/p>\n","protected":false},"excerpt":{"rendered":"Khalis Merah lors d\u2019OL \u2013 RWDM Brussels (cr\u00e9dit : David Hernandez \/ OetL) Apr\u00e8s la victoire 4-0 de&hellip;\n","protected":false},"author":2,"featured_media":287682,"comment_status":"","ping_status":"","sticky":false,"template":"","format":"standard","meta":{"footnotes":""},"categories":[2],"tags":[11,1011,27,42638,12,241,42639],"class_list":{"0":"post-287681","1":"post","2":"type-post","3":"status-publish","4":"format-standard","5":"has-post-thumbnail","7":"category-actualites","8":"tag-actualites","9":"tag-fr","10":"tag-france","11":"tag-merah","12":"tag-news","13":"tag-ol","14":"tag-tolisso"},"share_on_mastodon":{"url":"https:\/\/pubeurope.com\/@fr\/114950225450107566","error":""},"_links":{"self":[{"href":"https:\/\/www.europesays.com\/fr\/wp-json\/wp\/v2\/posts\/287681","targetHints":{"allow":["GET"]}}],"collection":[{"href":"https:\/\/www.europesays.com\/fr\/wp-json\/wp\/v2\/posts"}],"about":[{"href":"https:\/\/www.europesays.com\/fr\/wp-json\/wp\/v2\/types\/post"}],"author":[{"embeddable":true,"href":"https:\/\/www.europesays.com\/fr\/wp-json\/wp\/v2\/users\/2"}],"replies":[{"embeddable":true,"href":"https:\/\/www.europesays.com\/fr\/wp-json\/wp\/v2\/comments?post=287681"}],"version-history":[{"count":0,"href":"https:\/\/www.europesays.com\/fr\/wp-json\/wp\/v2\/posts\/287681\/revisions"}],"wp:featuredmedia":[{"embeddable":true,"href":"https:\/\/www.europesays.com\/fr\/wp-json\/wp\/v2\/media\/287682"}],"wp:attachment":[{"href":"https:\/\/www.europesays.com\/fr\/wp-json\/wp\/v2\/media?parent=287681"}],"wp:term":[{"taxonomy":"category","embeddable":true,"href":"https:\/\/www.europesays.com\/fr\/wp-json\/wp\/v2\/categories?post=287681"},{"taxonomy":"post_tag","embeddable":true,"href":"https:\/\/www.europesays.com\/fr\/wp-json\/wp\/v2\/tags?post=287681"}],"curies":[{"name":"wp","href":"https:\/\/api.w.org\/{rel}","templated":true}]}}