{"id":287689,"date":"2025-07-31T22:42:25","date_gmt":"2025-07-31T22:42:25","guid":{"rendered":"https:\/\/www.europesays.com\/fr\/287689\/"},"modified":"2025-07-31T22:42:25","modified_gmt":"2025-07-31T22:42:25","slug":"de-chize-a-montpellier-des-manchots-aux-tortues-marines","status":"publish","type":"post","link":"https:\/\/www.europesays.com\/fr\/287689\/","title":{"rendered":"de Chiz\u00e9 \u00e0 Montpellier, des manchots aux tortues marines"},"content":{"rendered":"<p>Les tortues marines ont r\u00e9sist\u00e9 aux dinosaures, aux requins\u00a0et aux crocodiles marins, mais survivront-elles aux humains\u00a0? Les navigateurs\u00a0du pass\u00e9 les ont charg\u00e9es par millions \u00e0 bord de leurs vaisseaux, les temps\u00a0modernes les ont transform\u00e9es en soupes pour les amateurs. Aujourd\u2019hui\u00a0encore, des centaines de milliers d\u2019entre elles se noient chaque ann\u00e9e dans\u00a0les engins de p\u00eache. Et pourtant, elles persistent.<\/p>\n<p>Dans\u00a0Les Discr\u00e8tes, son dernier livre publi\u00e9 chez Actes Sud, l\u2019oc\u00e9anographe David Gr\u00e9millet tente de percer le secret de jouvence\u00a0des tortues marines. Au fil\u00a0d\u2019une enqu\u00eate plan\u00e9taire, de l\u2019\u00e9quateur jusqu\u2019aux r\u00e9gions polaires, il nous emm\u00e8ne sur la trace des \u00ab\u00a0belles nageuses\u00a0\u00bb, dans l\u2019intimit\u00e9 des sept esp\u00e8ces de tortues marines, pour nous dire leurs incroyables capacit\u00e9s physiques, leurs migrations transoc\u00e9aniques, leurs histoires de vie centenaires\u00a0; il nous pr\u00e9sente aussi les femmes et les hommes qui\u00a0les d\u00e9fendent pied \u00e0 pied.<\/p>\n<p>Avant de rejoindre Montpellier o\u00f9 il travaille aujourd\u2019hui comme directeur de recherche au CNRS (Centre d\u2019\u00e9cologie fonctionnelle et \u00e9volutive), David Gr\u00e9millet a travaill\u00e9 au CNRS de Chiz\u00e9 o\u00f9 la NR l\u2019avait rencontr\u00e9 en novembre\u00a02011 \u00e0 l\u2019occasion de la <a target=\"_self\" href=\"https:\/\/www.lanouvellerepublique.fr\/a-la-une\/david-gremillet-le-chercheur-qui-fait-des-oiseaux-nos-sentinelles\" rel=\"noopener\">sortie de son livre \u00ab\u00a0Les manchots de Mandella\u00a0\u00bb<\/a>, d\u00e9j\u00e0 chez Actes Sud.<\/p>\n<p>\u00ab\u00a0Les discr\u00e8tes, r\u00eaves de tortues marines\u00a0\u00bb, par David Gr\u00e9millet, \u00e9d. Actes Sud, 260 pages, 22\u00a0\u20ac. En librairie le 3\u00a0septembre 2025.<\/p>\n","protected":false},"excerpt":{"rendered":"Les tortues marines ont r\u00e9sist\u00e9 aux dinosaures, aux requins\u00a0et aux crocodiles marins, mais survivront-elles aux humains\u00a0? Les navigateurs\u00a0du&hellip;\n","protected":false},"author":2,"featured_media":287690,"comment_status":"","ping_status":"","sticky":false,"template":"","format":"standard","meta":{"footnotes":""},"categories":[9599],"tags":[1392,1111,11,1867,2545,436,1777,674,1011,27,2208,12,2680,25,39],"class_list":{"0":"post-287689","1":"post","2":"type-post","3":"status-publish","4":"format-standard","5":"has-post-thumbnail","7":"category-montpellier","8":"tag-a-la-une-local","9":"tag-actu","10":"tag-actualites","11":"tag-animaux","12":"tag-deux-sevres","13":"tag-environnement","14":"tag-eu","15":"tag-europe","16":"tag-fr","17":"tag-france","18":"tag-montpellier","19":"tag-news","20":"tag-occitanie","21":"tag-republique-francaise","22":"tag-sciences-et-technologies"},"share_on_mastodon":{"url":"https:\/\/pubeurope.com\/@fr\/114950264765148804","error":""},"_links":{"self":[{"href":"https:\/\/www.europesays.com\/fr\/wp-json\/wp\/v2\/posts\/287689","targetHints":{"allow":["GET"]}}],"collection":[{"href":"https:\/\/www.europesays.com\/fr\/wp-json\/wp\/v2\/posts"}],"about":[{"href":"https:\/\/www.europesays.com\/fr\/wp-json\/wp\/v2\/types\/post"}],"author":[{"embeddable":true,"href":"https:\/\/www.europesays.com\/fr\/wp-json\/wp\/v2\/users\/2"}],"replies":[{"embeddable":true,"href":"https:\/\/www.europesays.com\/fr\/wp-json\/wp\/v2\/comments?post=287689"}],"version-history":[{"count":0,"href":"https:\/\/www.europesays.com\/fr\/wp-json\/wp\/v2\/posts\/287689\/revisions"}],"wp:featuredmedia":[{"embeddable":true,"href":"https:\/\/www.europesays.com\/fr\/wp-json\/wp\/v2\/media\/287690"}],"wp:attachment":[{"href":"https:\/\/www.europesays.com\/fr\/wp-json\/wp\/v2\/media?parent=287689"}],"wp:term":[{"taxonomy":"category","embeddable":true,"href":"https:\/\/www.europesays.com\/fr\/wp-json\/wp\/v2\/categories?post=287689"},{"taxonomy":"post_tag","embeddable":true,"href":"https:\/\/www.europesays.com\/fr\/wp-json\/wp\/v2\/tags?post=287689"}],"curies":[{"name":"wp","href":"https:\/\/api.w.org\/{rel}","templated":true}]}}