{"id":287692,"date":"2025-07-31T22:48:28","date_gmt":"2025-07-31T22:48:28","guid":{"rendered":"https:\/\/www.europesays.com\/fr\/287692\/"},"modified":"2025-07-31T22:48:28","modified_gmt":"2025-07-31T22:48:28","slug":"a-rome-une-croix-du-rennais-marcel-callo-presentee-a-lambassadrice-francaise-au-vatican","status":"publish","type":"post","link":"https:\/\/www.europesays.com\/fr\/287692\/","title":{"rendered":"\u00c0 Rome, une croix du Rennais Marcel Callo pr\u00e9sent\u00e9e \u00e0 l\u2019ambassadrice fran\u00e7aise au Vatican"},"content":{"rendered":"<p>La Croix d\u2019Immortelles, fabriqu\u00e9e avec des fleurs et devant laquelle priaient Marcel Callo et ses compagnons, est \u00e0 Rome pendant le Jubil\u00e9 des jeunes organis\u00e9 par l\u2019\u00c9glise catholique, jusqu\u2019au 3\u00a0ao\u00fbt 2025, \u00e0 Rome. Cet objet est offert \u00e0 la d\u00e9votion des jeunes fid\u00e8les toute cette semaine en l\u2019\u00e9glise de Saint-Yves des Bretons. Mercredi 30\u00a0juillet 2025, la d\u00e9l\u00e9gation du dioc\u00e8se de Rennes (Ille-et-Vilaine), conduite par l\u2019\u00e9v\u00eaque auxiliaire Mgr\u00a0Jean Bondu, a pu pr\u00e9senter cette croix \u00e0 <a href=\"https:\/\/www.lemonde.fr\/international\/article\/2022\/03\/10\/une-deuxieme-femme-nommee-ambassadrice-pres-le-saint-siege_6116950_3210.html\" target=\"_blank\" rel=\"noopener\">Florence Mangin, ambassadrice de France pr\u00e8s le Saint-Si\u00e8ge<\/a>. <a href=\"https:\/\/www.ouest-france.fr\/leditiondusoir\/2025-05-09\/la-ferveur-etait-palpable-a-rome-ce-pretre-breton-a-vecu-les-premiers-instants-du-nouveau-pape-45626b1f-5cf4-4394-aad9-cbe9565475f8\" target=\"_blank\" rel=\"noopener\">Le p\u00e8re Nicolas Esnault, recteur de cette paroisse fran\u00e7aise de Rome<\/a>, et <a href=\"https:\/\/rennes.maville.com\/actu\/actudet_-un-nouveau-livre-sur-marcel-callo-possible-futur-saint-breton-_7-6670934_actu.Htm\" target=\"_blank\" rel=\"noopener\">Thomas Gueydier, postulateur de la cause en canonisation du bienheureux Marcel Callo<\/a>, ont particip\u00e9 \u00e0 cette rencontre.<\/p>\n<p><strong>Lire aussi\u00a0: <\/strong> <a href=\"https:\/\/rennes.maville.com\/actu\/actudet_-200-pelerins-d-ille-et-vilaine-au-jubile-de-la-jeunesse-a-rome-_7-6917380_actu.Htm\" target=\"_blank\" rel=\"noopener\">200\u00a0p\u00e8lerins d\u2019Ille-et-Vilaine au jubil\u00e9 de la jeunesse, \u00e0 Rome<\/a><\/p>\n<p>Cette croix a \u00e9t\u00e9 confectionn\u00e9e en ao\u00fbt\u00a01944 par un Camille Millet, l\u2019un des compagnons de captivit\u00e9 de <a href=\"https:\/\/www.ouest-france.fr\/europe\/france\/le-bienheureux-marcel-callo-itineraire-d-un-enfant-rennais-efa088d8-5511-11ec-882e-3319b2f7c6b6#:~:text=Un%20m%C3%A9morial%20d%C3%A9di%C3%A9%20%C3%A0%20ce,del%C3%A0%20de%20l&#039;%C3%89glise%20catholique.\" target=\"_blank\" rel=\"noopener\">Marcel Callo, jeune typographe rennais envoy\u00e9 en Allemagne pour le service du travail obligatoire (STO),<\/a> puis emprisonn\u00e9 car il avait refus\u00e9 de renoncer \u00e0 sa foi catholique. <strong>\u00ab\u00a0Camille Millet eut l\u2019id\u00e9e de cueillir une poign\u00e9e de fleurs \u2013 des immortelles \u2013, alors qu\u2019il ex\u00e9cutait des travaux forc\u00e9s \u00e0 l\u2019ext\u00e9rieur de la prison, chez un mara\u00eecher,<\/strong> indique le dioc\u00e8se de Rennes sur son site internet. <strong>Il r\u00e9ussit \u00e0 faire rentrer discr\u00e8tement les fleurs dans la prison et confectionna, avec elles, cet objet en forme de Croix, devant laquelle les 12 (Marcel Callo et ses camarades), rassembl\u00e9s dans la m\u00eame cellule, purent prier\u00a0\u00bb<\/strong>.<\/p>\n<p>\u00a0<\/p>\n","protected":false},"excerpt":{"rendered":"La Croix d\u2019Immortelles, fabriqu\u00e9e avec des fleurs et devant laquelle priaient Marcel Callo et ses compagnons, est \u00e0&hellip;\n","protected":false},"author":2,"featured_media":287693,"comment_status":"","ping_status":"","sticky":false,"template":"","format":"standard","meta":{"footnotes":""},"categories":[2821],"tags":[1111,11,19726,829,42640,19026,1777,674,1011,26,27,19797,12,34104,3086,13658,584,25,3499,4193],"class_list":{"0":"post-287692","1":"post","2":"type-post","3":"status-publish","4":"format-standard","5":"has-post-thumbnail","7":"category-rennes","8":"tag-actu","9":"tag-actualites","10":"tag-ambassadrice","11":"tag-bretagne","12":"tag-callo","13":"tag-croix","14":"tag-eu","15":"tag-europe","16":"tag-fr","17":"tag-francaise","18":"tag-france","19":"tag-marcel","20":"tag-news","21":"tag-presentee","22":"tag-redon","23":"tag-rennais","24":"tag-rennes","25":"tag-republique-francaise","26":"tag-rome","27":"tag-vatican"},"share_on_mastodon":{"url":"https:\/\/pubeurope.com\/@fr\/114950288461017930","error":""},"_links":{"self":[{"href":"https:\/\/www.europesays.com\/fr\/wp-json\/wp\/v2\/posts\/287692","targetHints":{"allow":["GET"]}}],"collection":[{"href":"https:\/\/www.europesays.com\/fr\/wp-json\/wp\/v2\/posts"}],"about":[{"href":"https:\/\/www.europesays.com\/fr\/wp-json\/wp\/v2\/types\/post"}],"author":[{"embeddable":true,"href":"https:\/\/www.europesays.com\/fr\/wp-json\/wp\/v2\/users\/2"}],"replies":[{"embeddable":true,"href":"https:\/\/www.europesays.com\/fr\/wp-json\/wp\/v2\/comments?post=287692"}],"version-history":[{"count":0,"href":"https:\/\/www.europesays.com\/fr\/wp-json\/wp\/v2\/posts\/287692\/revisions"}],"wp:featuredmedia":[{"embeddable":true,"href":"https:\/\/www.europesays.com\/fr\/wp-json\/wp\/v2\/media\/287693"}],"wp:attachment":[{"href":"https:\/\/www.europesays.com\/fr\/wp-json\/wp\/v2\/media?parent=287692"}],"wp:term":[{"taxonomy":"category","embeddable":true,"href":"https:\/\/www.europesays.com\/fr\/wp-json\/wp\/v2\/categories?post=287692"},{"taxonomy":"post_tag","embeddable":true,"href":"https:\/\/www.europesays.com\/fr\/wp-json\/wp\/v2\/tags?post=287692"}],"curies":[{"name":"wp","href":"https:\/\/api.w.org\/{rel}","templated":true}]}}