{"id":287703,"date":"2025-07-31T22:54:16","date_gmt":"2025-07-31T22:54:16","guid":{"rendered":"https:\/\/www.europesays.com\/fr\/287703\/"},"modified":"2025-07-31T22:54:16","modified_gmt":"2025-07-31T22:54:16","slug":"300-pelerins-de-loire-atlantique-participent-au-jubile-de-la-jeunesse-a-rome-2","status":"publish","type":"post","link":"https:\/\/www.europesays.com\/fr\/287703\/","title":{"rendered":"300\u00a0p\u00e8lerins de Loire-Atlantique participent au Jubil\u00e9 de la jeunesse \u00e0 Rome"},"content":{"rendered":"<p>Des centaines de milliers de p\u00e8lerins, du monde entier, sont rassembl\u00e9es \u00e0 Rome actuellement, \u00e0 l\u2019occasion du grand jubil\u00e9 international des jeunes. L\u2019\u00e9v\u00e8nement a lieu tous les vingt-cinq\u00a0ans \u00e0 Rome. En 2000, il co\u00efncidait avec les Journ\u00e9es mondiales de la jeunesse.<\/p>\n<p>Pour cette \u00e9dition, <a href=\"https:\/\/rennes.maville.com\/actu\/actudet_-temoignages.-jubile-des-jeunes-a-rome-ils-racontent-leur-rencontre-avec-le-pape-_54135-6917950_actu.Htm\" target=\"_self\" rel=\"noopener\">plus de 20\u00a0000\u00a0jeunes fran\u00e7ais participent \u00e0 cet \u00e9v\u00e8nement<\/a> et 300\u00a0d\u2019entre eux viennent de Loire-Atlantique. Ils sont partis en car, de Rez\u00e9, pour la plupart vendredi 25\u00a0juillet, et ont fait \u00e9tape deux jours \u00e0 Annecy (Haute-Savoie), avant d\u2019arriver \u00e0 Rome.<\/p>\n<p>Une messe XXL dimanche<\/p>\n<p>Place Saint-Pierre, au Vatican, ils ont d\u00e9j\u00e0 eu l\u2019occasion de voir, parfois de tr\u00e8s pr\u00e8s, le nouveau pape L\u00e9on XIV. Monseigneur Laurent Percerou, l\u2019\u00e9v\u00eaque de Nantes, a rejoint les p\u00e8lerins \u00e0 Rome\u00a0pour quelques jours.<\/p>\n<p>Cette semaine, sur le th\u00e8me de l\u2019esp\u00e9rance, s\u2019ach\u00e8vera dimanche 3\u00a0ao\u00fbt, par une messe XXL, dans la banlieue de Rome, pr\u00e9sid\u00e9e par le pape L\u00e9on XIV. Un moment tr\u00e8s attendu par les croyants.<\/p>\n<p>\u00a0<\/p>\n","protected":false},"excerpt":{"rendered":"Des centaines de milliers de p\u00e8lerins, du monde entier, sont rassembl\u00e9es \u00e0 Rome actuellement, \u00e0 l\u2019occasion du grand&hellip;\n","protected":false},"author":2,"featured_media":287252,"comment_status":"","ping_status":"","sticky":false,"template":"","format":"standard","meta":{"footnotes":""},"categories":[2818],"tags":[3743,1111,11,1777,674,1011,27,4075,4693,3047,766,12,12213,2636,42590,25,3499],"class_list":{"0":"post-287703","1":"post","2":"type-post","3":"status-publish","4":"format-standard","5":"has-post-thumbnail","7":"category-nantes","8":"tag-3743","9":"tag-actu","10":"tag-actualites","11":"tag-eu","12":"tag-europe","13":"tag-fr","14":"tag-france","15":"tag-jeunesse","16":"tag-jubile","17":"tag-loire-atlantique","18":"tag-nantes","19":"tag-news","20":"tag-participent","21":"tag-pays-de-la-loire","22":"tag-pelerins","23":"tag-republique-francaise","24":"tag-rome"},"share_on_mastodon":{"url":"https:\/\/pubeurope.com\/@fr\/114950312105959613","error":""},"_links":{"self":[{"href":"https:\/\/www.europesays.com\/fr\/wp-json\/wp\/v2\/posts\/287703","targetHints":{"allow":["GET"]}}],"collection":[{"href":"https:\/\/www.europesays.com\/fr\/wp-json\/wp\/v2\/posts"}],"about":[{"href":"https:\/\/www.europesays.com\/fr\/wp-json\/wp\/v2\/types\/post"}],"author":[{"embeddable":true,"href":"https:\/\/www.europesays.com\/fr\/wp-json\/wp\/v2\/users\/2"}],"replies":[{"embeddable":true,"href":"https:\/\/www.europesays.com\/fr\/wp-json\/wp\/v2\/comments?post=287703"}],"version-history":[{"count":0,"href":"https:\/\/www.europesays.com\/fr\/wp-json\/wp\/v2\/posts\/287703\/revisions"}],"wp:featuredmedia":[{"embeddable":true,"href":"https:\/\/www.europesays.com\/fr\/wp-json\/wp\/v2\/media\/287252"}],"wp:attachment":[{"href":"https:\/\/www.europesays.com\/fr\/wp-json\/wp\/v2\/media?parent=287703"}],"wp:term":[{"taxonomy":"category","embeddable":true,"href":"https:\/\/www.europesays.com\/fr\/wp-json\/wp\/v2\/categories?post=287703"},{"taxonomy":"post_tag","embeddable":true,"href":"https:\/\/www.europesays.com\/fr\/wp-json\/wp\/v2\/tags?post=287703"}],"curies":[{"name":"wp","href":"https:\/\/api.w.org\/{rel}","templated":true}]}}