{"id":287708,"date":"2025-07-31T22:59:14","date_gmt":"2025-07-31T22:59:14","guid":{"rendered":"https:\/\/www.europesays.com\/fr\/287708\/"},"modified":"2025-07-31T22:59:14","modified_gmt":"2025-07-31T22:59:14","slug":"volotea-a-inaugure-deux-nouvelles-routes-au-depart-de-bordeaux-actualite-aeronautique","status":"publish","type":"post","link":"https:\/\/www.europesays.com\/fr\/287708\/","title":{"rendered":"Volotea a inaugur\u00e9 deux nouvelles routes au d\u00e9part de Bordeaux &#8211; Actualit\u00e9 a\u00e9ronautique"},"content":{"rendered":"<p class=\"subtitle\">Article publi\u00e9 le 31 juillet 2025 par David Dagouret<\/p>\n<p>Volotea propose d\u00e9sormais 39 destinations depuis l\u2019a\u00e9roport de Bordeaux.\u00a0<\/p>\n<p>Volotea poursuit son d\u00e9veloppement au d\u00e9part de l\u2019A\u00e9roport de Bordeaux en inaugurant deux nouvelles routes : Alghero en Italie et Minorque en Espagne.\u00a0<\/p>\n<p>La ligne entre Bordeaux et Alghero a \u00e9t\u00e9 inaugur\u00e9e le 04 juillet dernier. Cette ligne sera op\u00e9r\u00e9e deux fois par semaine les lundis et les vendredis.\u00a0<\/p>\n<p>La liaison vers Minorque a \u00e9t\u00e9 inaugur\u00e9e le 06 juillet dernier et elle sera op\u00e9r\u00e9e \u00e0 raison de deux liaisons directes par semaine les jeudis et les dimanches.<\/p>\n<p>Volotea propose d\u00e9sormais 39 destinations depuis l\u2019a\u00e9roport de Bordeaux.\u00a0<\/p>\n<p><strong>Gilles Gosselin, Directeur France de Volotea a d\u00e9clar\u00e9 :<\/strong> \u00ab\u00a0Nous sommes tr\u00e8s heureux d\u2019annoncer l\u2019inauguration de ces deux nouvelles lignes reliant Bordeaux \u00e0 Alghero et Minorque, enrichissant ainsi notre offre estivale vers des destinations ensoleill\u00e9es. Ces ouvertures t\u00e9moignent de notre volont\u00e9 de proposer des liaisons directes vers des destinations attractives, tout en renfor\u00e7ant notre engagement local. Bordeaux est une base historique pour Volotea et joue un r\u00f4le cl\u00e9 dans notre strat\u00e9gie en France. Nous sommes fiers d\u2019y consolider notre pr\u00e9sence, de contribuer au dynamisme \u00e9conomique local et de mieux r\u00e9pondre aux attentes des voyageurs. Nous remercions chaleureusement nos collaborateurs sur place ainsi que les \u00e9quipes de l\u2019A\u00e9roport de Bordeaux pour leur engagement au quotidien.\u00a0\u00bb<\/p>\n<p><img loading=\"lazy\" decoding=\"async\" src=\"https:\/\/www.europesays.com\/fr\/wp-content\/uploads\/2025\/07\/9627.jpg\" alt=\"volotea\" width=\"600\" height=\"400\" style=\"border:0px solid;\" \/><\/p>\n<p>  Sur le m\u00eame sujet<\/p>\n","protected":false},"excerpt":{"rendered":"Article publi\u00e9 le 31 juillet 2025 par David Dagouret Volotea propose d\u00e9sormais 39 destinations depuis l\u2019a\u00e9roport de Bordeaux.\u00a0&hellip;\n","protected":false},"author":2,"featured_media":231326,"comment_status":"","ping_status":"","sticky":false,"template":"","format":"standard","meta":{"footnotes":""},"categories":[2817],"tags":[1111,47,11,296,30397,30398,7182,13796,1997,17318,30399,9919,11821,341,1777,674,30400,5556,1011,27,30401,30402,1031,12,2219,25],"class_list":{"0":"post-287708","1":"post","2":"type-post","3":"status-publish","4":"format-standard","5":"has-post-thumbnail","7":"category-bordeaux","8":"tag-actu","9":"tag-actualite","10":"tag-actualites","11":"tag-aeronautique","12":"tag-aeroweb","13":"tag-aeroweb-fr-net","14":"tag-aviation","15":"tag-avions","16":"tag-bordeaux","17":"tag-compagnies-aeriennes","18":"tag-constructeurs-aeronautiques","19":"tag-cv","20":"tag-dossiers","21":"tag-emploi","22":"tag-eu","23":"tag-europe","24":"tag-fiches-techniques","25":"tag-forum","26":"tag-fr","27":"tag-france","28":"tag-histoire-de-laeronautique","29":"tag-histoire-de-laviation","30":"tag-magazine","31":"tag-news","32":"tag-nouvelle-aquitaine","33":"tag-republique-francaise"},"share_on_mastodon":{"url":"https:\/\/pubeurope.com\/@fr\/114950331784409106","error":""},"_links":{"self":[{"href":"https:\/\/www.europesays.com\/fr\/wp-json\/wp\/v2\/posts\/287708","targetHints":{"allow":["GET"]}}],"collection":[{"href":"https:\/\/www.europesays.com\/fr\/wp-json\/wp\/v2\/posts"}],"about":[{"href":"https:\/\/www.europesays.com\/fr\/wp-json\/wp\/v2\/types\/post"}],"author":[{"embeddable":true,"href":"https:\/\/www.europesays.com\/fr\/wp-json\/wp\/v2\/users\/2"}],"replies":[{"embeddable":true,"href":"https:\/\/www.europesays.com\/fr\/wp-json\/wp\/v2\/comments?post=287708"}],"version-history":[{"count":0,"href":"https:\/\/www.europesays.com\/fr\/wp-json\/wp\/v2\/posts\/287708\/revisions"}],"wp:featuredmedia":[{"embeddable":true,"href":"https:\/\/www.europesays.com\/fr\/wp-json\/wp\/v2\/media\/231326"}],"wp:attachment":[{"href":"https:\/\/www.europesays.com\/fr\/wp-json\/wp\/v2\/media?parent=287708"}],"wp:term":[{"taxonomy":"category","embeddable":true,"href":"https:\/\/www.europesays.com\/fr\/wp-json\/wp\/v2\/categories?post=287708"},{"taxonomy":"post_tag","embeddable":true,"href":"https:\/\/www.europesays.com\/fr\/wp-json\/wp\/v2\/tags?post=287708"}],"curies":[{"name":"wp","href":"https:\/\/api.w.org\/{rel}","templated":true}]}}