{"id":287717,"date":"2025-07-31T23:04:10","date_gmt":"2025-07-31T23:04:10","guid":{"rendered":"https:\/\/www.europesays.com\/fr\/287717\/"},"modified":"2025-07-31T23:04:10","modified_gmt":"2025-07-31T23:04:10","slug":"la-tournee-dete-sinvite-plage-mistral","status":"publish","type":"post","link":"https:\/\/www.europesays.com\/fr\/287717\/","title":{"rendered":"la Tourn\u00e9e d\u2019\u00e9t\u00e9 s\u2019invite plage Mistral"},"content":{"rendered":"\n<p>La Marseillaise paye sa tourn\u00e9e d\u2019\u00e9t\u00e9 musicale dans le 16e\u00a0arrondissement de Marseille. Cette s\u00e9rie de concerts gratuits qui sillonne les Bouches-du-Rh\u00f4ne fait escale vendredi 1er ao\u00fbt d\u00e8s 20h \u00e0 l\u2019Espace Mistral, quartier de l\u2019Estaque plage. Une soir\u00e9e lors de laquelle se produira Jukebox Connexion, groupe de reprises de musiques des ann\u00e9es 1960 \u00e0 90 qui se laisse dicter les morceaux de son r\u00e9pertoire par le public via un QR code. D\u00e9cid\u00e9ment \u00e9clectique, la nuit promet d\u2019\u00eatre chaude avec la prestation, \u00e9galement, des musiciens du groupe Gypsy Contador, sp\u00e9cialis\u00e9s dans le son gitan et notamment la rumba flamenca. Dj Herbie Lite se chargera enfin de faire monter la temp\u00e9rature de quelques degr\u00e9s avec ses remix aux petits oignons.<\/p>\n","protected":false},"excerpt":{"rendered":"La Marseillaise paye sa tourn\u00e9e d\u2019\u00e9t\u00e9 musicale dans le 16e\u00a0arrondissement de Marseille. Cette s\u00e9rie de concerts gratuits qui&hellip;\n","protected":false},"author":2,"featured_media":287718,"comment_status":"","ping_status":"","sticky":false,"template":"","format":"standard","meta":{"footnotes":""},"categories":[2814],"tags":[1111,11,1777,674,1011,27,884,12,882,25,38445],"class_list":{"0":"post-287717","1":"post","2":"type-post","3":"status-publish","4":"format-standard","5":"has-post-thumbnail","7":"category-marseille","8":"tag-actu","9":"tag-actualites","10":"tag-eu","11":"tag-europe","12":"tag-fr","13":"tag-france","14":"tag-marseille","15":"tag-news","16":"tag-provence-alpes-cote-dazur","17":"tag-republique-francaise","18":"tag-tournee-dete-la-marseillaise"},"share_on_mastodon":{"url":"https:\/\/pubeurope.com\/@fr\/114950351335042587","error":""},"_links":{"self":[{"href":"https:\/\/www.europesays.com\/fr\/wp-json\/wp\/v2\/posts\/287717","targetHints":{"allow":["GET"]}}],"collection":[{"href":"https:\/\/www.europesays.com\/fr\/wp-json\/wp\/v2\/posts"}],"about":[{"href":"https:\/\/www.europesays.com\/fr\/wp-json\/wp\/v2\/types\/post"}],"author":[{"embeddable":true,"href":"https:\/\/www.europesays.com\/fr\/wp-json\/wp\/v2\/users\/2"}],"replies":[{"embeddable":true,"href":"https:\/\/www.europesays.com\/fr\/wp-json\/wp\/v2\/comments?post=287717"}],"version-history":[{"count":0,"href":"https:\/\/www.europesays.com\/fr\/wp-json\/wp\/v2\/posts\/287717\/revisions"}],"wp:featuredmedia":[{"embeddable":true,"href":"https:\/\/www.europesays.com\/fr\/wp-json\/wp\/v2\/media\/287718"}],"wp:attachment":[{"href":"https:\/\/www.europesays.com\/fr\/wp-json\/wp\/v2\/media?parent=287717"}],"wp:term":[{"taxonomy":"category","embeddable":true,"href":"https:\/\/www.europesays.com\/fr\/wp-json\/wp\/v2\/categories?post=287717"},{"taxonomy":"post_tag","embeddable":true,"href":"https:\/\/www.europesays.com\/fr\/wp-json\/wp\/v2\/tags?post=287717"}],"curies":[{"name":"wp","href":"https:\/\/api.w.org\/{rel}","templated":true}]}}