{"id":287719,"date":"2025-07-31T23:05:11","date_gmt":"2025-07-31T23:05:11","guid":{"rendered":"https:\/\/www.europesays.com\/fr\/287719\/"},"modified":"2025-07-31T23:05:11","modified_gmt":"2025-07-31T23:05:11","slug":"previsions-du-vendredi-1-aout-2025","status":"publish","type":"post","link":"https:\/\/www.europesays.com\/fr\/287719\/","title":{"rendered":"pr\u00e9visions du vendredi 1 ao\u00fbt 2025"},"content":{"rendered":"<p>Aujourd&rsquo;hui, un grand soleil brillera sur Marseille. Les temp\u00e9ratures afficheront entre 22 et 27\u00b0C. Le matin, on anticipe des valeurs d&rsquo;environ 25\u00b0C. Une brise de nord-ouest soufflera l\u00e9g\u00e8rement. Les maximales atteindront les 27\u00b0C dans l&rsquo;apr\u00e8s-midi et les minimales seront de 26\u00b0C. Un vent d&rsquo;ouest est attendu : il soufflera \u00e0 22 km\/h. Les temp\u00e9ratures seront de 23\u00b0C au minimum et de 25\u00b0C au maximum la soir\u00e9e. On passera de vendredi \u00e0 samedi par une nuit claire.<\/p>\n<p>Un bel ensoleillement est pr\u00e9vu demain \u00e0 Marseille. Il fera 25\u00b0C en moyenne. Les valeurs s&rsquo;\u00e9chelonneront entre 23 et 27\u00b0C le matin. Un vent de nord-ouest, enregistrant 30 km\/h, soufflera. Demain apr\u00e8s-midi, les temp\u00e9ratures seront comprises entre 26 et 27\u00b0C. Les valeurs afficheront entre 26\u00b0C et 27\u00b0C dans la soir\u00e9e. La ville sera touch\u00e9e par un vent de nord-ouest de 23 km\/h.<\/p>\n<p>Les jours suivants s&rsquo;annoncent similaires. Une m\u00e9t\u00e9o ensoleill\u00e9e, avec des temp\u00e9ratures de 27\u00b0C en moyenne, est \u00e0 pr\u00e9voir.<\/p>\n<p><\/p>\n","protected":false},"excerpt":{"rendered":"Aujourd&rsquo;hui, un grand soleil brillera sur Marseille. Les temp\u00e9ratures afficheront entre 22 et 27\u00b0C. Le matin, on anticipe&hellip;\n","protected":false},"author":2,"featured_media":287720,"comment_status":"","ping_status":"","sticky":false,"template":"","format":"standard","meta":{"footnotes":""},"categories":[2814],"tags":[1111,11,1777,674,1011,27,884,12,2119,882,25],"class_list":{"0":"post-287719","1":"post","2":"type-post","3":"status-publish","4":"format-standard","5":"has-post-thumbnail","7":"category-marseille","8":"tag-actu","9":"tag-actualites","10":"tag-eu","11":"tag-europe","12":"tag-fr","13":"tag-france","14":"tag-marseille","15":"tag-news","16":"tag-previsions-meteo","17":"tag-provence-alpes-cote-dazur","18":"tag-republique-francaise"},"share_on_mastodon":{"url":"https:\/\/pubeurope.com\/@fr\/114950355352749733","error":""},"_links":{"self":[{"href":"https:\/\/www.europesays.com\/fr\/wp-json\/wp\/v2\/posts\/287719","targetHints":{"allow":["GET"]}}],"collection":[{"href":"https:\/\/www.europesays.com\/fr\/wp-json\/wp\/v2\/posts"}],"about":[{"href":"https:\/\/www.europesays.com\/fr\/wp-json\/wp\/v2\/types\/post"}],"author":[{"embeddable":true,"href":"https:\/\/www.europesays.com\/fr\/wp-json\/wp\/v2\/users\/2"}],"replies":[{"embeddable":true,"href":"https:\/\/www.europesays.com\/fr\/wp-json\/wp\/v2\/comments?post=287719"}],"version-history":[{"count":0,"href":"https:\/\/www.europesays.com\/fr\/wp-json\/wp\/v2\/posts\/287719\/revisions"}],"wp:featuredmedia":[{"embeddable":true,"href":"https:\/\/www.europesays.com\/fr\/wp-json\/wp\/v2\/media\/287720"}],"wp:attachment":[{"href":"https:\/\/www.europesays.com\/fr\/wp-json\/wp\/v2\/media?parent=287719"}],"wp:term":[{"taxonomy":"category","embeddable":true,"href":"https:\/\/www.europesays.com\/fr\/wp-json\/wp\/v2\/categories?post=287719"},{"taxonomy":"post_tag","embeddable":true,"href":"https:\/\/www.europesays.com\/fr\/wp-json\/wp\/v2\/tags?post=287719"}],"curies":[{"name":"wp","href":"https:\/\/api.w.org\/{rel}","templated":true}]}}