{"id":287726,"date":"2025-07-31T23:10:12","date_gmt":"2025-07-31T23:10:12","guid":{"rendered":"https:\/\/www.europesays.com\/fr\/287726\/"},"modified":"2025-07-31T23:10:12","modified_gmt":"2025-07-31T23:10:12","slug":"record-mondial-un-mega-eclair-de-829-km-aux-etats-unis-soit-la-distance-entre-paris-et-venise","status":"publish","type":"post","link":"https:\/\/www.europesays.com\/fr\/287726\/","title":{"rendered":"Record mondial: un m\u00e9ga \u00e9clair de&#8230; 829 km aux \u00c9tats-Unis, soit la distance entre Paris et Venise"},"content":{"rendered":"<p class=\"ap-StoryElement ap-StoryElement--mb ap-StoryText\">Ce m\u00e9ga \u00e9clair a \u00e9t\u00e9 observ\u00e9 le 22 octobre 2017, lors d&rsquo;un \u00e9pisode orageux de grande envergure. \u00ab\u00a0S&rsquo;\u00e9tendant de l&rsquo;est du Texas jusqu&rsquo;aux alentours de Kansas City, il a couvert une distance \u00e9quivalente \u00e0 celle qui s\u00e9pare les villes europ\u00e9ennes de Paris et de Venise\u00a0\u00bb, a soulign\u00e9 l&rsquo;OMM dans un communiqu\u00e9.<\/p>\n<p class=\"ap-StoryElement ap-StoryElement--mb ap-StoryText\">Un comit\u00e9 de 11 experts bas\u00e9s aux \u00c9tats-Unis, au Br\u00e9sil, en Allemagne, en Espagne, au N\u00e9pal et en Isra\u00ebl a certifi\u00e9 le nouveau record.<\/p>\n","protected":false},"excerpt":{"rendered":"Ce m\u00e9ga \u00e9clair a \u00e9t\u00e9 observ\u00e9 le 22 octobre 2017, lors d&rsquo;un \u00e9pisode orageux de grande envergure. \u00ab\u00a0S&rsquo;\u00e9tendant&hellip;\n","protected":false},"author":2,"featured_media":287727,"comment_status":"","ping_status":"","sticky":false,"template":"","format":"standard","meta":{"footnotes":""},"categories":[1888],"tags":[1111,1928,11,1927,73,1777,674,1011,27,2487,12,1926,626,1925,25],"class_list":{"0":"post-287726","1":"post","2":"type-post","3":"status-publish","4":"format-standard","5":"has-post-thumbnail","7":"category-paris","8":"tag-actu","9":"tag-actu-paris","10":"tag-actualites","11":"tag-actualites-paris","12":"tag-etats-unis","13":"tag-eu","14":"tag-europe","15":"tag-fr","16":"tag-france","17":"tag-meteo","18":"tag-news","19":"tag-news-paris","20":"tag-paris","21":"tag-paris-news","22":"tag-republique-francaise"},"share_on_mastodon":{"url":"https:\/\/pubeurope.com\/@fr\/114950374939588251","error":""},"_links":{"self":[{"href":"https:\/\/www.europesays.com\/fr\/wp-json\/wp\/v2\/posts\/287726","targetHints":{"allow":["GET"]}}],"collection":[{"href":"https:\/\/www.europesays.com\/fr\/wp-json\/wp\/v2\/posts"}],"about":[{"href":"https:\/\/www.europesays.com\/fr\/wp-json\/wp\/v2\/types\/post"}],"author":[{"embeddable":true,"href":"https:\/\/www.europesays.com\/fr\/wp-json\/wp\/v2\/users\/2"}],"replies":[{"embeddable":true,"href":"https:\/\/www.europesays.com\/fr\/wp-json\/wp\/v2\/comments?post=287726"}],"version-history":[{"count":0,"href":"https:\/\/www.europesays.com\/fr\/wp-json\/wp\/v2\/posts\/287726\/revisions"}],"wp:featuredmedia":[{"embeddable":true,"href":"https:\/\/www.europesays.com\/fr\/wp-json\/wp\/v2\/media\/287727"}],"wp:attachment":[{"href":"https:\/\/www.europesays.com\/fr\/wp-json\/wp\/v2\/media?parent=287726"}],"wp:term":[{"taxonomy":"category","embeddable":true,"href":"https:\/\/www.europesays.com\/fr\/wp-json\/wp\/v2\/categories?post=287726"},{"taxonomy":"post_tag","embeddable":true,"href":"https:\/\/www.europesays.com\/fr\/wp-json\/wp\/v2\/tags?post=287726"}],"curies":[{"name":"wp","href":"https:\/\/api.w.org\/{rel}","templated":true}]}}