{"id":287730,"date":"2025-07-31T23:12:13","date_gmt":"2025-07-31T23:12:13","guid":{"rendered":"https:\/\/www.europesays.com\/fr\/287730\/"},"modified":"2025-07-31T23:12:13","modified_gmt":"2025-07-31T23:12:13","slug":"previsions-du-vendredi-1-aout-2025-2","status":"publish","type":"post","link":"https:\/\/www.europesays.com\/fr\/287730\/","title":{"rendered":"pr\u00e9visions du vendredi 1 ao\u00fbt 2025"},"content":{"rendered":"<p>\u00c0 Paris, les temp\u00e9ratures tourneront autour des 21\u00b0C dans la journ\u00e9e. Une brise de nord-ouest soufflera l\u00e9g\u00e8rement. Le temps devrait s&rsquo;am\u00e9liorer pendant la matin\u00e9e. Les temp\u00e9ratures seront de 21\u00b0C. Cet apr\u00e8s-midi rimera avec beau soleil. Les temp\u00e9ratures vont conna\u00eetre une hausse de quelques degr\u00e9s. Les maximales iront jusqu&rsquo;\u00e0 25\u00b0C tandis que les minimales seront de 24\u00b0C. On s&rsquo;attend \u00e0 une nuit claire entre vendredi et samedi.<\/p>\n<p>Demain, le beau temps va progressivement se substituer aux nuages \u00e0 Paris. Les temp\u00e9ratures vont chuter de quelques degr\u00e9s. Les valeurs afficheront entre 13 et 23\u00b0C. Un vent de nord rafra\u00eechira un peu l&rsquo;atmosph\u00e8re. Le matin, le thermom\u00e8tre affichera 19\u00b0C en moyenne. Les temp\u00e9ratures s&rsquo;\u00e9chelonneront entre 21\u00b0C et 23\u00b0C dans l&rsquo;apr\u00e8s-midi. Demain soir, on anticipe des valeurs avoisinant 20\u00b0C.<\/p>\n<p>Les jours suivants s&rsquo;annoncent similaires. Des temp\u00e9ratures dans les 28\u00b0C iront de pair avec un ciel ensoleill\u00e9.<\/p>\n<p><\/p>\n","protected":false},"excerpt":{"rendered":"\u00c0 Paris, les temp\u00e9ratures tourneront autour des 21\u00b0C dans la journ\u00e9e. Une brise de nord-ouest soufflera l\u00e9g\u00e8rement. Le&hellip;\n","protected":false},"author":2,"featured_media":287731,"comment_status":"","ping_status":"","sticky":false,"template":"","format":"standard","meta":{"footnotes":""},"categories":[1888],"tags":[11,1777,674,1011,27,662,12,626,2119,25],"class_list":{"0":"post-287730","1":"post","2":"type-post","3":"status-publish","4":"format-standard","5":"has-post-thumbnail","7":"category-paris","8":"tag-actualites","9":"tag-eu","10":"tag-europe","11":"tag-fr","12":"tag-france","13":"tag-ile-de-france","14":"tag-news","15":"tag-paris","16":"tag-previsions-meteo","17":"tag-republique-francaise"},"share_on_mastodon":{"url":"https:\/\/pubeurope.com\/@fr\/114950382770734368","error":""},"_links":{"self":[{"href":"https:\/\/www.europesays.com\/fr\/wp-json\/wp\/v2\/posts\/287730","targetHints":{"allow":["GET"]}}],"collection":[{"href":"https:\/\/www.europesays.com\/fr\/wp-json\/wp\/v2\/posts"}],"about":[{"href":"https:\/\/www.europesays.com\/fr\/wp-json\/wp\/v2\/types\/post"}],"author":[{"embeddable":true,"href":"https:\/\/www.europesays.com\/fr\/wp-json\/wp\/v2\/users\/2"}],"replies":[{"embeddable":true,"href":"https:\/\/www.europesays.com\/fr\/wp-json\/wp\/v2\/comments?post=287730"}],"version-history":[{"count":0,"href":"https:\/\/www.europesays.com\/fr\/wp-json\/wp\/v2\/posts\/287730\/revisions"}],"wp:featuredmedia":[{"embeddable":true,"href":"https:\/\/www.europesays.com\/fr\/wp-json\/wp\/v2\/media\/287731"}],"wp:attachment":[{"href":"https:\/\/www.europesays.com\/fr\/wp-json\/wp\/v2\/media?parent=287730"}],"wp:term":[{"taxonomy":"category","embeddable":true,"href":"https:\/\/www.europesays.com\/fr\/wp-json\/wp\/v2\/categories?post=287730"},{"taxonomy":"post_tag","embeddable":true,"href":"https:\/\/www.europesays.com\/fr\/wp-json\/wp\/v2\/tags?post=287730"}],"curies":[{"name":"wp","href":"https:\/\/api.w.org\/{rel}","templated":true}]}}