{"id":287732,"date":"2025-07-31T23:13:13","date_gmt":"2025-07-31T23:13:13","guid":{"rendered":"https:\/\/www.europesays.com\/fr\/287732\/"},"modified":"2025-07-31T23:13:13","modified_gmt":"2025-07-31T23:13:13","slug":"marquinhos-sera-bel-et-bien-au-psg-lan-prochain-france-paris-saint-germain","status":"publish","type":"post","link":"https:\/\/www.europesays.com\/fr\/287732\/","title":{"rendered":"Marquinhos sera bel et bien au PSG l&rsquo;an prochain &#8211; France &#8211; Paris Saint-Germain"},"content":{"rendered":"<p>Le capitaine reste \u00e0 bord.<\/p>\n<p>Il n\u2019y avait un si gros doute que cela, mais les supporters parisiens peuvent partir en vacances l\u2019esprit tranquille : <strong>Marquinhos portera toujours les couleurs du club de la capitale la saison prochaine.<\/strong> Selon les informations de <a target=\"_blank\" href=\"https:\/\/www.lequipe.fr\/Football\/Actualites\/Apres-le-temps-de-la-reflexion-marquinhos-a-fait-son-choix-pour-la-saison-prochaine-le-defenseur-restera-au-psg-pour-une-treizieme-saison\/1582242\" rel=\"noopener nofollow\">L\u2019\u00c9quipe<\/a>, le Br\u00e9silien a pris le temps de la r\u00e9flexion, alors qu\u2019il \u00e9tait convoit\u00e9 par quelques clubs du Golfe, mais il entamera bien dans quelques semaines un treizi\u00e8me exercice \u00e0 Paris. D\u00e9j\u00e0 recordman du nombre d\u2019apparitions (491 \u00e0 l\u2019instant T), Marqui va aussi rejoindre Jean-Marc Pilorget en nombre de saisons pass\u00e9es au PSG (Pilorget ayant pass\u00e9 quatorze ans au club, mais ayant \u00e9t\u00e9 pr\u00eat\u00e9 un an). Reste \u00e0 savoir si Luis Enrique utilisera autant son capitaine lors de l\u2019exercice \u00e0 venir alors que l\u2019Ukrainien Ilya Zabarni est toujours attendu pour venir bousculer la hi\u00e9rarchie.<\/p>\n<p>Mais il faudra s\u00fbrement beaucoup pour d\u00e9loger le boss.<\/p>\n<p>\t\t\t\t\t\t\t\t\t\t<a class=\"lien-connexe\" href=\"https:\/\/www.sofoot.com\/breves\/mercato-illya-zabarnyi-tout-proche-de-sengager-au-paris-saint-germain\" rel=\"nofollow noopener\" target=\"_blank\">Illya Zabarnyi est \u00e0 un pas du PSG<\/a>\t\t\t\t\t<\/p>\n","protected":false},"excerpt":{"rendered":"Le capitaine reste \u00e0 bord. Il n\u2019y avait un si gros doute que cela, mais les supporters parisiens&hellip;\n","protected":false},"author":2,"featured_media":287733,"comment_status":"","ping_status":"","sticky":false,"template":"","format":"standard","meta":{"footnotes":""},"categories":[1888],"tags":[47,11,61,69,65,64,1777,674,63,1011,27,68,66,12,62,626,70,25,67],"class_list":{"0":"post-287732","1":"post","2":"type-post","3":"status-publish","4":"format-standard","5":"has-post-thumbnail","7":"category-paris","8":"tag-actualite","9":"tag-actualites","10":"tag-actus-football","11":"tag-bundesliga","12":"tag-championnats-europeens","13":"tag-equipe-de-france","14":"tag-eu","15":"tag-europe","16":"tag-football","17":"tag-fr","18":"tag-france","19":"tag-ligua","20":"tag-ligue-1","21":"tag-news","22":"tag-news-foot","23":"tag-paris","24":"tag-premier-league","25":"tag-republique-francaise","26":"tag-serie-a"},"share_on_mastodon":{"url":"https:\/\/pubeurope.com\/@fr\/114950386797236954","error":""},"_links":{"self":[{"href":"https:\/\/www.europesays.com\/fr\/wp-json\/wp\/v2\/posts\/287732","targetHints":{"allow":["GET"]}}],"collection":[{"href":"https:\/\/www.europesays.com\/fr\/wp-json\/wp\/v2\/posts"}],"about":[{"href":"https:\/\/www.europesays.com\/fr\/wp-json\/wp\/v2\/types\/post"}],"author":[{"embeddable":true,"href":"https:\/\/www.europesays.com\/fr\/wp-json\/wp\/v2\/users\/2"}],"replies":[{"embeddable":true,"href":"https:\/\/www.europesays.com\/fr\/wp-json\/wp\/v2\/comments?post=287732"}],"version-history":[{"count":0,"href":"https:\/\/www.europesays.com\/fr\/wp-json\/wp\/v2\/posts\/287732\/revisions"}],"wp:featuredmedia":[{"embeddable":true,"href":"https:\/\/www.europesays.com\/fr\/wp-json\/wp\/v2\/media\/287733"}],"wp:attachment":[{"href":"https:\/\/www.europesays.com\/fr\/wp-json\/wp\/v2\/media?parent=287732"}],"wp:term":[{"taxonomy":"category","embeddable":true,"href":"https:\/\/www.europesays.com\/fr\/wp-json\/wp\/v2\/categories?post=287732"},{"taxonomy":"post_tag","embeddable":true,"href":"https:\/\/www.europesays.com\/fr\/wp-json\/wp\/v2\/tags?post=287732"}],"curies":[{"name":"wp","href":"https:\/\/api.w.org\/{rel}","templated":true}]}}