{"id":287734,"date":"2025-07-31T23:14:21","date_gmt":"2025-07-31T23:14:21","guid":{"rendered":"https:\/\/www.europesays.com\/fr\/287734\/"},"modified":"2025-07-31T23:14:21","modified_gmt":"2025-07-31T23:14:21","slug":"guerre-en-ukraine-la-russie-poursuit-ses-bombardements-malgre-lultimatum-americain","status":"publish","type":"post","link":"https:\/\/www.europesays.com\/fr\/287734\/","title":{"rendered":"Guerre en Ukraine : la Russie poursuit ses bombardements malgr\u00e9 l&rsquo;ultimatum am\u00e9ricain"},"content":{"rendered":"<ul class=\"jsx-862013697 ArticleChapo__List\">\n<li class=\"jsx-862013697 ArticleChapo__List_Item flex\">Le nouvel ultimatum lanc\u00e9 par Donald Trump \u00e0 Vladimir Poutine court toujours : il lui reste huit jours pour mettre un terme \u00e0 la guerre en Ukraine.<\/li>\n<li class=\"jsx-862013697 ArticleChapo__List_Item flex\">Mais la seule r\u00e9ponse qui \u00e9mane du Kremlin est pour l&rsquo;instant militaire.<\/li>\n<li class=\"jsx-862013697 ArticleChapo__List_Item flex\">Une nouvelle frappe a fait de nombreuses victimes ce jeudi matin \u00e0 Kiev.<\/li>\n<\/ul>\n<p><a href=\"https:\/\/www.tf1info.fr\/actualite\/guerre-en-ukraine-une-treve-en-negociation-13895\/\" rel=\"noopener\" class=\"jsx-484472199 Link jsx-1428418400 jsx-554215408\" target=\"_blank\"><\/p>\n<p style=\"font-weight:400\" class=\"jsx-1837267516\">Suivez la couverture compl\u00e8te<\/p>\n<p style=\"font-weight:800\" class=\"jsx-1837267516\">Guerre en Ukraine : une tr\u00eave sera-t-elle possible ? <\/p>\n<p><\/a><\/p>\n<p data-module=\"article-paragraph\" class=\"jsx-3046738180 Paragraph Paragraph__End\">La premi\u00e8re explosion a retenti \u00e0 minuit dans la capitale ukrainienne. Trois cents drones se sont ensuite abattus sur Kiev. Trois heures plus tard, ce sont des missiles de croisi\u00e8re qui ont frapp\u00e9. Hagards, les habitants ont \u00e9t\u00e9 oblig\u00e9s de quitter leur logement \u00e0 la h\u00e2te, au milieu des gravats. Certains cherchant des proches.\u00a0<\/p>\n<p>550 km\u00b2 envahis chaque mois par l&rsquo;arm\u00e9e russe<\/p>\n<p data-module=\"article-paragraph\" class=\"jsx-3046738180 Paragraph\">Une dizaine de personnes ont \u00e9t\u00e9 tu\u00e9es, dont un enfant de six ans, dans cette nouvelle attaque russe dans la nuit de mercredi \u00e0 jeudi. \u00ab\u00a0Le b\u00e2timent en face de chez nous s&rsquo;est effondr\u00e9. J&rsquo;ai beaucoup d&rsquo;amis l\u00e0-bas et je ne sais m\u00eame pas o\u00f9 ils sont. C&rsquo;est horrible ce qui se passe\u00a0\u00bb, d\u00e9nonce une m\u00e8re de famille, dans le reportage en t\u00eate de cet article. \u00ab\u00a0Il y a eu une nouvelle alerte \u00e0 la fin de la nuit. Je me suis r\u00e9veill\u00e9 et j&rsquo;ai vu que cinq missiles russes arrivaient sur nous, mais il \u00e9tait trop tard pour fuir\u00a0\u00bb, rench\u00e9rit un homme, le front couvert d&rsquo;une compresse.\u00a0<\/p>\n<p data-module=\"article-paragraph\" class=\"jsx-3046738180 Paragraph Paragraph__End\">L&rsquo;artillerie russe, elle, intensifie ses op\u00e9rations <a href=\"https:\/\/www.tf1info.fr\/international\/direct-guerre-ukraine-russie-nouvelles-frappes-zelensky-poutine-les-dernieres-informations-aujourd-hui-samedi-26-juillet-2025-2385186.html\" target=\"_blank\" rel=\"noopener\">\u00e0 l&rsquo;est de l&rsquo;Ukraine<\/a>, notamment contre la petite ville de Tchassiv Yar o\u00f9 il n&rsquo;y a plus un seul habitant apr\u00e8s plus de deux ans de combats intenses. \u00ab\u00a0Notre but, c&rsquo;est d&rsquo;\u00e9craser l&rsquo;ennemi et de l&#8217;emp\u00eacher de renforcer le front\u00a0\u00bb, affirme Konstantin Shipov, du r\u00e9giment 299. Sur des vid\u00e9os de propagande, l&rsquo;arm\u00e9e russe assure tenir toute cette ville, hautement strat\u00e9gique. Ses troupes auraient saisi les derniers quartiers. Une avanc\u00e9e qui concerne aussi tout le front de l&rsquo;est ukrainien, avec 550 km\u00b2 envahis chaque mois, soit dix fois la superficie de Paris.\u00a0<\/p>\n<p><a href=\"https:\/\/www.tf1info.fr\/international\/video-guerre-en-ukraine-la-russie-devoile-un-nouveau-drone-naval-capable-de-detruire-un-navire-ennemi-2386090.html\" rel=\"noopener\" class=\"jsx-3308031228 Link flex\" target=\"_blank\"><img decoding=\"async\" src=\"https:\/\/www.europesays.com\/fr\/wp-content\/uploads\/2025\/07\/nouveau-drone-naval-russe-b8ea5a-0@1x.jpeg\" alt=\"La Russie a test\u00e9 un nouveau drone naval lors de l'op\u00e9ration &quot;Temp\u00eate de Juillet&quot;.\" loading=\"lazy\" importance=\"low\" fetchpriority=\"low\" class=\"\" aria-hidden=\"true\"\/><\/p>\n<p class=\"jsx-3657663356 ReadMoreArticle__Title\">Lire aussi<\/p>\n<p class=\"jsx-3657663356\">Guerre en Ukraine : la Russie d\u00e9voile un nouveau drone naval capable de \u00ab\u00a0d\u00e9truire un navire ennemi\u00a0\u00bb<\/p>\n<p><\/a><\/p>\n<p data-module=\"article-paragraph\" class=\"jsx-3046738180 Paragraph Paragraph__End\">Une progression qui inqui\u00e8te Donald Trump. Apr\u00e8s avoir donn\u00e9 le 14 juillet un ultimatum de 50 jours \u00e0 son homologue russe pour mettre fin au conflit, le pr\u00e9sident am\u00e9ricain a annonc\u00e9 lundi 28 juillet fixer une nouvelle date \u00e0 environ \u00ab\u00a010 ou 12 jours\u00a0\u00bb, sans quoi les \u00c9tats-Unis prendront des sanctions contre la Russie. Moscou r\u00e9pond avoir pris bonne note de cet ultimatum.<\/p>\n<p>V. F | Reportage : Benoit CHRISTAL et Fr\u00e9d\u00e9ric JOLFRE<\/p>\n","protected":false},"excerpt":{"rendered":"Le nouvel ultimatum lanc\u00e9 par Donald Trump \u00e0 Vladimir Poutine court toujours : il lui reste huit jours&hellip;\n","protected":false},"author":2,"featured_media":287735,"comment_status":"","ping_status":"","sticky":false,"template":"","format":"standard","meta":{"footnotes":""},"categories":[1591],"tags":[1111,11,1921,5925,75,1887,28083,1922,2952,12,1885,1886,132,220,133,1920,135],"class_list":{"0":"post-287734","1":"post","2":"type-post","3":"status-publish","4":"format-standard","5":"has-post-thumbnail","7":"category-russie","8":"tag-actu","9":"tag-actualites","10":"tag-article-video","11":"tag-conflits-et-guerre","12":"tag-donald-trump","13":"tag-federation-de-russie","14":"tag-guerre-en-ukraine-une-treve-sera-t-elle-possible","15":"tag-info","16":"tag-le-20h","17":"tag-news","18":"tag-russia","19":"tag-russian-federation","20":"tag-russie","21":"tag-ukraine","22":"tag-video","23":"tag-video-international","24":"tag-vladimir-poutine"},"share_on_mastodon":{"url":"https:\/\/pubeurope.com\/@fr\/114950390757637653","error":""},"_links":{"self":[{"href":"https:\/\/www.europesays.com\/fr\/wp-json\/wp\/v2\/posts\/287734","targetHints":{"allow":["GET"]}}],"collection":[{"href":"https:\/\/www.europesays.com\/fr\/wp-json\/wp\/v2\/posts"}],"about":[{"href":"https:\/\/www.europesays.com\/fr\/wp-json\/wp\/v2\/types\/post"}],"author":[{"embeddable":true,"href":"https:\/\/www.europesays.com\/fr\/wp-json\/wp\/v2\/users\/2"}],"replies":[{"embeddable":true,"href":"https:\/\/www.europesays.com\/fr\/wp-json\/wp\/v2\/comments?post=287734"}],"version-history":[{"count":0,"href":"https:\/\/www.europesays.com\/fr\/wp-json\/wp\/v2\/posts\/287734\/revisions"}],"wp:featuredmedia":[{"embeddable":true,"href":"https:\/\/www.europesays.com\/fr\/wp-json\/wp\/v2\/media\/287735"}],"wp:attachment":[{"href":"https:\/\/www.europesays.com\/fr\/wp-json\/wp\/v2\/media?parent=287734"}],"wp:term":[{"taxonomy":"category","embeddable":true,"href":"https:\/\/www.europesays.com\/fr\/wp-json\/wp\/v2\/categories?post=287734"},{"taxonomy":"post_tag","embeddable":true,"href":"https:\/\/www.europesays.com\/fr\/wp-json\/wp\/v2\/tags?post=287734"}],"curies":[{"name":"wp","href":"https:\/\/api.w.org\/{rel}","templated":true}]}}