{"id":287738,"date":"2025-07-31T23:16:11","date_gmt":"2025-07-31T23:16:11","guid":{"rendered":"https:\/\/www.europesays.com\/fr\/287738\/"},"modified":"2025-07-31T23:16:11","modified_gmt":"2025-07-31T23:16:11","slug":"pas-daccord-entre-la-suisse-et-les-usa-sur-les-droits-de-douane","status":"publish","type":"post","link":"https:\/\/www.europesays.com\/fr\/287738\/","title":{"rendered":"Pas d&rsquo;accord entre la Suisse et les USA sur les droits de douane"},"content":{"rendered":"<p class=\"lede\">Le sp\u00e9cialiste des ar\u00f4mes, parfums et ingr\u00e9dients DSM-Firmenich a connu des r\u00e9sultats semestriels en hausse, ses secteurs de nutrition animale, dont il entend se s\u00e9parer, et humaine ayant b\u00e9n\u00e9fici\u00e9 d&rsquo;un environnement favorable malgr\u00e9 les al\u00e9as macro\u00e9conomiques.<\/p>\n<p>De janvier \u00e0 juin, les recettes de l&rsquo;entreprise affichent une progression de 3% \u00e0 6,51 milliards d&rsquo;euros (6,05 milliards de francs), selon un communiqu\u00e9 publi\u00e9 jeudi. La croissance organique atteint 7%.<\/p>\n<p>Le r\u00e9sultat brut d&rsquo;exploitation (Ebitda) ajust\u00e9 a lui bondi de 29% \u00e0 1,26 milliard, apr\u00e8s 976 millions \u00e0 la m\u00eame p\u00e9riode un an plus t\u00f4t et la marge aff\u00e9rente se monte \u00e0 19,4%, contre 15,5% auparavant. Le b\u00e9n\u00e9fice net a pour sa part enfl\u00e9 de moiti\u00e9 \u00e0 537 millions d&rsquo;euros.<\/p>\n<p>\u00ab\u00a0Nos trois secteurs d&rsquo;activit\u00e9s ont connu des vents favorables. La population est de plus en plus soucieuse de sa sant\u00e9 et de bien vieillir, ce qui a profit\u00e9 \u00e0 nos activit\u00e9s dans les domaines de la sant\u00e9, de la nutrition et des soins. (&#8230;) Enfin, dans le domaine de la beaut\u00e9, la parfumerie a connu de tr\u00e8s bon r\u00e9sultats car les consommateurs veulent profiter de la vie\u00a0\u00bb, a expliqu\u00e9 \u00e0 l&rsquo;agence AWP le directeur g\u00e9n\u00e9ral de DSM-Firmenich, Dimitri de Vreeze.<\/p>\n<p>Les ventes de l&rsquo;activit\u00e9 Sant\u00e9, Nutrition et Soins ont toutefois recul\u00e9 de 2%, celles de la division Parfumerie &amp; Beaut\u00e9 se sont repli\u00e9es de 2%, alors que celles du secteur Go\u00fbt, Texture et Sant\u00e9 ont gagn\u00e9 3%.<\/p>\n<p>March\u00e9 am\u00e9ricain h\u00e9sitant <\/p>\n<p>La soci\u00e9t\u00e9 entend se s\u00e9parer de son unit\u00e9 Nutrition animale et Sant\u00e9, dont les ventes ont pourtant connu la plus forte hausse de 14% en glissement annuel, processus \u00ab\u00a0qui avance\u00a0\u00bb, s&rsquo;est r\u00e9joui M. de Vreeze. En juin dernier, DSM-Firmenich a finalis\u00e9 la cession de sa participation dans Feed Enzymes Alliance \u00e0 son partenaire \u00e0 parts \u00e9gales Novonesis, actif dans les biosolutions.<\/p>\n<p>Sa strat\u00e9gie de restructuration d\u00e9but\u00e9e il y a deux ans, est \u00ab\u00a0satisfaisante\u00a0\u00bb, selon le CEO qui a pr\u00e9cis\u00e9 que le groupe se trouvait dans la phase \u00ab\u00a0d&rsquo;acc\u00e9l\u00e9ration\u00a0\u00bb de sa mise en place sans vouloir donner d&rsquo;\u00e9ch\u00e9ance. \u00ab\u00a0Nous allons d\u00e9sormais d\u00e9velopper notre portefeuille, ax\u00e9 sur la nutrition, la sant\u00e9 et la beaut\u00e9\u00a0\u00bb, a-t-il dit en ajoutant qu&rsquo;aucune acquisition n&rsquo;\u00e9tait de ce fait pr\u00e9vue dans les prochaines ann\u00e9es afin de consolider \u00ab\u00a0la maison\u00a0\u00bb.<\/p>\n<p>Autre volet de la strat\u00e9gie adopt\u00e9e, l&rsquo;entreprise s&rsquo;est lanc\u00e9e dans un programme de restructuration du secteur des vitamines afin de r\u00e9duire les co\u00fbts et de r\u00e9tablir la rentabilit\u00e9. Cet objectif doit \u00eatre achev\u00e9 en 2025 \u00ab\u00a0avec une contribution d&rsquo;environ 100 millions d&rsquo;euros \u00e0 l&rsquo;Ebitda ajust\u00e9\u00a0\u00bb, selon le patron du groupe argovien qui d\u00e9taille que les vitamines doivent devenir une \u00ab\u00a0cat\u00e9gorie limit\u00e9e, repr\u00e9sentant 7-8% des ventes contre 17% aujourd&rsquo;hui\u00a0\u00bb.<\/p>\n<p>Pour l&rsquo;ensemble de l&rsquo;ann\u00e9e, les pr\u00e9visions de la direction demeurent inchang\u00e9es avec un Ebitda ajust\u00e9 annuel d&rsquo;environ 2,4 milliards d&rsquo;euros, \u00ab\u00a0refl\u00e9tant les effets volatils des taux de change\u00a0\u00bb. M.de Vreeze reconna\u00eet que sur le march\u00e9 am\u00e9ricain, celui qui se montre plus h\u00e9sitant en ce moment, la menace des droits de douane cr\u00e9\u00e9e de \u00ab\u00a0l&rsquo;instabilit\u00e9\u00a0\u00bb. \u00ab\u00a0L&rsquo;agilit\u00e9 est absolument essentielle (&#8230;) Je pense qu&rsquo;au final nous pourrons r\u00e9percuter cela sur les prix mais il ne faut pas oublier qu&rsquo;environ la moiti\u00e9 de nos produits est exempt\u00e9e de droits de douane. Nous avons donc une longueur d&rsquo;avance \u00e0 cet \u00e9gard\u00a0\u00bb.<\/p>\n<p>Cet article a \u00e9t\u00e9 publi\u00e9 automatiquement. Sources : ats \/ awp<\/p>\n","protected":false},"excerpt":{"rendered":"Le sp\u00e9cialiste des ar\u00f4mes, parfums et ingr\u00e9dients DSM-Firmenich a connu des r\u00e9sultats semestriels en hausse, ses secteurs de&hellip;\n","protected":false},"author":2,"featured_media":287739,"comment_status":"","ping_status":"","sticky":false,"template":"","format":"standard","meta":{"footnotes":""},"categories":[1589],"tags":[11,73,1866,12,1864,1865,1863,308],"class_list":{"0":"post-287738","1":"post","2":"type-post","3":"status-publish","4":"format-standard","5":"has-post-thumbnail","7":"category-etats-unis","8":"tag-actualites","9":"tag-etats-unis","10":"tag-etats-unis-damerique","11":"tag-news","12":"tag-united-states","13":"tag-united-states-of-america","14":"tag-us","15":"tag-usa"},"share_on_mastodon":{"url":"https:\/\/pubeurope.com\/@fr\/114950398493865530","error":""},"_links":{"self":[{"href":"https:\/\/www.europesays.com\/fr\/wp-json\/wp\/v2\/posts\/287738","targetHints":{"allow":["GET"]}}],"collection":[{"href":"https:\/\/www.europesays.com\/fr\/wp-json\/wp\/v2\/posts"}],"about":[{"href":"https:\/\/www.europesays.com\/fr\/wp-json\/wp\/v2\/types\/post"}],"author":[{"embeddable":true,"href":"https:\/\/www.europesays.com\/fr\/wp-json\/wp\/v2\/users\/2"}],"replies":[{"embeddable":true,"href":"https:\/\/www.europesays.com\/fr\/wp-json\/wp\/v2\/comments?post=287738"}],"version-history":[{"count":0,"href":"https:\/\/www.europesays.com\/fr\/wp-json\/wp\/v2\/posts\/287738\/revisions"}],"wp:featuredmedia":[{"embeddable":true,"href":"https:\/\/www.europesays.com\/fr\/wp-json\/wp\/v2\/media\/287739"}],"wp:attachment":[{"href":"https:\/\/www.europesays.com\/fr\/wp-json\/wp\/v2\/media?parent=287738"}],"wp:term":[{"taxonomy":"category","embeddable":true,"href":"https:\/\/www.europesays.com\/fr\/wp-json\/wp\/v2\/categories?post=287738"},{"taxonomy":"post_tag","embeddable":true,"href":"https:\/\/www.europesays.com\/fr\/wp-json\/wp\/v2\/tags?post=287738"}],"curies":[{"name":"wp","href":"https:\/\/api.w.org\/{rel}","templated":true}]}}