{"id":287742,"date":"2025-07-31T23:18:11","date_gmt":"2025-07-31T23:18:11","guid":{"rendered":"https:\/\/www.europesays.com\/fr\/287742\/"},"modified":"2025-07-31T23:18:11","modified_gmt":"2025-07-31T23:18:11","slug":"israel-palestine-lallemagne-change-de-ton-vis-a-vis-disrael","status":"publish","type":"post","link":"https:\/\/www.europesays.com\/fr\/287742\/","title":{"rendered":"Isra\u00ebl-Palestine: L\u2019Allemagne change de ton vis-\u00e0-vis d&rsquo;Isra\u00ebl"},"content":{"rendered":"<p>Publi\u00e931. juillet 2025, 22:56<\/p>\n<p>Isra\u00ebl-Palestine: L\u2019Allemagne change de ton vis-\u00e0-vis d&rsquo;Isra\u00ebl<\/p>\n<p>Soutien inconditionnel de l&rsquo;\u00c9tat h\u00e9breu, Berlin met en garde Tel-Aviv sur le carnage op\u00e9r\u00e9 \u00e0 Gaza et l&rsquo;isolement isra\u00e9lien qui s&rsquo;ensuit.<\/p>\n<p><img loading=\"lazy\" decoding=\"async\" src=\"https:\/\/www.europesays.com\/fr\/wp-content\/uploads\/2025\/07\/a862c02a-eb46-4e21-a2fb-1b0d0545d0dc.jpg\" alt=\"Le chancelier Friedrich Merz a envoy\u00e9 son ministre des Affaires \u00e9trang\u00e8res Johann Wadephul pour accentuer la pression sur Isra\u00ebl en faveur d'un r\u00e8glement du conflit.\" title=\"Le chancelier Friedrich Merz a envoy\u00e9 son ministre des Affaires \u00e9trang\u00e8res Johann Wadephul pour accentuer la pression sur Isra\u00ebl en faveur d'un r\u00e8glement du conflit.\"  width=\"1200\" height=\"675\"\/><\/p>\n<p>Le chancelier Friedrich Merz a envoy\u00e9 son ministre des Affaires \u00e9trang\u00e8res Johann Wadephul pour accentuer la pression sur Isra\u00ebl en faveur d&rsquo;un r\u00e8glement du conflit.<\/p>\n<p>AFP<\/p>\n<p>Le ministre allemand des Affaires \u00e9trang\u00e8res a lanc\u00e9 jeudi une mise en garde au gouvernement isra\u00e9lien, l\u2019estimant de plus en plus isol\u00e9 sur le plan diplomatique face au d\u00e9sastre humanitaire \u00e0 Gaza et aux menaces d\u2019annexion de la Cisjordanie. \u00abLa r\u00e9cente conf\u00e9rence de l\u2019ONU \u00e0 New York a montr\u00e9 qu\u2019Isra\u00ebl se trouvait de plus en plus en position minoritaire\u00bb, a d\u00e9clar\u00e9 Johann Wadephul avant de s\u2019envoler pour Tel Aviv dans l\u2019apr\u00e8s-midi. \u00abFace aux menaces d\u2019annexion ouvertement prof\u00e9r\u00e9es par certaines franges du gouvernement isra\u00e9lien, un nombre croissant de pays, y compris europ\u00e9ens, sont pr\u00eats \u00e0 reconna\u00eetre un \u00c9tat palestinien sans processus de n\u00e9gociation pr\u00e9alable\u00bb, a-t-il rappel\u00e9.<\/p>\n<p>Le ministre a r\u00e9it\u00e9r\u00e9 la position de Berlin selon laquelle \u00abla reconnaissance d\u2019un \u00c9tat palestinien doit intervenir \u00e0 la fin d\u2019un processus\u00bb de n\u00e9gociations, mais en lan\u00e7ant un avertissement aux autorit\u00e9s isra\u00e9liennes. \u00abUn tel processus doit maintenant commencer. L\u2019Allemagne ne d\u00e9viera pas de cet objectif\u00bb et \u00absera forc\u00e9e de r\u00e9agir \u00e0 toute action unilat\u00e9rale\u00bb de la part d\u2019Isra\u00ebl, a-t-il dit.<\/p>\n<p>Puis s\u2019exprimant face \u00e0 la presse \u00e0 J\u00e9rusalem, il a appel\u00e9 le gouvernement de Benjamin Netanyahu \u00e0 \u00abrenoncer \u00e0 toute politique d\u2019expulsion et d\u2019annexion active\u00bb. \u00abJe suis venu ici avec l\u2019objectif d\u2019emp\u00eacher qu\u2019un foss\u00e9 ne se creuse entre l\u2019Union europ\u00e9enne et Isra\u00ebl. Ce danger existe et les deux parties doivent contribuer \u00e0 ce qu\u2019il ne se concr\u00e9tise pas\u00bb, a ajout\u00e9 le ministre.<\/p>\n<blockquote class=\"Quote_quote__uexDU Quote_siteAreaNews__9_7Qz\">\n<p class=\"Quote_quoteText__6G6oY\">\u00abLe gouvernement de Benjamin Netanyahu doit renoncer \u00e0 toute politique d\u2019expulsion et d\u2019annexion active\u00bb<\/p>\n<\/blockquote>\n<p>Johann Wadephul, ministre allemand des Affaires \u00e9trang\u00e8res<\/p>\n<p>Soutien fid\u00e8le d\u2019Isra\u00ebl du fait de sa responsabilit\u00e9 dans la Shoah, Berlin formule des critiques de plus en plus fermes sur la guerre \u00e0 Gaza et la situation en Cisjordanie occup\u00e9e. Le gouvernement de Friedrich Merz est cependant critiqu\u00e9 en Allemagne pour la poursuite des livraisons d\u2019armes \u00e0 Isra\u00ebl.<\/p>\n<p>Wadephul, qui doit se rendre aussi \u00e0 Ramallah, a \u00e9galement appel\u00e9 le gouvernement isra\u00e9lien \u00e0 permettre un acc\u00e8s plus large aux convois humanitaires terrestres pour ravitailler la bande de Gaza, en proie \u00e0 la famine. \u00abLa catastrophe humanitaire d\u00e9passe l\u2019imagination\u00bb, a-t-il dit \u00e0 la presse.<\/p>\n<p>\u00abLe gouvernement isra\u00e9lien a le devoir d\u2019autoriser rapidement l\u2019acheminement d\u2019une aide humanitaire et m\u00e9dicale suffisante afin d\u2019\u00e9viter une mort massive due \u00e0 la famine\u00bb, alors que \u00abdans toute la bande de Gaza, des gens souffrent de la faim chaque jour, des femmes, des hommes et des enfants sont tu\u00e9s dans leur qu\u00eate d\u00e9sesp\u00e9r\u00e9e de nourriture\u00bb, selon le ministre.<\/p>\n<p>\u00abLa catastrophe humanitaire d\u00e9passe l\u2019imagination\u00bb<\/p>\n<p>Apr\u00e8s plus de 21 mois de guerre \u00e0 Gaza, l\u2019extension de la colonisation isra\u00e9lienne en Cisjordanie et les vell\u00e9it\u00e9s de responsables isra\u00e9liens d\u2019annexer ce territoire occup\u00e9, la crainte que la cr\u00e9ation d\u2019un Etat palestinien ne soit physiquement impossible gagne du terrain.<\/p>\n<p>Trois pays membres du G7, France, Royaume-Uni et Canada, ont signal\u00e9 leur intention de reconna\u00eetre l\u2019\u00c9tat palestinien en septembre. \u00abSeul un acheminement par voie terrestre permettra aux biens humanitaires d\u2019atteindre la population en quantit\u00e9 suffisante\u00bb, a indiqu\u00e9\u00a0 Wadephul.<\/p>\n<p>L\u2019Allemagne a envoy\u00e9 mercredi deux avions de transport militaire A400M en Cisjordanie pour qu\u2019ils larguent de l\u2019aide sur Gaza. Le ministre allemand devait avoir jeudi des entretiens avec son homologue Gideon Saar, le Premier ministre Benjamin Netanyahu et le pr\u00e9sident Isaac Herzog.<\/p>\n<p>Curieux de d\u00e9couvrir qui fait l&rsquo;actu \u00e0 L&rsquo;essentiel? Rejoins-nous sur le r\u00e9seau business n\u00b0 1 au Luxembourg!<\/p>\n<p>(afp\/rk)<\/p>\n","protected":false},"excerpt":{"rendered":"Publi\u00e931. juillet 2025, 22:56 Isra\u00ebl-Palestine: L\u2019Allemagne change de ton vis-\u00e0-vis d&rsquo;Isra\u00ebl Soutien inconditionnel de l&rsquo;\u00c9tat h\u00e9breu, Berlin met&hellip;\n","protected":false},"author":2,"featured_media":287743,"comment_status":"","ping_status":"","sticky":false,"template":"","format":"standard","meta":{"footnotes":""},"categories":[1587],"tags":[11,672,1804,1805,1803,1777,674,1801,12,1802],"class_list":{"0":"post-287742","1":"post","2":"type-post","3":"status-publish","4":"format-standard","5":"has-post-thumbnail","7":"category-allemagne","8":"tag-actualites","9":"tag-allemagne","10":"tag-bundesrepublik-deutschland","11":"tag-de","12":"tag-deutschland","13":"tag-eu","14":"tag-europe","15":"tag-germany","16":"tag-news","17":"tag-republique-federale-dallemagne"},"share_on_mastodon":{"url":"https:\/\/pubeurope.com\/@fr\/114950406416935641","error":""},"_links":{"self":[{"href":"https:\/\/www.europesays.com\/fr\/wp-json\/wp\/v2\/posts\/287742","targetHints":{"allow":["GET"]}}],"collection":[{"href":"https:\/\/www.europesays.com\/fr\/wp-json\/wp\/v2\/posts"}],"about":[{"href":"https:\/\/www.europesays.com\/fr\/wp-json\/wp\/v2\/types\/post"}],"author":[{"embeddable":true,"href":"https:\/\/www.europesays.com\/fr\/wp-json\/wp\/v2\/users\/2"}],"replies":[{"embeddable":true,"href":"https:\/\/www.europesays.com\/fr\/wp-json\/wp\/v2\/comments?post=287742"}],"version-history":[{"count":0,"href":"https:\/\/www.europesays.com\/fr\/wp-json\/wp\/v2\/posts\/287742\/revisions"}],"wp:featuredmedia":[{"embeddable":true,"href":"https:\/\/www.europesays.com\/fr\/wp-json\/wp\/v2\/media\/287743"}],"wp:attachment":[{"href":"https:\/\/www.europesays.com\/fr\/wp-json\/wp\/v2\/media?parent=287742"}],"wp:term":[{"taxonomy":"category","embeddable":true,"href":"https:\/\/www.europesays.com\/fr\/wp-json\/wp\/v2\/categories?post=287742"},{"taxonomy":"post_tag","embeddable":true,"href":"https:\/\/www.europesays.com\/fr\/wp-json\/wp\/v2\/tags?post=287742"}],"curies":[{"name":"wp","href":"https:\/\/api.w.org\/{rel}","templated":true}]}}