{"id":287746,"date":"2025-07-31T23:20:13","date_gmt":"2025-07-31T23:20:13","guid":{"rendered":"https:\/\/www.europesays.com\/fr\/287746\/"},"modified":"2025-07-31T23:20:13","modified_gmt":"2025-07-31T23:20:13","slug":"politique-migratoire-ue-afrique-cooperation-ou-coercition","status":"publish","type":"post","link":"https:\/\/www.europesays.com\/fr\/287746\/","title":{"rendered":"Politique migratoire UE-Afrique, coop\u00e9ration ou coercition ?"},"content":{"rendered":"<p>La nouvelle politique d&rsquo;immigration stricte de l&rsquo;UE pourrait entra\u00eener une r\u00e9duction des fonds destin\u00e9s au d\u00e9veloppement si les pays africains n&#8217;emp\u00eachent pas leurs ressortissants de quitter leur territoire.<\/p>\n<p>La <a href=\"https:\/\/www.dw.com\/fr\/migration-l-accord-entre-l-ue-et-la-tunisie-\u00e9pingl\u00e9\/a-70582356\" rel=\"nofollow noopener\" target=\"_blank\" data-ylk=\"slk:Commission europ\u00e9enne;elm:context_link;itc:0;sec:content-canvas\" class=\"link \">Commission europ\u00e9enne<\/a> a propos\u00e9 en effet de subordonner l&rsquo;aide au d\u00e9veloppement, accord\u00e9e aux pays africains et autres pays tiers, \u00e0 leur coop\u00e9ration en mati\u00e8re de contr\u00f4le des migrations. Cette approche, qui n&rsquo;est pas nouvelle, a \u00e9t\u00e9 r\u00e9affirm\u00e9e dans le cadre de la politique de d\u00e9veloppement de l&rsquo;UE d\u00e9nomm\u00e9e \u00ab\u00a0Europe globale\u00a0\u00bb. L&rsquo;octroi de l&rsquo;aide pourrait d\u00e9sormais d\u00e9pendre du degr\u00e9 de coop\u00e9ration d&rsquo;un pays en mati\u00e8re de retour, de r\u00e9admission et de contr\u00f4le des fronti\u00e8res.<\/p>\n<p>Une \u00ab\u00a0solution politique \u00e0 court terme\u00a0\u00bb<\/p>\n<p>Des documents internes de l&rsquo;UE, cit\u00e9s par le Financial Times et Reuters, indiquent que les pays qui ne respectent pas <a href=\"https:\/\/fr.news.yahoo.com\/migration-nouakchott-m%C3%A8ne-vaste-op%C3%A9ration-181600871.html\" data-ylk=\"slk:les accords d&#039;expulsion;elm:context_link;itc:0;sec:content-canvas;outcm:mb_qualified_link;_E:mb_qualified_link;ct:story;\" class=\"link  yahoo-link\" rel=\"nofollow noopener\" target=\"_blank\">les accords d&rsquo;expulsion<\/a> pourraient voir leur aide r\u00e9duite. Cette mesure a suscit\u00e9 des critiques de la part d&rsquo;organisations humanitaires comme Oxfam qui l&rsquo;a qualifi\u00e9e de \u00ab\u00a0distorsion des objectifs de d\u00e9veloppement de l&rsquo;UE\u00a0\u00bb et de \u00ab\u00a0solution politique \u00e0 court terme\u00a0\u00bb \u00e0 des probl\u00e8mes structurels plus profonds.<\/p>\n<p>Ce changement de politique intervient dans un contexte de pression croissante en Europe pour freiner la migration irr\u00e9guli\u00e8re, via les routes m\u00e9diterran\u00e9ennes et sahariennes. La pression est particuli\u00e8rement forte dans des pays comme l&rsquo;<a href=\"https:\/\/www.dw.com\/fr\/immigration-en-allemagne-les-attentes-des-africains\/a-71745217\" rel=\"nofollow noopener\" target=\"_blank\" data-ylk=\"slk:Allemagne;elm:context_link;itc:0;sec:content-canvas\" class=\"link \">Allemagne<\/a>, l&rsquo;Italie et la Gr\u00e8ce, o\u00f9 les gouvernements nationaux sont confront\u00e9s \u00e0 une opposition croissante de la population \u00e0 l&rsquo;\u00e9gard des demandeurs d&rsquo;asile.<\/p>\n<p>Coercitif et n\u00e9ocolonial, c&rsquo;est ainsi que certains experts politiques et des universitaires qualifient la proposition de changement de politique de l&rsquo;UE. Selon eux, conditionner l&rsquo;octroi de l&rsquo;aide au degr\u00e9 de coop\u00e9ration d&rsquo;un pays en mati\u00e8re de retour, de r\u00e9admission et de contr\u00f4le des fronti\u00e8res, n&rsquo;est pas une bonne id\u00e9e.<\/p>\n<p><img class=\"caas-img caas-lazy has-preview\" alt=\"Des documents internes de l'UE indiquent que les pays qui ne respectent pas les accords d'expulsion pourraient voir leur aide r\u00e9duite.&lt;span class=&quot;copyright&quot;&gt;DW\/BR&lt;\/span&gt;\" data-src=\"https:\/\/www.europesays.com\/fr\/wp-content\/uploads\/2025\/07\/708869dbce0d91d0b5e2e7184eaab384.jpeg\"\/><\/p>\n<p>Des documents internes de l&rsquo;UE indiquent que les pays qui ne respectent pas les accords d&rsquo;expulsion pourraient voir leur aide r\u00e9duite.DW\/BR<\/p>\n<p>Les experts s&rsquo;accordent \u00e0 dire que ce mod\u00e8le qui lie l&rsquo;aide au contr\u00f4le des migrations, risque de nuire aux relations \u00e0 long terme avec l&rsquo;Afrique et ne s&rsquo;attaque pas aux causes profondes du probl\u00e8me.<\/p>\n<p>\u00a0\u00bb Emp\u00eachez vos citoyens d&rsquo;\u00e9migrer ou vous perdrez l&rsquo;aide&#8230; Cela r\u00e9duit les nations africaines \u00e0 des gardes-fronti\u00e8res, plut\u00f4t qu&rsquo;\u00e0 des partenaires \u00e9gaux dans le d\u00e9veloppement\u00a0\u00bb estime Maria Ayuk, chercheuse en paix et s\u00e9curit\u00e9 \u00e0 l&rsquo;universit\u00e9 Otto von Guericke de Magdebourg, en Allemagne.<\/p>\n<p>Selon l&rsquo;experte \u00ab\u00a0l&rsquo;UE s\u00e9curise et politise la migration depuis des ann\u00e9es\u00a0\u00bb. Ce que fait l&rsquo;UE \u00ab\u00a0c&rsquo;est forcer les Africains \u00e0 garder leurs populations en Afrique, parce qu&rsquo;elle craint l&rsquo;africanisation de l&rsquo;Europe\u00a0\u00bb. <\/p>\n<p>Pour Maria Ayuk il faut des \u00ab\u00a0relations r\u00e9ciproques fond\u00e9es sur le respect, l&rsquo;\u00e9quit\u00e9 et la justice\u00a0\u00bb.<\/p>\n<p>L&rsquo;experte n&rsquo;occulte toutefois pas la responsabilit\u00e9 de l&rsquo;Afrique. Elle estime que ceux qui sont cens\u00e9s parler au nom de l&rsquo;Afrique ne repr\u00e9sentent pas l&rsquo;int\u00e9r\u00eat collectif, mais plut\u00f4t les int\u00e9r\u00eats individuels des \u00e9lites.<\/p>\n<p>R\u00e9soudre le probl\u00e8me \u00e0 la base<\/p>\n<p>Alors que les d\u00e9cideurs politiques europ\u00e9ens mettent souvent l&rsquo;accent sur les \u00ab\u00a0facteurs d&rsquo;attraction\u00a0\u00bb, tels que l&#8217;emploi et la s\u00e9curit\u00e9, les analystes africains estiment qu&rsquo;il faut accorder une plus grande attention aux conditions qui poussent les gens \u00e0 migrer.<\/p>\n<p>\u00a0\u00bb Les gens auront envie de partir en raison des probl\u00e8mes socio-\u00e9conomiques, des \u00e9carts de d\u00e9veloppement entre les zones rurales et urbaines, de la pauvret\u00e9 extr\u00eame, des conflits et du ch\u00f4mage\u00a0\u00bb estime Fidel Amakye Owusu, conseiller en g\u00e9opolitique et s\u00e9curit\u00e9 bas\u00e9 au Ghana.<\/p>\n<p>La pauvret\u00e9, les difficult\u00e9s et l&rsquo;instabilit\u00e9 sont autant de raisons qui poussent les Africains \u00e0 risquer leur vie pour trouver ailleurs un refuge et des subsistances. Dans ce contexte, fermer la porte ou construire des murs ne permettra pas de r\u00e9soudre le probl\u00e8me.<\/p>\n<p>Certains experts rappellent que les politiques commerciales de l&rsquo;Europe, ses exportations d&rsquo;armes et ses interventions s\u00e9lectives ont contribu\u00e9 \u00e0 l&rsquo;instabilit\u00e9 et au sous-d\u00e9veloppement \u00e9conomique en Afrique.<\/p>\n<p>Certains reprochent \u00e9galement \u00e0 l&rsquo;Europe ce qu&rsquo;ils qualifient de double standard qui consiste \u00e0 ouvrir les portes aux Ukrainiens, mais \u00e0 durcir les r\u00e8gles lorsqu&rsquo;il s&rsquo;agit des Africains.<\/p>\n<p><img class=\"caas-img caas-lazy has-preview\" alt=\"Certains reprochent \u00e0 l'UE de durcir les r\u00e8gles en ce qui concerne la migration lorsqu'il s'agit des Africains.&lt;span class=&quot;copyright&quot;&gt;Czarek Sokolowski)\/AP\/picture alliance&lt;\/span&gt;\" data-src=\"https:\/\/www.europesays.com\/fr\/wp-content\/uploads\/2025\/07\/169c7c0cc0804c8e653d9751e1f8d4a8.jpeg\"\/><\/p>\n<p>Certains reprochent \u00e0 l&rsquo;UE de durcir les r\u00e8gles en ce qui concerne la migration lorsqu&rsquo;il s&rsquo;agit des Africains.Czarek Sokolowski)\/AP\/picture alliance<\/p>\n<p>Revoir la strat\u00e9gie africaine<\/p>\n<p>Paul Ejime, analyste sp\u00e9cialis\u00e9 dans les m\u00e9dias et les affaires internationales, reconnait \u00e9galement que les gens partent parce que l&rsquo;environnement dans lequel ils se trouvent n&rsquo;est pas propice \u00e0 leur \u00e9panouissement, mais, selon lui, les Africains n\u00e9gocient en position de faiblesse, \u00e9conomiquement, mais aussi politiquement, en raison de dirigeants qui sont, pour certains, impopulaires et corrompus.<\/p>\n<p>Les d\u00e9faillances de la gouvernance en Afrique font partie du probl\u00e8me. Pour Paul Ejime, le continent doit revoir sa strat\u00e9gie.Pour lui \u00ab\u00a0l&rsquo;Afrique doit \u00eatre strat\u00e9gique, maximiser ses propres int\u00e9r\u00eats et n\u00e9gocier en position de force\u00a0\u00bb. <\/p>\n<p>Si les travailleurs qualifi\u00e9s partent \u00e0 l&rsquo;\u00e9tranger, il faudrait peut-\u00eatre selon l&rsquo;analyste \u00ab\u00a0mettre en place une sorte d&rsquo;accord ou de contrat qui pr\u00e9voit le renvoi d&rsquo;argent pour d\u00e9velopper les syst\u00e8mes de sant\u00e9 et d&rsquo;\u00e9ducation\u00a0\u00bb.<\/p>\n<p>\u00c0 mesure que l&rsquo;Europe se referme sur elle-m\u00eame dans ses politiques migratoires, certains pays africains pourraient se tourner davantage vers d&rsquo;autres partenariats mondiaux, par exemple avec les pays des Brics.<\/p>\n","protected":false},"excerpt":{"rendered":"La nouvelle politique d&rsquo;immigration stricte de l&rsquo;UE pourrait entra\u00eener une r\u00e9duction des fonds destin\u00e9s au d\u00e9veloppement si les&hellip;\n","protected":false},"author":2,"featured_media":287747,"comment_status":"","ping_status":"","sticky":false,"template":"","format":"standard","meta":{"footnotes":""},"categories":[1586],"tags":[11,2196,1777,674,1779,1011,27,1861,39564,12,42644,42643,25,1778,364],"class_list":{"0":"post-287746","1":"post","2":"type-post","3":"status-publish","4":"format-standard","5":"has-post-thumbnail","7":"category-europe","8":"tag-actualites","9":"tag-commission-europeenne","10":"tag-eu","11":"tag-europe","12":"tag-european-union","13":"tag-fr","14":"tag-france","15":"tag-lue","16":"tag-laide-au-developpement","17":"tag-news","18":"tag-pays-africains","19":"tag-politique-dimmigration","20":"tag-republique-francaise","21":"tag-ue","22":"tag-union-europeenne"},"share_on_mastodon":{"url":"https:\/\/pubeurope.com\/@fr\/114950414237618934","error":""},"_links":{"self":[{"href":"https:\/\/www.europesays.com\/fr\/wp-json\/wp\/v2\/posts\/287746","targetHints":{"allow":["GET"]}}],"collection":[{"href":"https:\/\/www.europesays.com\/fr\/wp-json\/wp\/v2\/posts"}],"about":[{"href":"https:\/\/www.europesays.com\/fr\/wp-json\/wp\/v2\/types\/post"}],"author":[{"embeddable":true,"href":"https:\/\/www.europesays.com\/fr\/wp-json\/wp\/v2\/users\/2"}],"replies":[{"embeddable":true,"href":"https:\/\/www.europesays.com\/fr\/wp-json\/wp\/v2\/comments?post=287746"}],"version-history":[{"count":0,"href":"https:\/\/www.europesays.com\/fr\/wp-json\/wp\/v2\/posts\/287746\/revisions"}],"wp:featuredmedia":[{"embeddable":true,"href":"https:\/\/www.europesays.com\/fr\/wp-json\/wp\/v2\/media\/287747"}],"wp:attachment":[{"href":"https:\/\/www.europesays.com\/fr\/wp-json\/wp\/v2\/media?parent=287746"}],"wp:term":[{"taxonomy":"category","embeddable":true,"href":"https:\/\/www.europesays.com\/fr\/wp-json\/wp\/v2\/categories?post=287746"},{"taxonomy":"post_tag","embeddable":true,"href":"https:\/\/www.europesays.com\/fr\/wp-json\/wp\/v2\/tags?post=287746"}],"curies":[{"name":"wp","href":"https:\/\/api.w.org\/{rel}","templated":true}]}}