{"id":287748,"date":"2025-07-31T23:21:11","date_gmt":"2025-07-31T23:21:11","guid":{"rendered":"https:\/\/www.europesays.com\/fr\/287748\/"},"modified":"2025-07-31T23:21:11","modified_gmt":"2025-07-31T23:21:11","slug":"baisse-du-taux-de-tva-hausse-des-prix-du-gaz-et-de-lelectricite-tout-ce-qui-change-au-1er-aout-2025","status":"publish","type":"post","link":"https:\/\/www.europesays.com\/fr\/287748\/","title":{"rendered":"Baisse du taux de TVA, hausse des prix du gaz et de l\u2019\u00e9lectricit\u00e9\u2026 tout ce qui change au 1er\u00a0ao\u00fbt\u00a02025"},"content":{"rendered":"<p>Le 1er du mois co\u00efncide toujours avec des changements dans le quotidien. Des augmentations de tarif ou des baisses pr\u00e9vues par les autorit\u00e9s. La Provence fait le point sur tout ce qui change ce vendredi 1er\u00a0ao\u00fbt 2025.<\/p>\n<p>Baisse des taux du livret A et du LEP<\/p>\n<p><a href=\"https:\/\/www.laprovence.com\/article\/economie\/1147881231553715\/economie-vers-un-recul-tres-probable-du-rendement-du-livret-a-deja-boude-par-les-epargnants\" target=\"_blank\" rel=\"noopener\">Le taux du Livret A<\/a> va de nouveau baisser, \u00e0 1,7% \u00e0 partir du 1er\u00a0ao\u00fbt, contre 2,4% actuellement. Cette baisse, in\u00e9dite par son ampleur depuis\u00a02009, est la deuxi\u00e8me cette ann\u00e9e, commenc\u00e9e avec un taux \u00e0 3%. Le taux du Livret A est aussi valable pour le Livret de d\u00e9veloppement durable et solidaire (LDDS). \u00ab\u00a0Le taux du livret A restera nettement plus \u00e9lev\u00e9 que l\u2019inflation, qui a significativement baiss\u00e9 au cours de l\u2019ann\u00e9e \u00e9coul\u00e9e\u00a0\u00bb, a soulign\u00e9 le minist\u00e8re de l\u2019\u00c9conomie dans un communiqu\u00e9.<\/p>\n<p>\u00ab\u00a0La fixation du taux du Livret A \u00e0 1,7% continuera donc \u00e0 prot\u00e9ger le pouvoir d\u2019achat de ses d\u00e9tenteurs\u00a0\u00bb, a \u00e9crit de son c\u00f4t\u00e9 la Banque de France, dans un communiqu\u00e9 publi\u00e9 peu de temps avant celui du minist\u00e8re.<\/p>\n<p>Le taux du Livret d\u2019\u00e9pargne populaire (LEP), r\u00e9serv\u00e9 aux m\u00e9nages modestes, passera quant \u00e0 lui de 3,5% \u00e0 2,7%. Ce taux a fait l\u2019objet d\u2019un \u00ab\u00a0coup de pouce\u00a0\u00bb, car sa formule th\u00e9orique le faisait ressortir \u00e0 2,2%.<\/p>\n<p>Augmentation de la TVA sur le gaz et l\u2019\u00e9lectricit\u00e9<\/p>\n<p>\u00c0 compter du 1er\u00a0ao\u00fbt\u00a02025, la France s\u2019aligne sur le droit europ\u00e9en et harmonise les taux de TVA sur l\u2019\u00e9lectricit\u00e9. Sur l\u2019abonnement au gaz et \u00e0 l\u2019\u00e9lectricit\u00e9, le taux \u00e9tait jusqu\u2019\u00e0 pr\u00e9sent \u00e9tabli \u00e0 5,5% contre 20% pour la consommation. Les taux seront donc harmonis\u00e9s, \u00e0 partir de ce vendredi, et passeront int\u00e9gralement \u00e0 20%.<\/p>\n<p>Mais pour compenser cette hausse de la TVA li\u00e9e \u00e0 l\u2019abonnement, le gouvernement instaure un abaissement de l\u2019accise (taxe sur la consommation) et du TURPE (tarif d\u2019utilisation des r\u00e9seaux publics d\u2019\u00e9lectricit\u00e9). L\u2019accise passera de 33,70\u00a0\u20ac\/m\u00e9gawattheure \u00e0 29,98\u00a0\u20ac\/MWh au 1er\u00a0ao\u00fbt\u00a02025. Le TURPE, qui a connu une hausse de 7,7% en f\u00e9vrier\u00a02025, baissera \u00e9galement d\u2019environ 2,5%. En cons\u00e9quence, le prix au kilowattheure va passer <strong>de 0,2016\u00a0\u20ac \u00e0 0,1952\u00a0\u20ac<\/strong>.<\/p>\n<p>L\u2019impact sur les particuliers va ainsi d\u00e9pendre de leur consommation\u00a0: pour les faibles consommateurs, l\u2019augmentation de la part de l\u2019abonnement sera plus visible. A contrario, pour les fortes consommations, la facture va baisser. \u00ab\u00a0La baisse du prix du kilowattheure aura davantage d\u2019impact sur le montant de la consommation et l\u2019augmentation de l\u2019abonnement se fera moins sentir\u00a0\u00bb, met en avant le site officiel de l\u2019administration fran\u00e7aise.<\/p>\n<p>Le gaz en hausse<\/p>\n<p>En partie caus\u00e9e par cette hausse de la TVA, le tarif de l\u2019abonnement au gaz s\u2019appr\u00eate \u00e0 augmenter. D\u2019apr\u00e8s le prix rep\u00e8re publi\u00e9 par la CRE, l\u2019abonnement pour la cuisson et l\u2019eau chaude passe ainsi de 117,93\u20ac par an en juillet \u00e0 134,14\u20ac en ao\u00fbt. Une hausse qui se retrouve \u00e9galement pour le chauffage, passant de 290,83\u20ac par an \u00e0 330,8\u20ac.<\/p>\n<p>\u00c0 l\u2019inverse, le prix moyen TTC du kWh pour la cuisson et l\u2019eau chaude baisse en passant de 0,13970 euro en juillet \u00e0 0,13920 euro en ao\u00fbt. M\u00eame tendance pour le chauffage, avec 0,10801 euro en ao\u00fbt contre 0,10852 euro en juillet.<\/p>\n<p>Les prix rep\u00e8res moyens sont \u00e9galement en l\u00e9g\u00e8re augmentation avec un prix \u00e9tabli \u00e0 141,48\u00a0\u20ac\/MWh TTC en ao\u00fbt, contre 136,36\u00a0euros\/MWh TTC le mois dernier.<\/p>\n<p>L\u2019allocation de rentr\u00e9e scolaire vers\u00e9e en ao\u00fbt<\/p>\n<p><a href=\"https:\/\/www.laprovence.com\/article\/economie\/99366579193434\/allocation-de-rentree-scolaire-2025-montants-date-de-versement-conditions-ce-quil-faut-savoir\" target=\"_blank\" rel=\"noopener\">L\u2019Allocation de rentr\u00e9e scolaire<\/a>\u00a0sera vers\u00e9e le\u00a0<strong>mardi 19\u00a0ao\u00fbt\u00a0<\/strong>aux parents d\u2019enfants\u00a0vivant en m\u00e9tropole, en Guadeloupe, en Guyane et en Martinique. Cette ann\u00e9e, son\u00a0montant\u00a0a \u00e9t\u00e9\u00a0<strong>revaloris\u00e9 \u00e0 hauteur de 1,7%<\/strong> apr\u00e8s avoir connu une hausse de 4,6% en\u00a02024. La somme vers\u00e9e aux parents d\u00e9pend quant \u00e0 elle de l\u2019\u00e2ge de leurs enfants. Des conditions de revenus sont \u00e9galement exig\u00e9es.<\/p>\n<p>Les montants sont de\u00a0<strong>423,48\u00a0\u20ac par enfant \u00e2g\u00e9 de 6 \u00e0 10\u00a0ans\u00a0; 446,85\u00a0\u20ac par enfant \u00e2g\u00e9 de 11 \u00e0 14\u00a0ans\u00a0; 462,33\u00a0\u20ac par enfant \u00e2g\u00e9 de 15 \u00e0 18\u00a0ans<\/strong> pour cette rentr\u00e9e\u00a02025.<\/p>\n<p>Ce coup de pouce a pour objectif d\u2019aider les familles \u00e0 faire face au co\u00fbt de la rentr\u00e9e scolaire et aux prix des fournitures.\u00a0Chaque ann\u00e9e, <strong>pr\u00e8s de 3\u00a0millions de foyers et 5\u00a0millions d\u2019enfants sont concern\u00e9s<\/strong>\u00a0par cette prime vers\u00e9e par la Caisse d\u2019allocation familiale (CAF) ou la mutuelle agricole (MSA).<\/p>\n<p>Des frais suppl\u00e9mentaires pour les r\u00e9fractaires au compteur Linky<\/p>\n<p>\u00c0 partir de ce vendredi 1er\u00a0ao\u00fbt, des frais suppl\u00e9mentaires seront factur\u00e9s sur les factures d\u2019\u00e9lectricit\u00e9 des foyers qui n\u2019ont pas remplac\u00e9 leur ancien compteur par un <a href=\"https:\/\/www.laprovence.com\/article\/faits-divers-justice\/2939748599907314\/un-homme-suspecte-davoir-modifie-des-centaines-de-compteurs-linky-au-prejudice-denedis\" target=\"_blank\" rel=\"noopener\">compteur Linky.<\/a><\/p>\n<p><strong>Tous les 2\u00a0mois<\/strong>, les montants suivants seront factur\u00e9s\u00a0:<\/p>\n<p>&#8211; un <strong>montant fixe de 6,48\u00a0\u20ac HT<\/strong> correspondant \u00e0 la \u00ab\u00a0gestion sp\u00e9cifique\u00a0\u00bb du compteur d\u2019ancienne g\u00e9n\u00e9ration\u00a0;<\/p>\n<p>&#8211; des frais additionnels de 4,14\u00a0\u20ac HT, <strong>uniquement si le foyer n\u2019a pas transmis son index de consommation \u00e0 Enedis depuis plus d\u2019un an<\/strong>. Ce relev\u00e9 d\u2019index doit \u00eatre effectu\u00e9 <strong>au moins une fois par an<\/strong>, soi-m\u00eame ou bien en optant pour un relev\u00e9 par un technicien \u00e0 domicile.<\/p>\n<p>Un versement du Tr\u00e9sor public<\/p>\n<p>Ce n\u2019est pas tous les jours que les imp\u00f4ts vous versent une somme d\u2019argent sur votre compte en banque. Et pourtant, pour de nombreux Fran\u00e7ais, la bonne nouvelle est d\u2019ores et d\u00e9j\u00e0 tomb\u00e9e le 25\u00a0juillet ou tombera le 1er\u00a0ao\u00fbt.<\/p>\n<p>Il y a plusieurs raisons \u00e0 cela. Il faut savoir que <a href=\"https:\/\/www.laprovence.com\/article\/economie\/2042455944563814\/impots-pourquoi-vous-pourriez-recevoir-un-versement-du-tresor-public-en-juillet\" target=\"_blank\" rel=\"noopener\">la r\u00e9duction d\u2019imp\u00f4t ou le cr\u00e9dit d\u2019imp\u00f4t <\/a>se d\u00e9roule en deux temps. \u00ab\u00a0Certains de ces avantages (dons aux \u0153uvres, emploi \u00e0 domicile\u2026) vous sont rembours\u00e9s en deux temps\u00a0: une avance en janvier puis le solde \u00e0 l\u2019\u00e9t\u00e9\u00a0\u00bb, explique\u00a0l\u2019administration fiscale sur son site internet.<\/p>\n<p>Tout d\u2019abord, qui peut \u00eatre concern\u00e9 par ce versement du Tr\u00e9sor public\u00a0? Les Fran\u00e7ais qui\u00a0<strong>ont un cr\u00e9dit d\u2019imp\u00f4t<\/strong>\u00a0pour un\u00a0<strong>emploi \u00e0 domicile<\/strong>, des\u00a0<strong>frais de garde des jeunes enfants<\/strong> (nounou\u00a0etc.), les\u00a0<strong>cotisations syndicales<\/strong>.<\/p>\n<p>Ceux \u00e9galement qui b\u00e9n\u00e9ficient d\u2019une\u00a0<strong>r\u00e9duction d\u2019imp\u00f4t<\/strong>\u00a0pour des d\u00e9penses li\u00e9es \u00e0\u00a0<strong>la d\u00e9pendance<\/strong>, pour des\u00a0<strong>dons aux organismes d\u2019int\u00e9r\u00eat g\u00e9n\u00e9ral<\/strong>, le don \u00e0\u00a0<strong>un parti politique<\/strong>, des\u00a0<strong>investissements locatifs \u00ab\u00a0Duflot\u00a0\u00bb et \u00ab\u00a0Pinel\u00a0\u00bb<\/strong>, des<strong>\u00a0investissements locatif \u00ab\u00a0Scellier\u00a0\u00bb<\/strong>, des\u00a0<strong>investissements locatifs dans le secteur de la location meubl\u00e9e\u00a0<\/strong>dans certaines structures et des\u00a0<strong>investissements outre-mer dans le logement<\/strong>.\u00a0Mais ce n\u2019est pas tout.<\/p>\n<p>Ce remboursement de l\u2019administration fiscale peut concerner \u00e9galement l\u2019imp\u00f4t sur le revenu. La d\u00e9claration de revenu\u00a0effectu\u00e9e au printemps peut donner lieu \u00e0 un remboursement.\u00a0\u00ab\u00a0Pour la d\u00e9claration 2025, si l\u2019imp\u00f4t calcul\u00e9 correspond aux sommes pr\u00e9lev\u00e9es \u00e0 la source en\u00a02024, vous n\u2019avez aucune d\u00e9marche \u00e0 r\u00e9aliser. En revanche, si les montants ne correspondent pas, vous allez b\u00e9n\u00e9ficier d\u2019un remboursement du trop-per\u00e7u\u00a0\u00bb, indique l\u2019administration.<\/p>\n","protected":false},"excerpt":{"rendered":"Le 1er du mois co\u00efncide toujours avec des changements dans le quotidien. Des augmentations de tarif ou des&hellip;\n","protected":false},"author":2,"featured_media":287749,"comment_status":"","ping_status":"","sticky":false,"template":"","format":"standard","meta":{"footnotes":""},"categories":[2],"tags":[17,11,3134,154,33,1011,27,843,4508,42645,12,2141,25,1115],"class_list":{"0":"post-287748","1":"post","2":"type-post","3":"status-publish","4":"format-standard","5":"has-post-thumbnail","7":"category-actualites","8":"tag-17","9":"tag-actualites","10":"tag-baisse","11":"tag-des","12":"tag-economie","13":"tag-fr","14":"tag-france","15":"tag-gaz","16":"tag-hausse","17":"tag-livret","18":"tag-news","19":"tag-prix","20":"tag-republique-francaise","21":"tag-taux"},"share_on_mastodon":{"url":"https:\/\/pubeurope.com\/@fr\/114950418228981561","error":""},"_links":{"self":[{"href":"https:\/\/www.europesays.com\/fr\/wp-json\/wp\/v2\/posts\/287748","targetHints":{"allow":["GET"]}}],"collection":[{"href":"https:\/\/www.europesays.com\/fr\/wp-json\/wp\/v2\/posts"}],"about":[{"href":"https:\/\/www.europesays.com\/fr\/wp-json\/wp\/v2\/types\/post"}],"author":[{"embeddable":true,"href":"https:\/\/www.europesays.com\/fr\/wp-json\/wp\/v2\/users\/2"}],"replies":[{"embeddable":true,"href":"https:\/\/www.europesays.com\/fr\/wp-json\/wp\/v2\/comments?post=287748"}],"version-history":[{"count":0,"href":"https:\/\/www.europesays.com\/fr\/wp-json\/wp\/v2\/posts\/287748\/revisions"}],"wp:featuredmedia":[{"embeddable":true,"href":"https:\/\/www.europesays.com\/fr\/wp-json\/wp\/v2\/media\/287749"}],"wp:attachment":[{"href":"https:\/\/www.europesays.com\/fr\/wp-json\/wp\/v2\/media?parent=287748"}],"wp:term":[{"taxonomy":"category","embeddable":true,"href":"https:\/\/www.europesays.com\/fr\/wp-json\/wp\/v2\/categories?post=287748"},{"taxonomy":"post_tag","embeddable":true,"href":"https:\/\/www.europesays.com\/fr\/wp-json\/wp\/v2\/tags?post=287748"}],"curies":[{"name":"wp","href":"https:\/\/api.w.org\/{rel}","templated":true}]}}