{"id":287750,"date":"2025-07-31T23:22:10","date_gmt":"2025-07-31T23:22:10","guid":{"rendered":"https:\/\/www.europesays.com\/fr\/287750\/"},"modified":"2025-07-31T23:22:10","modified_gmt":"2025-07-31T23:22:10","slug":"le-gout-de-la-vie-est-fini-lactrice-kenza-fortas-annonce-la-mort-de-son-epoux-tue-par-balles-a-marseille","status":"publish","type":"post","link":"https:\/\/www.europesays.com\/fr\/287750\/","title":{"rendered":"\u00ab\u00a0Le go\u00fbt de la vie est fini\u00a0\u00bb\u00a0: l\u2019actrice Kenza Fortas annonce la mort de son \u00e9poux, tu\u00e9 par balles \u00e0 Marseille"},"content":{"rendered":"<p class=\"paragraph text_align_left lp-f-body-02\">Dans la nuit de lundi \u00e0 mardi, un individu arm\u00e9 d\u2019un fusil d\u2019assaut s\u2019est pr\u00e9sent\u00e9 dans le quartier de la Bricarde, au nord de Marseille (Bouches-du-Rh\u00f4ne). Il \u00e9tait environ 00h30 lorsqu\u2019<a href=\"https:\/\/www.leparisien.fr\/faits-divers\/marseille-un-jeune-homme-de-24-ans-tue-par-balles-dans-le-quartier-de-la-bricarde-29-07-2025-CJDUHDFAQBGHZFCXLEKC5CEJ2E.php\" target=\"_self\" rel=\"nofollow noopener\">il a ouvert le feu sur un homme de 24 ans<\/a> avant de prendre la fuite. Une source polici\u00e8re d\u00e9crit des tirs \u00ab en rafale \u00bb.<\/p>\n<p class=\"paragraph text_align_left lp-f-body-02\">Touch\u00e9e au thorax, la victime a succomb\u00e9 \u00e0 ses blessures vers 2 heures du matin, malgr\u00e9 l\u2019intervention des secours. Cet homme, \u00ab tr\u00e8s peu connu des services de police et de justice \u00bb selon nos informations, \u00e9tait l\u2019\u00e9poux de l\u2019actrice <a href=\"https:\/\/www.leparisien.fr\/culture-loisirs\/cinema\/sheherazade-dylan-robert-et-kenza-fortas-ces-minots-qui-crevent-l-ecran-05-09-2018-7876797.php\" target=\"_self\" rel=\"nofollow noopener\">Kenza Fortas<\/a>.<\/p>\n<p class=\"paragraph text_align_left lp-f-body-02\">La jeune com\u00e9dienne, d\u00e9couverte au cin\u00e9ma dans le film <a href=\"https:\/\/www.leparisien.fr\/culture-loisirs\/cesar-2019-sheherazade-le-triomphe-de-la-jeunesse-22-02-2019-8018682.php\" target=\"_self\" rel=\"nofollow noopener\">Sh\u00e9h\u00e9razade<\/a>, en 2018, a r\u00e9v\u00e9l\u00e9 la nouvelle sur son compte Snapchat quelques heures apr\u00e8s le drame, comme le rapporte <a href=\"https:\/\/www.public.fr\/ils-ont-fait-de-mon-bebe-un-orphelin-lactrice-kenza-fortas-annonce-la-mort-de-son-mari-tue-par-balles-a-marseille\" target=\"_self\" rel=\"nofollow noopener\">Public<\/a>. \u00ab Plus rien ne sera jamais comme avant\u2026 Le go\u00fbt de la vie est fini, ils m\u2019ont enlev\u00e9 ma raison de vivre, ils ont fait de mon b\u00e9b\u00e9 un orphelin. C\u2019est injuste \u00bb, pleure celle qui avait d\u00e9croch\u00e9 le c\u00e9sar du meilleur espoir f\u00e9minin, aux c\u00f4t\u00e9s de l\u2019acteur <a href=\"https:\/\/www.leparisien.fr\/faits-divers\/ma-vie-est-limite-gachee-a-tout-jamais-trois-ans-de-prison-pour-dylan-robert-ex-espoir-du-cinema-juge-pour-un-violent-car-jacking-14-03-2025-GRLJA7JP6ZEGLK6WT2ZAM6KDRQ.php\" target=\"_blank\" rel=\"noreferrer nofollow noopener\">Dylan Robert<\/a>.<\/p>\n<p>\u00ab Tu avais un c\u0153ur blanc \u00bb<\/p>\n<p class=\"paragraph text_align_left lp-f-body-02\">Dans diff\u00e9rentes stories publi\u00e9es sur son r\u00e9seau social, cette maman d\u2019un petit gar\u00e7on rend hommage \u00e0 l\u2019homme qu\u2019elle aimait : \u00ab Ma vie, tu avais un c\u0153ur blanc. (\u2026) Tu \u00e9tais notre b\u00e9b\u00e9 d\u2019amour \u00e0 nous. Dieu seul sait \u00e0 quel point je t\u2019ai aim\u00e9 et \u00e0 quel point je t\u2019aimerai pour toujours \u00bb.<\/p>\n<p class=\"lp-card-podcast-highlighting__title  lp-f-subtitle-05\">[1\/4] C\u00e9cile Vallin, les secrets d\u2019une disparition<\/p>\n<p class=\"lp-card-podcast-highlighting__description lp-f-ui-05\">Crime story raconte chaque semaine les grandes affaires criminelles.<\/p>\n<p><a class=\"lp-card-podcast-highlighting__call-to-action\" data-page-type=\"HP\" data-block-name=\"podcast-highlight\">\u00c9couter<\/a><\/p>\n<p class=\"paragraph text_align_left lp-f-body-02\">Et l\u2019actrice d\u2019adresser un message au (x) responsable(s) des coups de feu. \u00ab Vous avez r\u00e9ussi \u00e0 d\u00e9truire une famille qui \u00e9tait tout juste en train de se construire \u00bb, \u00e9crit-elle, avant d\u2019annoncer entamer une p\u00e9riode de \u00ab deuil en silence \u00bb.<\/p>\n<p class=\"paragraph text_align_left lp-f-body-02\">La pri\u00e8re fun\u00e9raire c\u00e9l\u00e9brant la m\u00e9moire du jeune homme s\u2019est tenue ce jeudi apr\u00e8s-midi \u00e0 la Timone, avant, dans la soir\u00e9e, une r\u00e9ception au centre social de la Castellane.<\/p>\n","protected":false},"excerpt":{"rendered":"Dans la nuit de lundi \u00e0 mardi, un individu arm\u00e9 d\u2019un fusil d\u2019assaut s\u2019est pr\u00e9sent\u00e9 dans le quartier&hellip;\n","protected":false},"author":2,"featured_media":287751,"comment_status":"","ping_status":"","sticky":false,"template":"","format":"standard","meta":{"footnotes":""},"categories":[2],"tags":[11,459,118,1011,27,12,25],"class_list":{"0":"post-287750","1":"post","2":"type-post","3":"status-publish","4":"format-standard","5":"has-post-thumbnail","7":"category-actualites","8":"tag-actualites","9":"tag-departements-horsidfo","10":"tag-faits-divers","11":"tag-fr","12":"tag-france","13":"tag-news","14":"tag-republique-francaise"},"share_on_mastodon":{"url":"https:\/\/pubeurope.com\/@fr\/114950422130168602","error":""},"_links":{"self":[{"href":"https:\/\/www.europesays.com\/fr\/wp-json\/wp\/v2\/posts\/287750","targetHints":{"allow":["GET"]}}],"collection":[{"href":"https:\/\/www.europesays.com\/fr\/wp-json\/wp\/v2\/posts"}],"about":[{"href":"https:\/\/www.europesays.com\/fr\/wp-json\/wp\/v2\/types\/post"}],"author":[{"embeddable":true,"href":"https:\/\/www.europesays.com\/fr\/wp-json\/wp\/v2\/users\/2"}],"replies":[{"embeddable":true,"href":"https:\/\/www.europesays.com\/fr\/wp-json\/wp\/v2\/comments?post=287750"}],"version-history":[{"count":0,"href":"https:\/\/www.europesays.com\/fr\/wp-json\/wp\/v2\/posts\/287750\/revisions"}],"wp:featuredmedia":[{"embeddable":true,"href":"https:\/\/www.europesays.com\/fr\/wp-json\/wp\/v2\/media\/287751"}],"wp:attachment":[{"href":"https:\/\/www.europesays.com\/fr\/wp-json\/wp\/v2\/media?parent=287750"}],"wp:term":[{"taxonomy":"category","embeddable":true,"href":"https:\/\/www.europesays.com\/fr\/wp-json\/wp\/v2\/categories?post=287750"},{"taxonomy":"post_tag","embeddable":true,"href":"https:\/\/www.europesays.com\/fr\/wp-json\/wp\/v2\/tags?post=287750"}],"curies":[{"name":"wp","href":"https:\/\/api.w.org\/{rel}","templated":true}]}}