{"id":287756,"date":"2025-07-31T23:26:13","date_gmt":"2025-07-31T23:26:13","guid":{"rendered":"https:\/\/www.europesays.com\/fr\/287756\/"},"modified":"2025-07-31T23:26:13","modified_gmt":"2025-07-31T23:26:13","slug":"ugo-seunes-signe-au-racing-92-sur-le-long-terme-on-connait-la-duree-du-contrat","status":"publish","type":"post","link":"https:\/\/www.europesays.com\/fr\/287756\/","title":{"rendered":"Ugo Seunes signe au Racing 92 sur le long terme : On connait la dur\u00e9e du contrat !"},"content":{"rendered":"<p>\u00c0 seulement 24 ans, Ugo Seunes franchit un cap majeur dans sa jeune carri\u00e8re. L\u2019ouvreur d\u2019Aurillac, form\u00e9 \u00e0 Agen et pass\u00e9 par Blagnac, rejoindra le Racing 92 d\u00e8s cet \u00e9t\u00e9, selon les informations du Midi Olympique.<\/p>\n<p>Un pr\u00e9-contrat aurait d\u00e9j\u00e0 \u00e9t\u00e9 sign\u00e9, officialisant son engagement pour trois saisons avec le club francilien, jusqu\u2019en juin 2028.<\/p>\n<p>V\u00e9ritable r\u00e9v\u00e9lation de la saison en Pro D2, Seunes \u00e9tait l\u2019un des joueurs les plus convoit\u00e9s du championnat. Le club des Hauts-de-Seine n\u2019a pas tard\u00e9 \u00e0 se positionner, choisissant d\u2019accueillir d\u00e8s maintenant le prometteur Lot-et-Garonnais.<\/p>\n<p>Un investissement sur l\u2019avenir qui s\u2019inscrit dans la volont\u00e9 du Racing de pr\u00e9parer la rel\u00e8ve \u00e0 un poste-cl\u00e9.<\/p>\n<p>Avec plus de 70 matchs disput\u00e9s entre Pro D2 et Top 14 malgr\u00e9 son jeune \u00e2ge, Ugo Seunes d\u00e9barque \u00e0 Paris avec de solides r\u00e9f\u00e9rences et une belle marge de progression.<\/p>\n<p>Le Racing 92, champion de France 2016, s\u2019offre ainsi un profil complet, capable d\u2019installer durablement son jeu d\u2019attaque. Un joli pari pour les deux parties.<\/p>\n","protected":false},"excerpt":{"rendered":"\u00c0 seulement 24 ans, Ugo Seunes franchit un cap majeur dans sa jeune carri\u00e8re. L\u2019ouvreur d\u2019Aurillac, form\u00e9 \u00e0&hellip;\n","protected":false},"author":2,"featured_media":211654,"comment_status":"","ping_status":"","sticky":false,"template":"","format":"standard","meta":{"footnotes":""},"categories":[1416],"tags":[1011,27,479,1468,60],"class_list":{"0":"post-287756","1":"post","2":"type-post","3":"status-publish","4":"format-standard","5":"has-post-thumbnail","7":"category-rugby","8":"tag-fr","9":"tag-france","10":"tag-rugby","11":"tag-rugby-football","12":"tag-sports"},"share_on_mastodon":{"url":"https:\/\/pubeurope.com\/@fr\/114950437925162064","error":""},"_links":{"self":[{"href":"https:\/\/www.europesays.com\/fr\/wp-json\/wp\/v2\/posts\/287756","targetHints":{"allow":["GET"]}}],"collection":[{"href":"https:\/\/www.europesays.com\/fr\/wp-json\/wp\/v2\/posts"}],"about":[{"href":"https:\/\/www.europesays.com\/fr\/wp-json\/wp\/v2\/types\/post"}],"author":[{"embeddable":true,"href":"https:\/\/www.europesays.com\/fr\/wp-json\/wp\/v2\/users\/2"}],"replies":[{"embeddable":true,"href":"https:\/\/www.europesays.com\/fr\/wp-json\/wp\/v2\/comments?post=287756"}],"version-history":[{"count":0,"href":"https:\/\/www.europesays.com\/fr\/wp-json\/wp\/v2\/posts\/287756\/revisions"}],"wp:featuredmedia":[{"embeddable":true,"href":"https:\/\/www.europesays.com\/fr\/wp-json\/wp\/v2\/media\/211654"}],"wp:attachment":[{"href":"https:\/\/www.europesays.com\/fr\/wp-json\/wp\/v2\/media?parent=287756"}],"wp:term":[{"taxonomy":"category","embeddable":true,"href":"https:\/\/www.europesays.com\/fr\/wp-json\/wp\/v2\/categories?post=287756"},{"taxonomy":"post_tag","embeddable":true,"href":"https:\/\/www.europesays.com\/fr\/wp-json\/wp\/v2\/tags?post=287756"}],"curies":[{"name":"wp","href":"https:\/\/api.w.org\/{rel}","templated":true}]}}