{"id":287759,"date":"2025-07-31T23:28:12","date_gmt":"2025-07-31T23:28:12","guid":{"rendered":"https:\/\/www.europesays.com\/fr\/287759\/"},"modified":"2025-07-31T23:28:12","modified_gmt":"2025-07-31T23:28:12","slug":"ligue-2-le-calendrier-25-26-est-tombe-postup-fr","status":"publish","type":"post","link":"https:\/\/www.europesays.com\/fr\/287759\/","title":{"rendered":"Ligue 2 : Le calendrier 25-26 est tomb\u00e9 &#8211; Postup.fr"},"content":{"rendered":"<p><a class=\"hupso_toolbar\" href=\"https:\/\/www.hupso.com\/share\/\" data-wpel-link=\"external\" target=\"_blank\" rel=\"external noopener noreferrer\"><img decoding=\"async\" src=\"https:\/\/www.europesays.com\/fr\/wp-content\/uploads\/2025\/05\/share-small.png\" style=\"border:0px; padding-top: 5px; float:left;\" alt=\"Share Button\" \/><\/a><\/p>\n<p><img fetchpriority=\"high\" decoding=\"async\" class=\"size-medium wp-image-317320 aligncenter\" src=\"https:\/\/www.europesays.com\/fr\/wp-content\/uploads\/2025\/07\/Logo_LF2-272x500.png\" alt=\"\" width=\"272\" height=\"500\"   \/><\/p>\n<p style=\"text-align: center;\">Le calendrier est disponible\u00a9FFBB<\/p>\n<p>\u00a0<\/p>\n<p style=\"text-align: justify;\">La FFBB a communiqu\u00e9 sur le calendrier de Ligue 2. Il est disponible sur <a href=\"https:\/\/competitions.ffbb.com\/competitions\/lf2?phase=200000002872457&amp;poule=200000003017634&amp;journee=1\" data-wpel-link=\"external\" target=\"_blank\" rel=\"external noopener noreferrer\">leur site.<\/a><\/p>\n<p style=\"text-align: justify;\">D\u00e9but de la saison le 27 septembre. Fin de la saison r\u00e9guli\u00e8re le 4 Avril. Les playoffs entre le 11 avril et le 24 Mai.\u00a0<\/p>\n<p style=\"text-align: justify;\">Un calendrier attendu n\u2019ont pas pour ces dates mais pour les \u00e9quipes composant la division. Le passage de 12 \u00e0 14 clubs \u00e9tait act\u00e9. Mais les d\u00e9boires financiers de Tarbes en LBWL et d\u2019Alen\u00e7on en LF2 faisaient planer quelques doutes. Les 2 clubs ont \u00e9t\u00e9 r\u00e9trograd\u00e9s en Ligue r\u00e9gionale par la Commission de Contr\u00f4le de Gestion de la F\u00e9d\u00e9ration (CCGF) puis par la Chambre d\u2019Appel de la FFBB. Les 2 clubs ont effectu\u00e9s un recours de cette d\u00e9cision aupr\u00e8s du Comit\u00e9 National Olympique du Sport Fran\u00e7ais (CNOSF).\u00a0<\/p>\n<p style=\"text-align: justify;\">La FFFBB \u00a0indique que la \u00a0\u00bb d\u00e9cision du bureau f\u00e9d\u00e9ral est intervenue \u00e0 la suite de la notification de la d\u00e9cision du CNOSF re\u00e7u par la f\u00e9d\u00e9ration vendredi\u00a0\u00bb 25 juillet. Autrement dit, le calendrier tient compte de la d\u00e9cision du CNOSF. Celui-ci n\u2019a donc pas remis en cause la d\u00e9cision de la CCGF. Tarbes et Alen\u00e7on ne seront pas dans une division professionnelle en 2025-2026. Les seconds de poule de NF1 se sont vu proposer donc de combler ses absences, sous r\u00e9serve d\u2019un avis favorable de cette m\u00eame CCGF.\u00a0<\/p>\n<p>\u00a0<\/p>\n<p>Les \u00e9quipes engag\u00e9es sont donc: <\/p>\n<p>Les Rh\u00f4ne-Alpines de<strong> La Tronche-Meylan, Montbrison <\/strong>et <strong>Voiron.<\/strong><\/p>\n<p>Les Nordistes d\u2019<strong>Aulnoye-Aymeries et de St Amand,<\/strong><\/p>\n<p>Les Normands de <strong>Mondeville et du Havre<\/strong><\/p>\n<p>Les Limousines de <strong>Feytiat<\/strong><\/p>\n<p>Les M\u00e9diterran\u00e9ennes de <strong>Nice et Monaco <\/strong>(promu).<\/p>\n<p>Les jeunes de l\u2019<strong>INSEP<\/strong><\/p>\n<p>Les Marnaises de <strong>Reims<\/strong> (promu).<\/p>\n<p>Les rep\u00each\u00e9es <strong>SI Graffenstaten<\/strong> et <strong>Bihorel<\/strong> sont les \u00e9quipes \u00ab\u00a0rep\u00each\u00e9es\u00a0\u00bb apr\u00e8s que Chartres, rel\u00e9gu\u00e9 de LBWL, ait \u00e9t\u00e9 rep\u00each\u00e9 avec la r\u00e9trogradation de Tarbes.\u00a0<\/p>\n<p>\u00a0<\/p>\n<p>Pour finir, Alen\u00e7on avait demand\u00e9 au CNOSF d\u2019\u00eatre int\u00e9gr\u00e9 en NF1. Aucune communication publique n\u2019a \u00e9t\u00e9 faite, ni du c\u00f4t\u00e9 du club, ni du c\u00f4te du CNOSF.<\/p>\n<p>\u00a0<\/p>\n","protected":false},"excerpt":{"rendered":"Le calendrier est disponible\u00a9FFBB \u00a0 La FFBB a communiqu\u00e9 sur le calendrier de Ligue 2. Il est disponible&hellip;\n","protected":false},"author":2,"featured_media":287760,"comment_status":"","ping_status":"","sticky":false,"template":"","format":"standard","meta":{"footnotes":""},"categories":[1414],"tags":[1465,1464,1011,27,446,60],"class_list":{"0":"post-287759","1":"post","2":"type-post","3":"status-publish","4":"format-standard","5":"has-post-thumbnail","7":"category-basket","8":"tag-basket","9":"tag-basketball","10":"tag-fr","11":"tag-france","12":"tag-ligue-2","13":"tag-sports"},"share_on_mastodon":{"url":"https:\/\/pubeurope.com\/@fr\/114950446061759972","error":""},"_links":{"self":[{"href":"https:\/\/www.europesays.com\/fr\/wp-json\/wp\/v2\/posts\/287759","targetHints":{"allow":["GET"]}}],"collection":[{"href":"https:\/\/www.europesays.com\/fr\/wp-json\/wp\/v2\/posts"}],"about":[{"href":"https:\/\/www.europesays.com\/fr\/wp-json\/wp\/v2\/types\/post"}],"author":[{"embeddable":true,"href":"https:\/\/www.europesays.com\/fr\/wp-json\/wp\/v2\/users\/2"}],"replies":[{"embeddable":true,"href":"https:\/\/www.europesays.com\/fr\/wp-json\/wp\/v2\/comments?post=287759"}],"version-history":[{"count":0,"href":"https:\/\/www.europesays.com\/fr\/wp-json\/wp\/v2\/posts\/287759\/revisions"}],"wp:featuredmedia":[{"embeddable":true,"href":"https:\/\/www.europesays.com\/fr\/wp-json\/wp\/v2\/media\/287760"}],"wp:attachment":[{"href":"https:\/\/www.europesays.com\/fr\/wp-json\/wp\/v2\/media?parent=287759"}],"wp:term":[{"taxonomy":"category","embeddable":true,"href":"https:\/\/www.europesays.com\/fr\/wp-json\/wp\/v2\/categories?post=287759"},{"taxonomy":"post_tag","embeddable":true,"href":"https:\/\/www.europesays.com\/fr\/wp-json\/wp\/v2\/tags?post=287759"}],"curies":[{"name":"wp","href":"https:\/\/api.w.org\/{rel}","templated":true}]}}