{"id":287796,"date":"2025-07-31T23:49:18","date_gmt":"2025-07-31T23:49:18","guid":{"rendered":"https:\/\/www.europesays.com\/fr\/287796\/"},"modified":"2025-07-31T23:49:18","modified_gmt":"2025-07-31T23:49:18","slug":"quel-avenir-pour-benjamin-bouchouari-a-lasse","status":"publish","type":"post","link":"https:\/\/www.europesays.com\/fr\/287796\/","title":{"rendered":"quel avenir pour Benjamin Bouchouari \u00e0 l&rsquo;ASSE ?"},"content":{"rendered":"<p>Il fait partie des joueurs de l&rsquo;ASSE qui n&rsquo;ont pris part \u00e0 aucune rencontre de pr\u00e9paration. <a href=\"https:\/\/www.ledauphine.com\/p\/benjamin-bouchouari\" target=\"_blank\" rel=\"noopener\">Benjamin Bouchouari<\/a>, le milieu de terrain des Verts, est au c\u0153ur du mercato.<\/p>\n<p>Longtemps annonc\u00e9 du c\u00f4t\u00e9 de la Turquie, le Marocain de 23 ans voit son dossier \u00eatre au point mort <a href=\"https:\/\/www.footmercato.net\/a8351157749597041960-trabzonspor-negociations-a-larret-pour-bouchouari\" target=\"_blank\" rel=\"noopener\">selon les derni\u00e8res informations de Foot Mercato<\/a>. Selon ce m\u00eame m\u00e9dia sp\u00e9cialis\u00e9 dans le march\u00e9 des transferts, \u00ab\u00a0un gros club fran\u00e7ais est entr\u00e9 dans la danse ces derni\u00e8res pour tenter de r\u00e9cup\u00e9rer l&rsquo;international marocain \u00bb.<\/p>\n<p>Pour rappel la semaine derni\u00e8re, la presse turque \u00e9voquait une offre comprise entre 3,5 et 4,5 millions d&rsquo;euros de la part de Trabzonspor pour s&rsquo;offrir les services du joueur estim\u00e9 \u00e0 5 millions d&rsquo;euros par le site <a href=\"https:\/\/www.transfermarkt.fr\/benjamin-bouchouari\/profil\/spieler\/783094\" target=\"_blank\" rel=\"noopener\">Transfermarkt<\/a>.<\/p>\n","protected":false},"excerpt":{"rendered":"Il fait partie des joueurs de l&rsquo;ASSE qui n&rsquo;ont pris part \u00e0 aucune rencontre de pr\u00e9paration. Benjamin Bouchouari,&hellip;\n","protected":false},"author":2,"featured_media":287797,"comment_status":"","ping_status":"","sticky":false,"template":"","format":"standard","meta":{"footnotes":""},"categories":[9653],"tags":[1111,11,9443,2430,1777,674,1701,63,1011,27,7020,12636,3367,23100,12,25,4001,517,1947],"class_list":{"0":"post-287796","1":"post","2":"type-post","3":"status-publish","4":"format-standard","5":"has-post-thumbnail","7":"category-saint-etienne","8":"tag-actu","9":"tag-actualites","10":"tag-asse-as-saint-etienne","11":"tag-auvergne-rhone-alpes","12":"tag-eu","13":"tag-europe","14":"tag-fil-info-sport","15":"tag-football","16":"tag-fr","17":"tag-france","18":"tag-ligue-1-football","19":"tag-ligue-2-football","20":"tag-loire","21":"tag-mercato-football","22":"tag-news","23":"tag-republique-francaise","24":"tag-saint-etienne","25":"tag-sport","26":"tag-sport-national"},"share_on_mastodon":{"url":"https:\/\/pubeurope.com\/@fr\/114950528199091327","error":""},"_links":{"self":[{"href":"https:\/\/www.europesays.com\/fr\/wp-json\/wp\/v2\/posts\/287796","targetHints":{"allow":["GET"]}}],"collection":[{"href":"https:\/\/www.europesays.com\/fr\/wp-json\/wp\/v2\/posts"}],"about":[{"href":"https:\/\/www.europesays.com\/fr\/wp-json\/wp\/v2\/types\/post"}],"author":[{"embeddable":true,"href":"https:\/\/www.europesays.com\/fr\/wp-json\/wp\/v2\/users\/2"}],"replies":[{"embeddable":true,"href":"https:\/\/www.europesays.com\/fr\/wp-json\/wp\/v2\/comments?post=287796"}],"version-history":[{"count":0,"href":"https:\/\/www.europesays.com\/fr\/wp-json\/wp\/v2\/posts\/287796\/revisions"}],"wp:featuredmedia":[{"embeddable":true,"href":"https:\/\/www.europesays.com\/fr\/wp-json\/wp\/v2\/media\/287797"}],"wp:attachment":[{"href":"https:\/\/www.europesays.com\/fr\/wp-json\/wp\/v2\/media?parent=287796"}],"wp:term":[{"taxonomy":"category","embeddable":true,"href":"https:\/\/www.europesays.com\/fr\/wp-json\/wp\/v2\/categories?post=287796"},{"taxonomy":"post_tag","embeddable":true,"href":"https:\/\/www.europesays.com\/fr\/wp-json\/wp\/v2\/tags?post=287796"}],"curies":[{"name":"wp","href":"https:\/\/api.w.org\/{rel}","templated":true}]}}