{"id":287800,"date":"2025-07-31T23:53:10","date_gmt":"2025-07-31T23:53:10","guid":{"rendered":"https:\/\/www.europesays.com\/fr\/287800\/"},"modified":"2025-07-31T23:53:10","modified_gmt":"2025-07-31T23:53:10","slug":"evenos-inaugure-son-nouveau-poste-de-relevage-des-eaux-usees-sans-hausse-des-factures","status":"publish","type":"post","link":"https:\/\/www.europesays.com\/fr\/287800\/","title":{"rendered":"Evenos inaugure son nouveau poste de relevage des eaux us\u00e9es, sans hausse des factures"},"content":{"rendered":"\n<p>Initi\u00e9 en 2019, le projet de modification du refoulement des eaux us\u00e9es d\u2019Evenos est arriv\u00e9 \u00e0 son terme. Depuis plus de 50\u00a0ans, elles \u00e9taient collect\u00e9es et drain\u00e9es vers la station d\u2019\u00e9puration de Toulon Ouest via une conduite qui parcourt les gorges d\u2019Ollioules et les berges de la Reppe, occasionnant des risques de pollution. Qui plus est, cette derni\u00e8re, v\u00e9tuste et d\u2019un faible diam\u00e8tre, et son collecteur, ne convenaient plus aux usages actuels, pr\u00e9sentant des obstructions fr\u00e9quentes. Apr\u00e8s le remplacement de celle-ci en 2019, la seconde phase du projet, port\u00e9e par l\u2019agglom\u00e9ration sud Sainte-Baume, qui consistait en la cr\u00e9ation d\u2019un poste de relevage, aura co\u00fbt\u00e9 825\u00a0000\u00a0euros, (179\u00a0250\u00a0euros de l\u2019\u00c9tat, 298\u00a0126\u00a0euros de l\u2019Agence de l\u2019eau).<\/p>\n<p> Pas de hausse des factures\n              <\/p>\n<p>\u00ab\u00a0Seule, Evenos n\u2019aurait pas pu effectuer ces travaux, trop co\u00fbteux pour une commune de cette taille. Nous avons entre les neuf villes de l\u2019agglom\u00e9ration, un avenir commun pour b\u00e2tir et d\u00e9fendre l\u2019avenir de notre territoire\u00a0\u00bb, a rappel\u00e9 le pr\u00e9sident de la communaut\u00e9 d\u2019agglom\u00e9ration Sud Sainte-Baume, Jean-Paul Joseph.<\/p>\n<p>Contrairement au cas du Beausset, o\u00f9 les habitants subissent notamment le co\u00fbt des travaux sur le r\u00e9seau de distribution, ces travaux ne se r\u00e9percuteront pas sur les factures d\u2019eau, assure la communaut\u00e9 d\u2019agglom\u00e9ration, celle-ci gardant la comp\u00e9tence de l\u2019assainissement de l\u2019eau.<\/p>\n","protected":false},"excerpt":{"rendered":"Initi\u00e9 en 2019, le projet de modification du refoulement des eaux us\u00e9es d\u2019Evenos est arriv\u00e9 \u00e0 son terme.&hellip;\n","protected":false},"author":2,"featured_media":287801,"comment_status":"","ping_status":"","sticky":false,"template":"","format":"standard","meta":{"footnotes":""},"categories":[9619],"tags":[1111,11,12125,1777,674,1011,27,12,882,25,2310],"class_list":{"0":"post-287800","1":"post","2":"type-post","3":"status-publish","4":"format-standard","5":"has-post-thumbnail","7":"category-toulon","8":"tag-actu","9":"tag-actualites","10":"tag-adam-benhammouda","11":"tag-eu","12":"tag-europe","13":"tag-fr","14":"tag-france","15":"tag-news","16":"tag-provence-alpes-cote-dazur","17":"tag-republique-francaise","18":"tag-toulon"},"share_on_mastodon":{"url":"https:\/\/pubeurope.com\/@fr\/114950543894824236","error":""},"_links":{"self":[{"href":"https:\/\/www.europesays.com\/fr\/wp-json\/wp\/v2\/posts\/287800","targetHints":{"allow":["GET"]}}],"collection":[{"href":"https:\/\/www.europesays.com\/fr\/wp-json\/wp\/v2\/posts"}],"about":[{"href":"https:\/\/www.europesays.com\/fr\/wp-json\/wp\/v2\/types\/post"}],"author":[{"embeddable":true,"href":"https:\/\/www.europesays.com\/fr\/wp-json\/wp\/v2\/users\/2"}],"replies":[{"embeddable":true,"href":"https:\/\/www.europesays.com\/fr\/wp-json\/wp\/v2\/comments?post=287800"}],"version-history":[{"count":0,"href":"https:\/\/www.europesays.com\/fr\/wp-json\/wp\/v2\/posts\/287800\/revisions"}],"wp:featuredmedia":[{"embeddable":true,"href":"https:\/\/www.europesays.com\/fr\/wp-json\/wp\/v2\/media\/287801"}],"wp:attachment":[{"href":"https:\/\/www.europesays.com\/fr\/wp-json\/wp\/v2\/media?parent=287800"}],"wp:term":[{"taxonomy":"category","embeddable":true,"href":"https:\/\/www.europesays.com\/fr\/wp-json\/wp\/v2\/categories?post=287800"},{"taxonomy":"post_tag","embeddable":true,"href":"https:\/\/www.europesays.com\/fr\/wp-json\/wp\/v2\/tags?post=287800"}],"curies":[{"name":"wp","href":"https:\/\/api.w.org\/{rel}","templated":true}]}}