{"id":287806,"date":"2025-07-31T23:58:04","date_gmt":"2025-07-31T23:58:04","guid":{"rendered":"https:\/\/www.europesays.com\/fr\/287806\/"},"modified":"2025-07-31T23:58:04","modified_gmt":"2025-07-31T23:58:04","slug":"8eme-ceremonie-du-label-ville-active-et-sportive-a-rouen-metropole-andes-association-nationale-des-elus-en-charge-du-sport","status":"publish","type":"post","link":"https:\/\/www.europesays.com\/fr\/287806\/","title":{"rendered":"8\u00e8me C\u00e9r\u00e9monie du Label Ville Active et Sportive \u00e0 Rouen M\u00e9tropole \u2013 ANDES \u2013 Association Nationale des Elus en charge du Sport"},"content":{"rendered":"<p>\ud83d\udc5f\ud83c\udfc5 La 8\u00e8me c\u00e9r\u00e9monie de remise du label Ville Active &amp; Sportive s\u2019est tenu le 10 octobre dernier, au sein du Kindarena de Rouen.<\/p>\n<p>Tout au long de la journ\u00e9e et en amont du point d\u2019orgue c\u00e9l\u00e9brant les laur\u00e9ats 2024, de riches \u00e9changes ont pu avoir lieu en pl\u00e9ni\u00e8re et au sein du salon des partenaires.<\/p>\n<p>Apr\u00e8s le discours d\u2019ouverture de Patrick APPERE en tant que Pr\u00e9sident, une pr\u00e9sentation des membres fondateurs de ce label a \u00e9t\u00e9 effectu\u00e9e\u00a0: l\u2019Union Sport et Cycle par la voix de Carole MARCOU, et l\u2019ANDES par une pr\u00e9sentation d\u00e9taill\u00e9e de l\u2019association. Anim\u00e9 par Marie-No\u00eblle FLEURY et Rapha\u00ebl BLANCHARD, Vice-Pr\u00e9sident.e.s de l\u2019association, ce temps d\u00e9di\u00e9 a permis d\u2019entrer dans les d\u00e9tails des services que propose notre r\u00e9seau \u00e0 ses adh\u00e9rents\u00a0: centre de ressources, lieu de partage, application, \u00e9v\u00e8nements, \u2026<\/p>\n<p>C\u2019est ainsi que Mustapha MZARI-ROSSI, r\u00e9f\u00e9rent r\u00e9gional pour la Normandie, et Catherine BUGADA, r\u00e9f\u00e9rente d\u00e9partementale pour le Jura, ont fait part de leur t\u00e9moignage de l\u2019int\u00e9r\u00eat que rev\u00eat le r\u00e9seau ANDES pour la mise en place d\u2019une politique sportive locale au quotidien.<\/p>\n<p>Dans un second temps a eu lieu la pr\u00e9sentation de l\u2019\u00e9tude \u00ab\u00a0Sport dans la Ville\u00a0\u00bb confirmant les tendances de pratique dans les territoires, avec une app\u00e9tence particuli\u00e8re pour les pratiques libres, au sein d\u2019\u00e9quipements de proximit\u00e9, tout en pointant la n\u00e9cessit\u00e9 de cr\u00e9er un h\u00e9ritage durable post Jeux Olympiques et Paralympiques.<\/p>\n<p>Autour de ces sujets et soucieux de s\u2019engager ensemble en faveur du d\u00e9veloppement de la pratique partout et pour toutes et tous, des tables rondes ont pu se tenir r\u00e9unissant\u00a0:<\/p>\n<ul class=\"wp-block-list\">\n<li>Augustin ROCHMANN, Natural Grass<\/li>\n<li>Sylvie ROZETTE, Adjointe au Maire de Limoges<\/li>\n<li>Aur\u00e9lie LEMOUZT, Comit\u00e9 International Olympique<\/li>\n<li>Fr\u00e9d\u00e9ric SANAUR, Agence nationale du Sport<\/li>\n<li>Gr\u00e9gory DE RADIGUES, Union Sport &amp; Cycle<\/li>\n<li>Patrick APPERE, ANDES<\/li>\n<\/ul>\n<p>La C\u00e9r\u00e9monie de remise du label aux 172 communes laur\u00e9ates s\u2019est tenue (<a href=\"https:\/\/admin.andes.fr\/data\/fm\/2024_10_11_-_CP_Ceremonie_Label_VAS_2024_VF.pdf\" target=\"_blank\" rel=\"noreferrer noopener nofollow\">retrouvez ici le communiqu\u00e9 de presse<\/a> en pr\u00e9sence de Monsieur le Ministre des Sports, de la Jeunesse et de la Vie Associative, Gil AVEROUS, qui a pu s\u2019exprimer quant au premi\u00e8res orientations budg\u00e9taires, apportant des \u00e9l\u00e9ments de lecture quant aux baisses annonc\u00e9es, et affirmer son soutien aux collectivit\u00e9s locales \u0153uvrant en faveur du d\u00e9veloppement de la pratique dans les territoires, notamment au travers de l\u2019\u00e9laboration des projets sportifs locaux.<\/p>\n<p><a href=\"https:\/\/www.linkedin.com\/company\/ministere-des-sports-de-la-jeunesse-et-de-la-vie-associative\/\" rel=\"nofollow noopener\" target=\"_blank\">Minist\u00e8re des Sports, de la Jeunesse et de la Vie associative<\/a>, <a href=\"https:\/\/www.linkedin.com\/in\/gilaverous\/\" rel=\"nofollow noopener\" target=\"_blank\">Gil Av\u00e9rous<\/a>, <a href=\"https:\/\/www.linkedin.com\/in\/david-lamiray-5ba25b75\/\" rel=\"nofollow noopener\" target=\"_blank\">David Lamiray<\/a>, <a href=\"https:\/\/www.linkedin.com\/company\/metropole-rouen-normandie\/\" rel=\"nofollow noopener\" target=\"_blank\">M\u00e9tropole Rouen Normandie<\/a>, <a href=\"https:\/\/www.linkedin.com\/company\/agencedusport\/\" rel=\"nofollow noopener\" target=\"_blank\">Agence nationale du Sport<\/a>, <a href=\"https:\/\/www.linkedin.com\/in\/fr%C3%A9d%C3%A9ric-sanaur-77b21b9a\/\" rel=\"nofollow noopener\" target=\"_blank\">Fr\u00e9d\u00e9ric Sanaur<\/a>, <a href=\"https:\/\/www.linkedin.com\/in\/aur%C3%A9lie-lemouzy-9a055b43\/\" rel=\"nofollow noopener\" target=\"_blank\">Aur\u00e9lie LEMOUZY<\/a>, <a href=\"https:\/\/www.linkedin.com\/company\/union-sport-&amp;-cycle\/\" rel=\"nofollow noopener\" target=\"_blank\">UNION Sport &amp; Cycle<\/a>, <a href=\"https:\/\/www.linkedin.com\/in\/gderadigues\/\" rel=\"nofollow noopener\" target=\"_blank\">Gregory de Radigu\u00e8s<\/a><\/p>\n<p><img fetchpriority=\"high\" decoding=\"async\" width=\"1024\" height=\"682\" src=\"https:\/\/www.europesays.com\/fr\/wp-content\/uploads\/2025\/07\/10102024-_LOP1027-1024x682.jpg\" alt=\"\" class=\"wp-image-10299632\"  \/>Patrick APPERE, Pr\u00e9sident de l\u2019ANDES, Pr\u00e9sident du Label \u00ab\u00a0Ville Active et Sportive\u00a0\u00bb et Adjoint au maire de Brest (29)<\/p>\n","protected":false},"excerpt":{"rendered":"\ud83d\udc5f\ud83c\udfc5 La 8\u00e8me c\u00e9r\u00e9monie de remise du label Ville Active &amp; Sportive s\u2019est tenu le 10 octobre dernier,&hellip;\n","protected":false},"author":2,"featured_media":287807,"comment_status":"","ping_status":"","sticky":false,"template":"","format":"standard","meta":{"footnotes":""},"categories":[9587],"tags":[1111,11,1777,674,1011,27,12,5161,25,9590],"class_list":{"0":"post-287806","1":"post","2":"type-post","3":"status-publish","4":"format-standard","5":"has-post-thumbnail","7":"category-rouen","8":"tag-actu","9":"tag-actualites","10":"tag-eu","11":"tag-europe","12":"tag-fr","13":"tag-france","14":"tag-news","15":"tag-normandie","16":"tag-republique-francaise","17":"tag-rouen"},"share_on_mastodon":{"url":"https:\/\/pubeurope.com\/@fr\/114950563661860997","error":""},"_links":{"self":[{"href":"https:\/\/www.europesays.com\/fr\/wp-json\/wp\/v2\/posts\/287806","targetHints":{"allow":["GET"]}}],"collection":[{"href":"https:\/\/www.europesays.com\/fr\/wp-json\/wp\/v2\/posts"}],"about":[{"href":"https:\/\/www.europesays.com\/fr\/wp-json\/wp\/v2\/types\/post"}],"author":[{"embeddable":true,"href":"https:\/\/www.europesays.com\/fr\/wp-json\/wp\/v2\/users\/2"}],"replies":[{"embeddable":true,"href":"https:\/\/www.europesays.com\/fr\/wp-json\/wp\/v2\/comments?post=287806"}],"version-history":[{"count":0,"href":"https:\/\/www.europesays.com\/fr\/wp-json\/wp\/v2\/posts\/287806\/revisions"}],"wp:featuredmedia":[{"embeddable":true,"href":"https:\/\/www.europesays.com\/fr\/wp-json\/wp\/v2\/media\/287807"}],"wp:attachment":[{"href":"https:\/\/www.europesays.com\/fr\/wp-json\/wp\/v2\/media?parent=287806"}],"wp:term":[{"taxonomy":"category","embeddable":true,"href":"https:\/\/www.europesays.com\/fr\/wp-json\/wp\/v2\/categories?post=287806"},{"taxonomy":"post_tag","embeddable":true,"href":"https:\/\/www.europesays.com\/fr\/wp-json\/wp\/v2\/tags?post=287806"}],"curies":[{"name":"wp","href":"https:\/\/api.w.org\/{rel}","templated":true}]}}