{"id":287810,"date":"2025-08-01T00:04:10","date_gmt":"2025-08-01T00:04:10","guid":{"rendered":"https:\/\/www.europesays.com\/fr\/287810\/"},"modified":"2025-08-01T00:04:10","modified_gmt":"2025-08-01T00:04:10","slug":"previsions-du-vendredi-1-aout-2025-4","status":"publish","type":"post","link":"https:\/\/www.europesays.com\/fr\/287810\/","title":{"rendered":"pr\u00e9visions du vendredi 1 ao\u00fbt 2025"},"content":{"rendered":"<p>Rennes aura le plaisir de pouvoir profiter d&rsquo;une superbe journ\u00e9e ensoleill\u00e9e. Il fera en moyenne 19\u00b0C. Le matin, une petite brise de nord sera ressentie par les habitants. Les temp\u00e9ratures seront de 21\u00b0C au plus bas et de 25\u00b0C au plus haut l&rsquo;apr\u00e8s-midi. La ville sera touch\u00e9e par un vent de nord-ouest de 25 km\/h. Le soir, le thermom\u00e8tre affichera 17\u00b0C en moyenne. C&rsquo;est un ciel clair que conna\u00eetra la nuit de vendredi \u00e0 samedi.<\/p>\n<p>Demain, un important soleil brillera sur Rennes. Le mercure va baisser de quelques degr\u00e9s. Il va faire 18\u00b0C en moyenne. Un vent de nord-ouest rafra\u00eechira quelque peu l&rsquo;atmosph\u00e8re. Dans la matin\u00e9e, les temp\u00e9ratures seront de 19\u00b0C. Le temps va se r\u00e9chauffer demain apr\u00e8s-midi avec une hausse de plusieurs degr\u00e9s. Les valeurs seront comprises entre 22\u00b0C et 24\u00b0C. Demain soir, on anticipe des temp\u00e9ratures avoisinant 17\u00b0C.<\/p>\n<p>Les jours passent et se ressemblent. Il va faire un temps relativement ensoleill\u00e9 avec des temp\u00e9ratures d&rsquo;environ 30\u00b0C.<\/p>\n<p><\/p>\n","protected":false},"excerpt":{"rendered":"Rennes aura le plaisir de pouvoir profiter d&rsquo;une superbe journ\u00e9e ensoleill\u00e9e. Il fera en moyenne 19\u00b0C. Le matin,&hellip;\n","protected":false},"author":2,"featured_media":287811,"comment_status":"","ping_status":"","sticky":false,"template":"","format":"standard","meta":{"footnotes":""},"categories":[2821],"tags":[1111,11,829,1777,674,1011,27,848,12,2119,584,25],"class_list":{"0":"post-287810","1":"post","2":"type-post","3":"status-publish","4":"format-standard","5":"has-post-thumbnail","7":"category-rennes","8":"tag-actu","9":"tag-actualites","10":"tag-bretagne","11":"tag-eu","12":"tag-europe","13":"tag-fr","14":"tag-france","15":"tag-ille-et-vilaine","16":"tag-news","17":"tag-previsions-meteo","18":"tag-rennes","19":"tag-republique-francaise"},"share_on_mastodon":{"url":"https:\/\/pubeurope.com\/@fr\/114950587444787522","error":""},"_links":{"self":[{"href":"https:\/\/www.europesays.com\/fr\/wp-json\/wp\/v2\/posts\/287810","targetHints":{"allow":["GET"]}}],"collection":[{"href":"https:\/\/www.europesays.com\/fr\/wp-json\/wp\/v2\/posts"}],"about":[{"href":"https:\/\/www.europesays.com\/fr\/wp-json\/wp\/v2\/types\/post"}],"author":[{"embeddable":true,"href":"https:\/\/www.europesays.com\/fr\/wp-json\/wp\/v2\/users\/2"}],"replies":[{"embeddable":true,"href":"https:\/\/www.europesays.com\/fr\/wp-json\/wp\/v2\/comments?post=287810"}],"version-history":[{"count":0,"href":"https:\/\/www.europesays.com\/fr\/wp-json\/wp\/v2\/posts\/287810\/revisions"}],"wp:featuredmedia":[{"embeddable":true,"href":"https:\/\/www.europesays.com\/fr\/wp-json\/wp\/v2\/media\/287811"}],"wp:attachment":[{"href":"https:\/\/www.europesays.com\/fr\/wp-json\/wp\/v2\/media?parent=287810"}],"wp:term":[{"taxonomy":"category","embeddable":true,"href":"https:\/\/www.europesays.com\/fr\/wp-json\/wp\/v2\/categories?post=287810"},{"taxonomy":"post_tag","embeddable":true,"href":"https:\/\/www.europesays.com\/fr\/wp-json\/wp\/v2\/tags?post=287810"}],"curies":[{"name":"wp","href":"https:\/\/api.w.org\/{rel}","templated":true}]}}