{"id":287814,"date":"2025-08-01T00:06:11","date_gmt":"2025-08-01T00:06:11","guid":{"rendered":"https:\/\/www.europesays.com\/fr\/287814\/"},"modified":"2025-08-01T00:06:11","modified_gmt":"2025-08-01T00:06:11","slug":"previsions-du-vendredi-1-aout-2025-5","status":"publish","type":"post","link":"https:\/\/www.europesays.com\/fr\/287814\/","title":{"rendered":"pr\u00e9visions du vendredi 1 ao\u00fbt 2025"},"content":{"rendered":"<p>Aujourd&rsquo;hui, Strasbourg sera travers\u00e9e par de petites averses. Les temp\u00e9ratures tourneront autour des 19\u00b0C. Le matin, on anticipe des valeurs avoisinant 19\u00b0C. Un vent de sud-ouest soufflera doucement. Les temp\u00e9ratures s&rsquo;\u00e9chelonneront entre 21 et 22\u00b0C l&rsquo;apr\u00e8s-midi. On observera la pr\u00e9sence persistante de nuages le soir. Des pluies \u00e9parses sont pr\u00e9vues. Les temp\u00e9ratures tourneront autour des 18\u00b0C. Un ciel d\u00e9pourvu de nuages est pr\u00e9vu dans la nuit reliant vendredi et samedi.<\/p>\n<p>Une baisse des temp\u00e9ratures est attendue \u00e0 Strasbourg, demain. Il fera 18\u00b0C en moyenne. Un vent de nord-ouest rafra\u00eechira un peu l&rsquo;atmosph\u00e8re. Le soleil appara\u00eet l\u00e9g\u00e8rement le matin. Ces \u00e9claircies devraient ravir les habitants. Il va faire environ 18\u00b0C. Cet apr\u00e8s-midi sera synonyme de beau soleil. Les temp\u00e9ratures vont conna\u00eetre une hausse de plusieurs degr\u00e9s. Les valeurs afficheront entre 22\u00b0C et 23\u00b0C.<\/p>\n<p>Peu d&rsquo;\u00e9volutions au fil des jours. Il va faire un temps plut\u00f4t ensoleill\u00e9 avec des temp\u00e9ratures d&rsquo;environ 26\u00b0C.<\/p>\n<p><\/p>\n","protected":false},"excerpt":{"rendered":"Aujourd&rsquo;hui, Strasbourg sera travers\u00e9e par de petites averses. Les temp\u00e9ratures tourneront autour des 19\u00b0C. Le matin, on anticipe&hellip;\n","protected":false},"author":2,"featured_media":287815,"comment_status":"","ping_status":"","sticky":false,"template":"","format":"standard","meta":{"footnotes":""},"categories":[2820],"tags":[1111,11,2389,2649,1777,674,1011,27,775,12,2119,25,640],"class_list":{"0":"post-287814","1":"post","2":"type-post","3":"status-publish","4":"format-standard","5":"has-post-thumbnail","7":"category-strasbourg","8":"tag-actu","9":"tag-actualites","10":"tag-alsace","11":"tag-bas-rhin","12":"tag-eu","13":"tag-europe","14":"tag-fr","15":"tag-france","16":"tag-grand-est","17":"tag-news","18":"tag-previsions-meteo","19":"tag-republique-francaise","20":"tag-strasbourg"},"share_on_mastodon":{"url":"https:\/\/pubeurope.com\/@fr\/114950595858318030","error":""},"_links":{"self":[{"href":"https:\/\/www.europesays.com\/fr\/wp-json\/wp\/v2\/posts\/287814","targetHints":{"allow":["GET"]}}],"collection":[{"href":"https:\/\/www.europesays.com\/fr\/wp-json\/wp\/v2\/posts"}],"about":[{"href":"https:\/\/www.europesays.com\/fr\/wp-json\/wp\/v2\/types\/post"}],"author":[{"embeddable":true,"href":"https:\/\/www.europesays.com\/fr\/wp-json\/wp\/v2\/users\/2"}],"replies":[{"embeddable":true,"href":"https:\/\/www.europesays.com\/fr\/wp-json\/wp\/v2\/comments?post=287814"}],"version-history":[{"count":0,"href":"https:\/\/www.europesays.com\/fr\/wp-json\/wp\/v2\/posts\/287814\/revisions"}],"wp:featuredmedia":[{"embeddable":true,"href":"https:\/\/www.europesays.com\/fr\/wp-json\/wp\/v2\/media\/287815"}],"wp:attachment":[{"href":"https:\/\/www.europesays.com\/fr\/wp-json\/wp\/v2\/media?parent=287814"}],"wp:term":[{"taxonomy":"category","embeddable":true,"href":"https:\/\/www.europesays.com\/fr\/wp-json\/wp\/v2\/categories?post=287814"},{"taxonomy":"post_tag","embeddable":true,"href":"https:\/\/www.europesays.com\/fr\/wp-json\/wp\/v2\/tags?post=287814"}],"curies":[{"name":"wp","href":"https:\/\/api.w.org\/{rel}","templated":true}]}}