{"id":287816,"date":"2025-08-01T00:07:32","date_gmt":"2025-08-01T00:07:32","guid":{"rendered":"https:\/\/www.europesays.com\/fr\/287816\/"},"modified":"2025-08-01T00:07:32","modified_gmt":"2025-08-01T00:07:32","slug":"12-evenements-pour-profiter-de-lete-a-strasbourg-et-ses-environs","status":"publish","type":"post","link":"https:\/\/www.europesays.com\/fr\/287816\/","title":{"rendered":"12 \u00e9v\u00e9nements pour profiter de l\u2019\u00e9t\u00e9 \u00e0 Strasbourg et ses environs"},"content":{"rendered":"<p><b>Nous sommes en 50 avant la rentr\u00e9e. Toute la ville est occup\u00e9e par les vacances\u2026 Toute ? Non ! Une poign\u00e9e d\u2019irr\u00e9ductibles Strasbourgeois(es) r\u00e9siste encore et toujours \u00e0 la torpeur. Alors, pour les occuper, voil\u00e0 un agenda en mode \u00e9t\u00e9. Un peu light, mais toujours rafra\u00eechissant. Douze \u00e9v\u00e9nements pour danser, rire, jouer, apprendre ou cr\u00e9er.<\/b><\/p>\n<p>Les teufs et concerts<\/p>\n<p>October Tone x Phare Citadelle<\/p>\n<p>Comme une lueur dans l\u2019ennui, <b>le Phare Citadelle <\/b>nous propose pour secouer ce mois d\u2019ao\u00fbt endormi un featuring avec <b>le label strasbourgeois October Tone<\/b>.<\/p>\n<p><b>Ce vendredi 1er ao\u00fbt\u00a0: une soir\u00e9e exclusive avec la venue de Super Jet Kinoko<\/b>, un groupe de mushroom trance new wave originaire d\u2019Osaka (Japon). Un \u00ab\u00a0groupe rare et innovant [qui] a d\u00e9barqu\u00e9 sur la sc\u00e8ne comme une m\u00e9t\u00e9orite, devenant rapidement <b>un ph\u00e9nom\u00e8ne dans le circuit des f\u00eates<\/b>\u00a0\u00bb, aux <b>\u00ab\u00a0performances live \u00e0 couper le souffle\u00a0\u00bb<\/b>.<\/p>\n<p>Pour la touch\u2019 <b>October Tone<\/b>, ses poulains\u00a0: le groupe <b>Hermetic Delight <\/b>et sa \u00ab\u00a0pop qui cogne autant qu\u2019elle enlace, o\u00f9 la tension des guitares flirte avec l\u2019abandon des m\u00e9lodies\u00a0\u00bb, ainsi qu\u2019un set du flamboyant <b>Rachid Bowie <\/b>qui te fera vibrer sur sa d\u00e9licieuse vibe altpop.<b> <\/b><\/p>\n<p align=\"CENTER\"><b>Quand et o\u00f9\u00a0?<br \/><\/b>Vendredi 1er ao\u00fbt d\u00e8s 20h30<br \/>Au Phare Citadelle<br \/><a href=\"https:\/\/fb.me\/e\/3tpgAtNhW\" target=\"_blank\" rel=\"noopener\">L\u2019\u00e9v\u00e9nement Facebook<\/a><\/p>\n<p>                <img width=\"387\" height=\"500\" src=\"https:\/\/www.europesays.com\/fr\/wp-content\/uploads\/2025\/04\/img-9749-387x500.jpg\" class=\"attachment-gallery size-gallery\" alt=\"phare citadelle\" data-full-url=\"https:\/\/pokaa.fr\/wp-content\/uploads\/2025\/02\/11\/img-9749.jpg\" decoding=\"async\" loading=\"lazy\"  \/>            <\/p>\n<p>                <img width=\"375\" height=\"500\" src=\"https:\/\/www.europesays.com\/fr\/wp-content\/uploads\/2025\/05\/img-9342-375x500.jpeg\" class=\"attachment-gallery size-gallery\" alt=\"Phare citadelle\" data-full-url=\"https:\/\/pokaa.fr\/wp-content\/uploads\/2024\/09\/22\/img-9342.jpeg\" decoding=\"async\" loading=\"lazy\"  \/>            <\/p>\n<p>                <img width=\"691\" height=\"500\" src=\"https:\/\/www.europesays.com\/fr\/wp-content\/uploads\/2025\/05\/img-9754-691x500.jpg\" class=\"attachment-gallery size-gallery\" alt=\"phare citadelle\" data-full-url=\"https:\/\/pokaa.fr\/wp-content\/uploads\/2025\/02\/11\/img-9754.jpg\" decoding=\"async\" loading=\"lazy\"  \/>            <\/p>\n<p>                    1. 3. \u00a9 Coraline Lafon \/ Pokaa ; 2. \u00a9 Anthony Jilli \/ Pokaa<\/p>\n<p>Les Estivales de Brumath<\/p>\n<p>Avec un agenda culturel fort all\u00e9g\u00e9, il ne faut pas h\u00e9siter \u00e0 s\u2019aventurer hors de Strasbourg, l\u2019\u00e9t\u00e9. Depuis le mois dernier, <b>Brumath<\/b> nous invite d\u2019ailleurs \u00e0 ses Estivales. <b>Tous les vendredis dans la cour du Ch\u00e2teau, des concerts gratuits !<\/b><\/p>\n<p>Apr\u00e8s avoir re\u00e7u Two Magnets, Churchman ou le Balkan Express Orchestra, la ville nous fera d\u00e9couvrir <b>Joa And Anta<\/b> (pop, rock et vari\u00e9t\u00e9) et <b>Aurelle Key<\/b> (soul \/ blues) <b>ce vendredi 1er ao\u00fbt<\/b>\u00a0; et le <b>vendredi 8\u00a0: Roots And <\/b><strong>Soul<\/strong> (blues, soul, funk) et <b>Time To Tralo<\/b> (tribute de Supertramp).<\/p>\n<p align=\"CENTER\"><b>Quand et o\u00f9\u00a0?<br \/><\/b>Vendredis 1er et 8 ao\u00fbt d\u00e8s 19h<br \/>\u00c0 Brumath (cour du Ch\u00e2teau)<br \/><a href=\"https:\/\/fb.me\/e\/39m4AKq2Z\" target=\"_blank\" rel=\"noopener\">L\u2019\u00e9v\u00e9nement Facebook<\/a><\/p>\n<\/p>\n<p>Club Peut Etre \u00e0 la P\u00e9niche M\u00e9canique<\/p>\n<p>Lanc\u00e9 l\u2019\u00e9t\u00e9 dernier<b> \u00e0 la P\u00e9niche M\u00e9canique <\/b>(dans le cadre de ses \u00ab\u00a0Club Vacances\u00a0\u00bb), malgr\u00e9 son nom, il revient\u2026 Et \u00e7a, c\u2019est certain\u00a0: <b>le Club Peut Etre<\/b>. Aux manettes\u00a0? Le DJ strasbourgeois <b>Peut Etre <\/b>(La Finca, Magic Vision), qui s\u2019entoure de ses potes. Et <b>le vendredi 8<\/b>\u00a0: rebelote.<\/p>\n<p>Cette fois, pour l\u2019accompagner\u00a0: <b>Jeune Pousse <\/b>(La Finca), <b>Seedreak<\/b> (Magic Vision), ainsi que <b>Joey 808 <\/b>et <b>Sanon <\/b>de la team Flashball. Et on t\u2019a dit que c\u2019\u00e9tait <b>gratuit\u00a0<\/b>? (Alors\u00a0: tu viens, c\u2019est s\u00fbr ou bien, Peut Etre\u00a0?)<\/p>\n<p align=\"CENTER\"><b>Quand et o\u00f9\u00a0?<br \/><\/b>Vendredi 8 ao\u00fbt d\u00e8s 22h30<br \/>\u00c0 la P\u00e9niche M\u00e9canique<br \/><a href=\"https:\/\/fb.me\/e\/4q2sLXhjW\" target=\"_blank\" rel=\"noopener\">L\u2019\u00e9v\u00e9nement Facebook<\/a><\/p>\n<p>    <img width=\"800\" height=\"533\" src=\"https:\/\/www.europesays.com\/fr\/wp-content\/uploads\/2025\/08\/peut-etre-sophigraphie-800x533.jpg\" class=\"attachment-image-size-L size-image-size-L\" alt=\"Peut Etre + La Finca + Magic Vision\" decoding=\"async\" loading=\"lazy\"  \/>         Peut Etre (La Finca, Magic Vision). \u00a9 Sophigraphie \/ Document remis <\/p>\n<p>Phare en Fuego\u00a0: soir\u00e9e danse bachata et salsa<\/p>\n<p>\u00c7a va aussi chauffer fort au Phare Citadelle, <b>le 8 ao\u00fbt avec le \u00ab\u00a0Phare en Fuego\u00a0\u00bb<\/b>. Une soir\u00e9e latino organis\u00e9e par <b>Bailan\u2019y\u2019co<\/b>, pour danser <b>la bachata et la salsa<\/b>.<\/p>\n<p>Au programme\u00a0? <b>Des initiations <\/b>\u00e0 la bachata et la salsa, puis des <b>sessions de danse enflamm\u00e9es<\/b>.<\/p>\n<p align=\"CENTER\"><b>Quand et o\u00f9\u00a0?<br \/><\/b>Vendredi 8 ao\u00fbt d\u00e8s 19h<br \/>Au Phare Citadelle<br \/><a href=\"https:\/\/fb.me\/e\/4RhkZz83o\" target=\"_blank\" rel=\"noopener\">L\u2019\u00e9v\u00e9nement Facebook<\/a><\/p>\n<p>    <img width=\"800\" height=\"533\" src=\"https:\/\/www.europesays.com\/fr\/wp-content\/uploads\/2025\/08\/france-strasbourg-fete-de-la-musique-2025-wr-73-sur-84-800x533.jpg\" class=\"attachment-image-size-L size-image-size-L\" alt=\"F\u00eate la musique 2025, foule, ambiance, danse, sourire, Place de Zurich, nuit\" decoding=\"async\" loading=\"lazy\"  \/>         \u00a9 Wilfried Rion \/ Pokaa <\/p>\n<p>Tcharl et BR Alex \u00e0 L&rsquo;Or\u00e9e 85<\/p>\n<p>Pour veiller tard jusqu\u2019au <b>15 ao\u00fbt f\u00e9ri\u00e9<\/b>, si tu n\u2019es pas d\u00e9j\u00e0 parti(e) faire le pont\u00a0: viens profiter des sets de<b> Tcharl et Bjr Alex \u00e0 L\u2019Or\u00e9e 85, le jeudi 14<\/b>.<\/p>\n<p align=\"LEFT\">Les deux t\u2019invitent \u00e0 communier avec la nature environnante en vibrant sur de \u00ab\u00a0<b>douces m\u00e9lodies ambien<\/b><strong>t<\/strong> [qui] s\u2019entrem\u00ealent \u00e0 des percussions caverneuses, des ondes persistantes [qui] font place \u00e0 des <b>sonorit\u00e9s clubs lancinantes<\/b>\u00a0\u00bb.<\/p>\n<p align=\"CENTER\"><b>Quand et o\u00f9\u00a0?<br \/><\/b>Jeudi 14 ao\u00fbt d\u00e8s 21h<br \/>\u00c0 L\u2019Or\u00e9e 85<br \/><a href=\"https:\/\/fb.me\/e\/2uGLKZVPo\" target=\"_blank\" rel=\"noopener\">L\u2019\u00e9v\u00e9nement Facebook<\/a><\/p>\n<p>    <img width=\"473\" height=\"600\" src=\"https:\/\/www.europesays.com\/fr\/wp-content\/uploads\/2025\/08\/img-9761-473x600.jpg\" class=\"attachment-image-size-M size-image-size-M\" alt=\"or\u00e9e 85\" decoding=\"async\" loading=\"lazy\"  \/>         L&rsquo;Or\u00e9e 85. \u00a9 Coraline Lafon \/ Pokaa <\/p>\n<p>Les insolites<br \/>\nLes D\u00eeners Insolites en Alsace<\/p>\n<p align=\"LEFT\">Fine gueule\u00a0? Voil\u00e0 une petite note gourmande qui va te r\u00e9galer\u2026 Des sorties culinaires extraordinaires\u00a0: <b>Les D\u00eeners Insolites<\/b>.<b> <\/b>S\u2019il y en a jusqu\u2019en d\u00e9cembre et partout en Alsace, tu en trouveras quelques-uns \u00e0 te mettre sous la dent cet \u00e9t\u00e9.<\/p>\n<p align=\"LEFT\">Pour rappel\u00a0: tout d\u2019abord un <a href=\"https:\/\/www.visit.alsace\/213011519-diner-insolite-au-domaine-zeyssolff-la-nuit-des-etoiles\/\" target=\"_blank\" rel=\"noopener\">\u00ab d\u00eener insolite au Domaine Zeyssolff \u2013 <\/a><a href=\"https:\/\/www.visit.alsace\/213011519-diner-insolite-au-domaine-zeyssolff-la-nuit-des-etoiles\/\" target=\"_blank\" rel=\"noopener\"><b>La nuit des \u00e9toiles<\/b>\u00a0\u00bb<\/a>, <b>le 1er ao\u00fbt autour de Gertwiller.<\/b> Et <b>les 8 et 9 ao\u00fbt avec un <\/b><a href=\"https:\/\/www.visit.alsace\/213011535-diner-theatre-insolite-avec-le-chef-c-nalbanti-au-domaine-bores\/\" target=\"_blank\" rel=\"noopener\"><b>\u00ab d\u00eener-th\u00e9\u00e2tre insolite avec le chef C. Nalbanti au Domaine Bor\u00e8s \u00bb<\/b><\/a> pendant le festival Soirs \u00e0 Pressoirs (voir plus bas).<\/p>\n<p align=\"CENTER\"><strong>Quand et o\u00f9\u00a0?<br \/><\/strong>Toute l\u2019ann\u00e9e jusqu\u2019en d\u00e9cembre (prochains rendez-vous\u00a0: les 1er, 8 et 9 ao\u00fbt)<br \/>Dans des lieux insolites en Alsace<br \/><a href=\"https:\/\/www.visit.alsace\/vos-diners-insolites-en-alsace\/diners-insolites-en-alsace\/\" target=\"_blank\" rel=\"noopener\">+ d\u2019infos<\/a><\/p>\n<p>                <a href=\"https:\/\/pokaa.fr\/2025\/06\/22\/lieux-dexception-et-repas-de-cheffes-plus-de-20-diners-insolites-pour-redecouvrir-lalsace\/\" target=\"_blank\" rel=\"noopener\"><br \/>\n                    <img width=\"450\" height=\"270\" src=\"https:\/\/www.europesays.com\/fr\/wp-content\/uploads\/2025\/08\/b3-450x270.png\" class=\"attachment-card-horizontal--same-subject size-card-horizontal--same-subject wp-post-image\" alt=\"\" decoding=\"async\" loading=\"lazy\"\/>                <\/a><\/p>\n<p>    <img width=\"800\" height=\"450\" src=\"https:\/\/www.europesays.com\/fr\/wp-content\/uploads\/2025\/08\/vinszeyssolff-etoiles-800x450.jpg\" class=\"attachment-image-size-L size-image-size-L\" alt=\"Domaine Zeyssolff  + d\u00eeners insolites\" decoding=\"async\" loading=\"lazy\"  \/>         \u00ab\u00a0D\u00eener insolite au Domaine Zeyssolff &#8211; La nuit des \u00e9toiles\u00a0\u00bb. \u00a9 Vinszeyssolff \/ Document remis <\/p>\n<p>Muses &amp; Brunch\u00a0: La House of Marley \u00e0 l&rsquo;Art Caf\u00e9 (MAMCS)<\/p>\n<p>Pour toujours plus de craquant, gourmand et flamboyant\u00a0? Rendez-vous <b>demain\u2026 au mus\u00e9e !<\/b> <b>Car l<\/b><b>a House of Marley d\u00e9barque le samedi 2 ao\u00fbt en plein dans ton brunch<\/b>.<\/p>\n<p>Avec <b>\u00ab\u00a0Muses &amp; Brunch\u00a0\u00bb<\/b>, Ar\u00ef Meyde Marley, \u00c9b\u00ebne B\u00f6nda Marley, Melankh\u00f6lia Marley et N\u00f6x\u00efm\u00e4 Marley s\u2019invitent <b>\u00e0 l\u2019Art Caf\u00e9 au MAMCS<\/b> (Mus\u00e9e d\u2019art moderne et contemporain de Strasbourg) pour te servir un <b>drag show<\/b> sur un plateau. Au menu\u00a0? Des \u00ab\u00a0performances g\u00e9n\u00e9reuses, assum\u00e9es, qui transforment l\u2019instant en souvenirs picturaux\u00a0\u00bb.<\/p>\n<p align=\"CENTER\"><b>Quand et o\u00f9\u00a0?<br \/><\/b>Samedi 2 ao\u00fbt de 11h \u00e0 15h<br \/>\u00c0 l\u2019Art Caf\u00e9 au MAMCS (Mus\u00e9e d\u2019art moderne et contemporain de Strasbourg)<br \/><a href=\"https:\/\/www.facebook.com\/100069697478665\/posts\/1047822550884318\/?rdid=LeVEE4F4Zihmg8bv\" target=\"_blank\" rel=\"noopener\">+ d\u2019infos<\/a><\/p>\n<p>                <img width=\"400\" height=\"500\" src=\"https:\/\/www.europesays.com\/fr\/wp-content\/uploads\/2025\/08\/house-of-marley-credit-sprey-400x500.png\" class=\"attachment-gallery size-gallery\" alt=\"House_of_Marley_cr\u00e9dit_Sprey Divercity\" data-full-url=\"https:\/\/pokaa.fr\/wp-content\/uploads\/2025\/06\/23\/house-of-marley-credit-sprey.png\" decoding=\"async\" loading=\"lazy\"  \/>            <\/p>\n<p>                <img width=\"375\" height=\"500\" src=\"https:\/\/www.europesays.com\/fr\/wp-content\/uploads\/2025\/05\/img-3539-375x500.jpg\" class=\"attachment-gallery size-gallery\" alt=\"mus\u00e9e d\u2019art moderne\" data-full-url=\"https:\/\/pokaa.fr\/wp-content\/uploads\/2024\/07\/30\/img-3539.jpg\" decoding=\"async\" loading=\"lazy\"  \/>            <\/p>\n<p>                    1. La House of Marley. \u00a9 Sprey \/ Document remis ; 2. Le MAMCS. \u00a9 Coraline Lafon \/ Pokaa<\/p>\n<p>Diffusion Drag Race \u00e0 L&rsquo;Or\u00e9e 85<\/p>\n<p>On reste dans le th\u00e8me avec Drag Race France. Pour la diffusion de la 4e saison de l\u2019\u00e9mission (\u00e9dition All Stars), <b>\u00e0 L\u2019Or\u00e9e 85, \u00ab\u00a0Jeudi, c\u2019est Drag Race\u00a0\u00bb<\/b>.<\/p>\n<p><b>Tous les jeudis<\/b>, regarde les nouveaux \u00e9pisodes L\u00c9-GEN-DAIRES en bonne compagnie \u00ab\u00a0pour une soir\u00e9e haute en couleur \u00bb.<\/p>\n<p align=\"CENTER\"><b>Quand et o\u00f9\u00a0?<br \/><\/b>Les jeudis jusqu\u2019au 4 septembre de 20h \u00e0 23h (prochains rendez-vous\u00a0: jeudis 7 et 14 ao\u00fbt)<br \/>\u00c0 L\u2019Or\u00e9e 85<br \/><a href=\"https:\/\/fb.me\/e\/5V0N1dUFO\" target=\"_blank\" rel=\"noopener\">L\u2019\u00e9v\u00e9nement Facebook<\/a><\/p>\n<p>    <img width=\"457\" height=\"600\" src=\"https:\/\/www.europesays.com\/fr\/wp-content\/uploads\/2025\/08\/img-9758-457x600.jpg\" class=\"attachment-image-size-M size-image-size-M\" alt=\"or\u00e9e 85\" decoding=\"async\" loading=\"lazy\"  \/>         \u00a9 Coraline Lafon \/ Pokaa <\/p>\n<p>Soirs \u00e0 Pressoirs \u00e0 Reichsfeld<\/p>\n<p>Encore du show et de l\u2019originalit\u00e9 avec <b>Soirs \u00e0 Pressoirs<\/b>. <b>Un festival pluridisciplinaire cr\u00e9\u00e9 par la Compagnie des Insupport\u00e9s, \u00e0 Reichsfeld <\/b>(\u00e0 40 minutes de Strasbourg). \u00ab\u00a0Pour la dixi\u00e8me fois\u00a0\u00bb, celui-ci s\u2019installe <b>\u00ab\u00a0dans un cadre convivial de verdure, de vignes, de jardins et de for\u00eats\u00a0\u00bb<\/b>.<\/p>\n<p><b>Du 8 au 17 ao\u00fbt<\/b>\u00a0: des <b>spectacles, balades po\u00e9tiques, bal trad\u2019 et autres concerts <\/b>(Ispolin, La Voivrelle), <b>bingo, karaok\u00e9<\/b>\u2026 Ou encore <b>la pi\u00e8ce <\/b><b>\u00c0 la place d\u2019Alice <\/b><b>\u00e0 d\u00e9guster pendant un d\u00eener <\/b>dans un domaine viticole (organis\u00e9 avec les D\u00eeners Insolites). Autant de propositions curieuses pour s\u2019\u00e9vader dans leurs \u00ab\u00a0Mondes imaginaires\u00a0\u00bb.<\/p>\n<p align=\"CENTER\"><b>Quand et o\u00f9\u00a0?<br \/><\/b>Du 8 au 17 ao\u00fbt<br \/>\u00c0 Reichsfeld<br \/><a href=\"https:\/\/fb.me\/e\/6EW8J2bGj\" target=\"_blank\" rel=\"noopener\">L\u2019\u00e9v\u00e9nement Facebook<\/a><\/p>\n<p>                <img width=\"751\" height=\"500\" src=\"https:\/\/www.europesays.com\/fr\/wp-content\/uploads\/2025\/08\/insupportes-751x500.jpg\" class=\"attachment-gallery size-gallery\" alt=\"les insupport\u00e9s + soirs \u00e0 pressoirs\" data-full-url=\"https:\/\/pokaa.fr\/wp-content\/uploads\/2024\/07\/05\/insupportes.jpg\" decoding=\"async\" loading=\"lazy\"  \/>            <\/p>\n<p>                <img width=\"750\" height=\"500\" src=\"https:\/\/www.europesays.com\/fr\/wp-content\/uploads\/2025\/08\/chimere-s-insupportes-2-750x500.jpeg\" class=\"attachment-gallery size-gallery\" alt=\"les insupport\u00e9s + soirs \u00e0 pressoirs\" data-full-url=\"https:\/\/pokaa.fr\/wp-content\/uploads\/2024\/07\/05\/chimere-s-insupportes-2.jpeg\" decoding=\"async\" loading=\"lazy\"  \/>            <\/p>\n<p>                    Soirs \u00e0 Pressoirs. \u00a9 Les Insupport\u00e9s \/ Documents remis<\/p>\n<p>Les activit\u00e9s ludiques<br \/>\n\u00ab Schilick Ville \u00e0 jeux \u00bb \u00e0 Schiltigheim<\/p>\n<p>Ce n\u2019est pas nouveau mais \u00e7a t\u2019occupera d\u00e8s demain, si t\u2019es encore dans le coin\u00a0: <b>tous les premiers samedis du mois, Schiltigheim se transforme en \u00ab\u00a0Schilick Ville \u00e0 jeux\u00a0\u00bb <\/b>(en partenariat avec<b> <\/b>l\u2019association RECI).<\/p>\n<p>Au programme\u00a0: <b>des jeux de soci\u00e9t\u00e9, de plateau et d\u2019adresse, des animations<\/b>\u2026 Pour amuser toute la famille. Un bon plan <b>gratuit<\/b>, et en <b>apr\u00e8s-midi<\/b>.<\/p>\n<p align=\"CENTER\"><b>Quand et o\u00f9\u00a0?<br \/><\/b>Tous les premiers samedis du mois de 14h \u00e0 18h (prochain rendez-vous\u00a0: samedi 2 ao\u00fbt)<br \/>Aux Halles du Scilt \u00e0 Schiltigheim<br \/><a href=\"https:\/\/fb.me\/e\/907bw8mFB\" target=\"_blank\" rel=\"noopener\">L\u2019\u00e9v\u00e9nement Facebook<\/a><\/p>\n<p>    <img width=\"800\" height=\"533\" src=\"https:\/\/www.europesays.com\/fr\/wp-content\/uploads\/2025\/08\/cartes-magic-15.jpg\" class=\"attachment-image-size-L size-image-size-L\" alt=\"Cartes Magic (15)\" decoding=\"async\" loading=\"lazy\"  \/>         \u00a9 Mathilde Piaud \/ Pokaa <\/p>\n<p>Atelier broderie \u00e0 la Brasserie Bendorf<\/p>\n<p>L\u2019\u00e9t\u00e9, c\u2019est aussi l\u2019occasion de prendre le temps\u2026 Et d\u2019apprendre de nouvelles choses, tranquillement. Et \u00e7a tombe \u00e0 pic\u00a0: <b>la brasserie strasbourgeoise Bendorf organise ce samedi 2 ao\u00fbt des ateliers de broderie, et \u00e0 prix libre<\/b>\u00a0! Pour piquer juste, avec <b>Marie Marcelle<\/b>.<\/p>\n<p>L\u2019id\u00e9e\u00a0? Tu ram\u00e8nes ton T-shirt ou un tote-bag, et tu viens le pimper en y <b>brodant des fleurs de houblon et\/ou des chopes de bi\u00e8res<\/b>.<\/p>\n<p align=\"CENTER\"><b>Quand et o\u00f9\u00a0?<br \/><\/b>Samedi 2 ao\u00fbt \u00e0 partir de 14h<br \/>\u00c0 la brasserie Bendorf (Neudorf)<br \/><a href=\"https:\/\/fb.me\/e\/3xkfEB3A3\" target=\"_blank\" rel=\"noopener\">L\u2019\u00e9v\u00e9nement Facebook<\/a><\/p>\n<p>    <img width=\"800\" height=\"533\" src=\"https:\/\/www.europesays.com\/fr\/wp-content\/uploads\/2025\/08\/emmaus-mundo-4-800x533.jpg\" class=\"attachment-image-size-L size-image-size-L\" alt=\"Emmaus Mundo (4) couture\" decoding=\"async\" loading=\"lazy\"  \/>         \u00a9 Mathilde Piaud \/ Pokaa <\/p>\n<p>Atelier d&rsquo;italien \u00e0 Bravo\u00a0!<\/p>\n<p>Envie d\u2019aller \u00e0 Rome, Naples ou en Sicile, sans quitter la ville ? Pourquoi ne pas suivre <b>un cours d\u2019italien<\/b> cet \u00e9t\u00e9, entre deux spritz ? C\u2019est ce que propose <b>Bravo\u00a0! La Tavola Sociale<\/b>.<b> Tous les mercredis de 17h30 \u00e0 19h, c\u2019est l\u2019heure de l\u2019atelier gratuit\u00a0!<\/b><\/p>\n<p>L\u2019\u00e9cole est finie, et c\u2019est tant mieux\u00a0: \u00ab pas de manuels barbants, pas de prof qui te donne des devoirs\u2026 Ici, c\u2019est fun, convivial, et surtout, \u00e0 la sauce Bravo ! \u00bb nous promet-on. Viens <b>tchatcher avec Paolo<\/b>, et apprends les rudiments pour commander tes prochaines pastas\u00a0! Allez\u00a0: ciao\u00a0!<\/p>\n<p align=\"CENTER\"><b>Quand et o\u00f9\u00a0?<br \/><\/b>Tous les mercredis de 17h30 \u00e0 19h (prochains rendez-vous\u00a0: mercredis 6 et 13 ao\u00fbt)<br \/>\u00c0 Bravo ! La Tavola Sociale<br \/><a href=\"https:\/\/fb.me\/e\/3mVBHPkYM\" target=\"_blank\" rel=\"noopener\">L\u2019\u00e9v\u00e9nement Facebook<\/a><\/p>\n<p>                <img width=\"375\" height=\"500\" src=\"https:\/\/www.europesays.com\/fr\/wp-content\/uploads\/2025\/08\/image00002-1-scaled-e1716306946366-375x500.jpeg\" class=\"attachment-gallery size-gallery\" alt=\"Brasserie bravo trattoria planchette spritz\" data-full-url=\"https:\/\/pokaa.fr\/wp-content\/uploads\/2024\/05\/21\/image00002-1-1500x2000.jpeg\" decoding=\"async\" loading=\"lazy\"  \/>            <\/p>\n<p>                <img width=\"375\" height=\"500\" src=\"https:\/\/www.europesays.com\/fr\/wp-content\/uploads\/2025\/08\/brasserie-bravo-brunch-img-8713-375x500.jpeg\" class=\"attachment-gallery size-gallery\" alt=\"Brasserie bravo brunch IMG_8713\" data-full-url=\"https:\/\/pokaa.fr\/wp-content\/uploads\/2025\/03\/12\/brasserie-bravo-brunch-img-8713.jpeg\" decoding=\"async\" loading=\"lazy\"  \/>            <\/p>\n<p>                <img width=\"667\" height=\"500\" src=\"https:\/\/www.europesays.com\/fr\/wp-content\/uploads\/2025\/08\/image00014-667x500.jpeg\" class=\"attachment-gallery size-gallery\" alt=\"Bravo brasserie italienne aperotivo\" data-full-url=\"https:\/\/pokaa.fr\/wp-content\/uploads\/2024\/10\/21\/image00014.jpeg\" decoding=\"async\" loading=\"lazy\"  \/>            <\/p>\n<p>                    \u00a9 Bastien Pietronave \/ Pokaa<\/p>\n","protected":false},"excerpt":{"rendered":"Nous sommes en 50 avant la rentr\u00e9e. Toute la ville est occup\u00e9e par les vacances\u2026 Toute ? Non&hellip;\n","protected":false},"author":2,"featured_media":287817,"comment_status":"","ping_status":"","sticky":false,"template":"","format":"standard","meta":{"footnotes":""},"categories":[2820],"tags":[1111,11,4763,2389,4396,1697,20070,12084,16829,2883,1777,674,652,849,1011,27,775,326,1757,330,12,21919,3907,25,3140,640,4064],"class_list":{"0":"post-287816","1":"post","2":"type-post","3":"status-publish","4":"format-standard","5":"has-post-thumbnail","7":"category-strasbourg","8":"tag-actu","9":"tag-actualites","10":"tag-agenda","11":"tag-alsace","12":"tag-atelier","13":"tag-concert","14":"tag-diner","15":"tag-dj-set","16":"tag-drag-show","17":"tag-ete","18":"tag-eu","19":"tag-europe","20":"tag-famille","21":"tag-festival","22":"tag-fr","23":"tag-france","24":"tag-grand-est","25":"tag-gratuit","26":"tag-insolite","27":"tag-jeux","28":"tag-news","29":"tag-ou-sortir","30":"tag-que-faire","31":"tag-republique-francaise","32":"tag-spectacle","33":"tag-strasbourg","34":"tag-week-end"},"share_on_mastodon":{"url":"https:\/\/pubeurope.com\/@fr\/114950599479422036","error":""},"_links":{"self":[{"href":"https:\/\/www.europesays.com\/fr\/wp-json\/wp\/v2\/posts\/287816","targetHints":{"allow":["GET"]}}],"collection":[{"href":"https:\/\/www.europesays.com\/fr\/wp-json\/wp\/v2\/posts"}],"about":[{"href":"https:\/\/www.europesays.com\/fr\/wp-json\/wp\/v2\/types\/post"}],"author":[{"embeddable":true,"href":"https:\/\/www.europesays.com\/fr\/wp-json\/wp\/v2\/users\/2"}],"replies":[{"embeddable":true,"href":"https:\/\/www.europesays.com\/fr\/wp-json\/wp\/v2\/comments?post=287816"}],"version-history":[{"count":0,"href":"https:\/\/www.europesays.com\/fr\/wp-json\/wp\/v2\/posts\/287816\/revisions"}],"wp:featuredmedia":[{"embeddable":true,"href":"https:\/\/www.europesays.com\/fr\/wp-json\/wp\/v2\/media\/287817"}],"wp:attachment":[{"href":"https:\/\/www.europesays.com\/fr\/wp-json\/wp\/v2\/media?parent=287816"}],"wp:term":[{"taxonomy":"category","embeddable":true,"href":"https:\/\/www.europesays.com\/fr\/wp-json\/wp\/v2\/categories?post=287816"},{"taxonomy":"post_tag","embeddable":true,"href":"https:\/\/www.europesays.com\/fr\/wp-json\/wp\/v2\/tags?post=287816"}],"curies":[{"name":"wp","href":"https:\/\/api.w.org\/{rel}","templated":true}]}}