{"id":287819,"date":"2025-08-01T00:09:32","date_gmt":"2025-08-01T00:09:32","guid":{"rendered":"https:\/\/www.europesays.com\/fr\/287819\/"},"modified":"2025-08-01T00:09:32","modified_gmt":"2025-08-01T00:09:32","slug":"nice-lauteur-des-propos-antisemites-et-homophobes-sur-la-promenade-des-anglais-place-sous-controle-judiciaire","status":"publish","type":"post","link":"https:\/\/www.europesays.com\/fr\/287819\/","title":{"rendered":"Nice\u00a0: l\u2019auteur des propos antis\u00e9mites et homophobes sur la Promenade des Anglais plac\u00e9 sous contr\u00f4le judiciaire"},"content":{"rendered":"<p class=\"paragraph text_align_left lp-f-body-02\">Diffus\u00e9e et largement partag\u00e9e sur les r\u00e9seaux sociaux, la vid\u00e9o avait fait grand bruit. On entend un individu lancer : \u00ab Cours p\u00e9d\u00e9. Sale juif \u00bb. Les faits sont survenus le 23 juillet, sur la Promenade des Anglais, \u00e0 Nice (Alpes-Maritimes). Et ils avaient sans tarder entra\u00een\u00e9 <a href=\"https:\/\/www.leparisien.fr\/faits-divers\/sale-juif-indignation-apres-des-propos-antisemites-et-homophobes-a-nice-la-mairie-saisit-le-procureur-24-07-2025-SFNBV2YYFRBTBI5ICZK3WI3TSE.php\" target=\"_self\" rel=\"noopener\">une vague d\u2019indignation<\/a>, notamment de la part de personnalit\u00e9s politiques.<\/p>\n<p class=\"paragraph text_align_left lp-f-body-02\">Christian Estrosi, le maire de la ville, avait alors promis que \u00ab ce d\u00e9cha\u00eenement de haine ne restera(it) pas impuni \u00bb. Mardi, l\u2019\u00e9dile a annonc\u00e9 l\u2019interpellation du suspect et, ce jeudi, il affirme sur X que \u00ab l\u2019auteur des propos antis\u00e9mites et homophobes tenus sur la Promenade des Anglais a \u00e9t\u00e9 plac\u00e9 sous contr\u00f4le judiciaire \u00bb.<\/p>\n<p class=\"paragraph text_align_left lp-f-body-02\">Le maire de Nice pr\u00e9cise que l\u2019int\u00e9ress\u00e9 \u00ab sera jug\u00e9 pour injures publiques \u00e0 raison de la religion et injures publiques \u00e0 raison de l\u2019orientation sexuelle \u00bb.<\/p>\n<blockquote class=\"twitter-tweet\">\n<p lang=\"fr\" dir=\"ltr\">L\u2019auteur des propos antis\u00e9mites et homophobes tenus sur la Promenade des Anglais a \u00e9t\u00e9 plac\u00e9 sous contr\u00f4le judiciaire et sera jug\u00e9 pour injures publiques \u00e0 raison de la religion et injures publiques \u00e0 raison de l\u2019orientation sexuelle.  <\/p>\n<p>Je salue cette d\u00e9cision n\u00e9cessaire pour\u2026<\/p>\n<p>\u2014 Christian Estrosi (@cestrosi) <a href=\"https:\/\/twitter.com\/cestrosi\/status\/1950895718681464997?ref_src=twsrc%5Etfw\" target=\"_blank\" rel=\"noopener\">July 31, 2025<\/a><\/p><\/blockquote>\n<p class=\"paragraph text_align_left lp-f-body-02\">\u00ab Je salue cette d\u00e9cision n\u00e9cessaire pour rappeler que la haine n\u2019a pas sa place dans notre ville et notre pays. La R\u00e9publique doit r\u00e9pondre avec toute la fermet\u00e9 que de tels actes appellent \u00bb, \u00e9crit l\u2019\u00e9lu.<\/p>\n<p class=\"paragraph text_align_left lp-f-body-02\">Mardi, Christian Estrosi avait d\u00e9j\u00e0 appel\u00e9 la justice \u00e0 infliger \u00e0 l\u2019homme \u00ab une peine exemplaire, \u00e0 la hauteur de la gravit\u00e9 de ces actes \u00bb.<\/p>\n<p><script async src=\"https:\/\/platform.twitter.com\/widgets.js\" charset=\"utf-8\"><\/script><\/p>\n","protected":false},"excerpt":{"rendered":"Diffus\u00e9e et largement partag\u00e9e sur les r\u00e9seaux sociaux, la vid\u00e9o avait fait grand bruit. On entend un individu&hellip;\n","protected":false},"author":2,"featured_media":243264,"comment_status":"","ping_status":"","sticky":false,"template":"","format":"standard","meta":{"footnotes":""},"categories":[2819],"tags":[1111,11,6657,459,1777,674,118,1011,27,12,2401,882,25],"class_list":{"0":"post-287819","1":"post","2":"type-post","3":"status-publish","4":"format-standard","5":"has-post-thumbnail","7":"category-nice","8":"tag-actu","9":"tag-actualites","10":"tag-alpes-maritimes-06","11":"tag-departements-horsidfo","12":"tag-eu","13":"tag-europe","14":"tag-faits-divers","15":"tag-fr","16":"tag-france","17":"tag-news","18":"tag-nice","19":"tag-provence-alpes-cote-dazur","20":"tag-republique-francaise"},"share_on_mastodon":{"url":"https:\/\/pubeurope.com\/@fr\/114950606913280655","error":""},"_links":{"self":[{"href":"https:\/\/www.europesays.com\/fr\/wp-json\/wp\/v2\/posts\/287819","targetHints":{"allow":["GET"]}}],"collection":[{"href":"https:\/\/www.europesays.com\/fr\/wp-json\/wp\/v2\/posts"}],"about":[{"href":"https:\/\/www.europesays.com\/fr\/wp-json\/wp\/v2\/types\/post"}],"author":[{"embeddable":true,"href":"https:\/\/www.europesays.com\/fr\/wp-json\/wp\/v2\/users\/2"}],"replies":[{"embeddable":true,"href":"https:\/\/www.europesays.com\/fr\/wp-json\/wp\/v2\/comments?post=287819"}],"version-history":[{"count":0,"href":"https:\/\/www.europesays.com\/fr\/wp-json\/wp\/v2\/posts\/287819\/revisions"}],"wp:featuredmedia":[{"embeddable":true,"href":"https:\/\/www.europesays.com\/fr\/wp-json\/wp\/v2\/media\/243264"}],"wp:attachment":[{"href":"https:\/\/www.europesays.com\/fr\/wp-json\/wp\/v2\/media?parent=287819"}],"wp:term":[{"taxonomy":"category","embeddable":true,"href":"https:\/\/www.europesays.com\/fr\/wp-json\/wp\/v2\/categories?post=287819"},{"taxonomy":"post_tag","embeddable":true,"href":"https:\/\/www.europesays.com\/fr\/wp-json\/wp\/v2\/tags?post=287819"}],"curies":[{"name":"wp","href":"https:\/\/api.w.org\/{rel}","templated":true}]}}